{"id":119577,"date":"2026-01-20T23:18:38","date_gmt":"2026-01-21T05:18:38","guid":{"rendered":"https:\/\/www.noticiasperfil.com\/index\/?p=119577"},"modified":"2026-02-08T23:36:46","modified_gmt":"2026-02-09T05:36:46","slug":"gobierno-de-poza-rica-escucha-y-atiende-a-vecinos-de-la-colonia-vicente-herrera","status":"publish","type":"post","link":"https:\/\/www.noticiasperfil.com\/index\/2026\/01\/20\/gobierno-de-poza-rica-escucha-y-atiende-a-vecinos-de-la-colonia-vicente-herrera\/","title":{"rendered":"Gobierno de Poza Rica escucha y atiende a vecinos de la colonia Vicente Herrera"},"content":{"rendered":"\n<figure class=\"wp-block-gallery has-nested-images columns-default is-cropped wp-block-gallery-1 is-layout-flex wp-block-gallery-is-layout-flex\">\n<figure class=\"wp-block-image size-large\"><img loading=\"lazy\" decoding=\"async\" width=\"1280\" height=\"854\" data-attachment-id=\"119582\" data-permalink=\"https:\/\/www.noticiasperfil.com\/index\/2026\/01\/20\/gobierno-de-poza-rica-escucha-y-atiende-a-vecinos-de-la-colonia-vicente-herrera\/poza-rica-escucha-atiende-vecinos-colonia-vicente-herrera1\/\" data-orig-file=\"https:\/\/i0.wp.com\/www.noticiasperfil.com\/index\/wp-content\/uploads\/2026\/02\/poza-rica-escucha-atiende-vecinos-colonia-vicente-herrera1.jpeg?fit=1280%2C854&amp;ssl=1\" data-orig-size=\"1280,854\" data-comments-opened=\"1\" data-image-meta=\"{&quot;aperture&quot;:&quot;0&quot;,&quot;credit&quot;:&quot;&quot;,&quot;camera&quot;:&quot;&quot;,&quot;caption&quot;:&quot;&quot;,&quot;created_timestamp&quot;:&quot;0&quot;,&quot;copyright&quot;:&quot;&quot;,&quot;focal_length&quot;:&quot;0&quot;,&quot;iso&quot;:&quot;0&quot;,&quot;shutter_speed&quot;:&quot;0&quot;,&quot;title&quot;:&quot;&quot;,&quot;orientation&quot;:&quot;0&quot;}\" data-image-title=\"poza-rica-escucha-atiende-vecinos-colonia-vicente-herrera1\" data-image-description=\"\" data-medium-file=\"https:\/\/i0.wp.com\/www.noticiasperfil.com\/index\/wp-content\/uploads\/2026\/02\/poza-rica-escucha-atiende-vecinos-colonia-vicente-herrera1.jpeg?fit=660%2C365&amp;ssl=1\" data-large-file=\"https:\/\/i0.wp.com\/www.noticiasperfil.com\/index\/wp-content\/uploads\/2026\/02\/poza-rica-escucha-atiende-vecinos-colonia-vicente-herrera1.jpeg?fit=640%2C366&amp;ssl=1\" data-id=\"119582\" src=\"https:\/\/i0.wp.com\/www.noticiasperfil.com\/index\/wp-content\/uploads\/2026\/02\/poza-rica-escucha-atiende-vecinos-colonia-vicente-herrera1.jpeg?fit=640%2C366&amp;ssl=1\" alt=\"\" class=\"wp-image-119582\"\/><\/figure>\n\n\n\n<figure class=\"wp-block-image size-large\"><img loading=\"lazy\" decoding=\"async\" width=\"1280\" height=\"854\" data-attachment-id=\"119581\" data-permalink=\"https:\/\/www.noticiasperfil.com\/index\/2026\/01\/20\/gobierno-de-poza-rica-escucha-y-atiende-a-vecinos-de-la-colonia-vicente-herrera\/poza-rica-escucha-atiende-vecinos-colonia-vicente-herrera2\/\" data-orig-file=\"https:\/\/i1.wp.com\/www.noticiasperfil.com\/index\/wp-content\/uploads\/2026\/02\/poza-rica-escucha-atiende-vecinos-colonia-vicente-herrera2.jpeg?fit=1280%2C854&amp;ssl=1\" data-orig-size=\"1280,854\" data-comments-opened=\"1\" data-image-meta=\"{&quot;aperture&quot;:&quot;0&quot;,&quot;credit&quot;:&quot;&quot;,&quot;camera&quot;:&quot;&quot;,&quot;caption&quot;:&quot;&quot;,&quot;created_timestamp&quot;:&quot;0&quot;,&quot;copyright&quot;:&quot;&quot;,&quot;focal_length&quot;:&quot;0&quot;,&quot;iso&quot;:&quot;0&quot;,&quot;shutter_speed&quot;:&quot;0&quot;,&quot;title&quot;:&quot;&quot;,&quot;orientation&quot;:&quot;0&quot;}\" data-image-title=\"poza-rica-escucha-atiende-vecinos-colonia-vicente-herrera2\" data-image-description=\"\" data-medium-file=\"https:\/\/i1.wp.com\/www.noticiasperfil.com\/index\/wp-content\/uploads\/2026\/02\/poza-rica-escucha-atiende-vecinos-colonia-vicente-herrera2.jpeg?fit=660%2C365&amp;ssl=1\" data-large-file=\"https:\/\/i1.wp.com\/www.noticiasperfil.com\/index\/wp-content\/uploads\/2026\/02\/poza-rica-escucha-atiende-vecinos-colonia-vicente-herrera2.jpeg?fit=640%2C366&amp;ssl=1\" data-id=\"119581\" src=\"https:\/\/i1.wp.com\/www.noticiasperfil.com\/index\/wp-content\/uploads\/2026\/02\/poza-rica-escucha-atiende-vecinos-colonia-vicente-herrera2.jpeg?fit=640%2C366&amp;ssl=1\" alt=\"\" class=\"wp-image-119581\"\/><\/figure>\n\n\n\n<figure class=\"wp-block-image size-large\"><img loading=\"lazy\" decoding=\"async\" width=\"1280\" height=\"854\" data-attachment-id=\"119580\" data-permalink=\"https:\/\/www.noticiasperfil.com\/index\/2026\/01\/20\/gobierno-de-poza-rica-escucha-y-atiende-a-vecinos-de-la-colonia-vicente-herrera\/poza-rica-escucha-atiende-vecinos-colonia-vicente-herrera3\/\" data-orig-file=\"https:\/\/i0.wp.com\/www.noticiasperfil.com\/index\/wp-content\/uploads\/2026\/02\/poza-rica-escucha-atiende-vecinos-colonia-vicente-herrera3.jpeg?fit=1280%2C854&amp;ssl=1\" data-orig-size=\"1280,854\" data-comments-opened=\"1\" data-image-meta=\"{&quot;aperture&quot;:&quot;0&quot;,&quot;credit&quot;:&quot;&quot;,&quot;camera&quot;:&quot;&quot;,&quot;caption&quot;:&quot;&quot;,&quot;created_timestamp&quot;:&quot;0&quot;,&quot;copyright&quot;:&quot;&quot;,&quot;focal_length&quot;:&quot;0&quot;,&quot;iso&quot;:&quot;0&quot;,&quot;shutter_speed&quot;:&quot;0&quot;,&quot;title&quot;:&quot;&quot;,&quot;orientation&quot;:&quot;0&quot;}\" data-image-title=\"poza-rica-escucha-atiende-vecinos-colonia-vicente-herrera3\" data-image-description=\"\" data-medium-file=\"https:\/\/i0.wp.com\/www.noticiasperfil.com\/index\/wp-content\/uploads\/2026\/02\/poza-rica-escucha-atiende-vecinos-colonia-vicente-herrera3.jpeg?fit=660%2C365&amp;ssl=1\" data-large-file=\"https:\/\/i0.wp.com\/www.noticiasperfil.com\/index\/wp-content\/uploads\/2026\/02\/poza-rica-escucha-atiende-vecinos-colonia-vicente-herrera3.jpeg?fit=640%2C366&amp;ssl=1\" data-id=\"119580\" src=\"https:\/\/i0.wp.com\/www.noticiasperfil.com\/index\/wp-content\/uploads\/2026\/02\/poza-rica-escucha-atiende-vecinos-colonia-vicente-herrera3.jpeg?fit=640%2C366&amp;ssl=1\" alt=\"\" class=\"wp-image-119580\"\/><\/figure>\n\n\n\n<figure class=\"wp-block-image size-large\"><img loading=\"lazy\" decoding=\"async\" width=\"1280\" height=\"854\" data-attachment-id=\"119579\" data-permalink=\"https:\/\/www.noticiasperfil.com\/index\/2026\/01\/20\/gobierno-de-poza-rica-escucha-y-atiende-a-vecinos-de-la-colonia-vicente-herrera\/poza-rica-escucha-atiende-vecinos-colonia-vicente-herrera4\/\" data-orig-file=\"https:\/\/i2.wp.com\/www.noticiasperfil.com\/index\/wp-content\/uploads\/2026\/02\/poza-rica-escucha-atiende-vecinos-colonia-vicente-herrera4.jpeg?fit=1280%2C854&amp;ssl=1\" data-orig-size=\"1280,854\" data-comments-opened=\"1\" data-image-meta=\"{&quot;aperture&quot;:&quot;0&quot;,&quot;credit&quot;:&quot;&quot;,&quot;camera&quot;:&quot;&quot;,&quot;caption&quot;:&quot;&quot;,&quot;created_timestamp&quot;:&quot;0&quot;,&quot;copyright&quot;:&quot;&quot;,&quot;focal_length&quot;:&quot;0&quot;,&quot;iso&quot;:&quot;0&quot;,&quot;shutter_speed&quot;:&quot;0&quot;,&quot;title&quot;:&quot;&quot;,&quot;orientation&quot;:&quot;0&quot;}\" data-image-title=\"poza-rica-escucha-atiende-vecinos-colonia-vicente-herrera4\" data-image-description=\"\" data-medium-file=\"https:\/\/i2.wp.com\/www.noticiasperfil.com\/index\/wp-content\/uploads\/2026\/02\/poza-rica-escucha-atiende-vecinos-colonia-vicente-herrera4.jpeg?fit=660%2C365&amp;ssl=1\" data-large-file=\"https:\/\/i2.wp.com\/www.noticiasperfil.com\/index\/wp-content\/uploads\/2026\/02\/poza-rica-escucha-atiende-vecinos-colonia-vicente-herrera4.jpeg?fit=640%2C366&amp;ssl=1\" data-id=\"119579\" src=\"https:\/\/i2.wp.com\/www.noticiasperfil.com\/index\/wp-content\/uploads\/2026\/02\/poza-rica-escucha-atiende-vecinos-colonia-vicente-herrera4.jpeg?fit=640%2C366&amp;ssl=1\" alt=\"\" class=\"wp-image-119579\"\/><\/figure>\n\n\n\n<figure class=\"wp-block-image size-large\"><img loading=\"lazy\" decoding=\"async\" width=\"1280\" height=\"854\" data-attachment-id=\"119578\" data-permalink=\"https:\/\/www.noticiasperfil.com\/index\/2026\/01\/20\/gobierno-de-poza-rica-escucha-y-atiende-a-vecinos-de-la-colonia-vicente-herrera\/poza-rica-escucha-atiende-vecinos-colonia-vicente-herrera5\/\" data-orig-file=\"https:\/\/i0.wp.com\/www.noticiasperfil.com\/index\/wp-content\/uploads\/2026\/02\/poza-rica-escucha-atiende-vecinos-colonia-vicente-herrera5.jpeg?fit=1280%2C854&amp;ssl=1\" data-orig-size=\"1280,854\" data-comments-opened=\"1\" data-image-meta=\"{&quot;aperture&quot;:&quot;0&quot;,&quot;credit&quot;:&quot;&quot;,&quot;camera&quot;:&quot;&quot;,&quot;caption&quot;:&quot;&quot;,&quot;created_timestamp&quot;:&quot;0&quot;,&quot;copyright&quot;:&quot;&quot;,&quot;focal_length&quot;:&quot;0&quot;,&quot;iso&quot;:&quot;0&quot;,&quot;shutter_speed&quot;:&quot;0&quot;,&quot;title&quot;:&quot;&quot;,&quot;orientation&quot;:&quot;0&quot;}\" data-image-title=\"poza-rica-escucha-atiende-vecinos-colonia-vicente-herrera5\" data-image-description=\"\" data-medium-file=\"https:\/\/i0.wp.com\/www.noticiasperfil.com\/index\/wp-content\/uploads\/2026\/02\/poza-rica-escucha-atiende-vecinos-colonia-vicente-herrera5.jpeg?fit=660%2C365&amp;ssl=1\" data-large-file=\"https:\/\/i0.wp.com\/www.noticiasperfil.com\/index\/wp-content\/uploads\/2026\/02\/poza-rica-escucha-atiende-vecinos-colonia-vicente-herrera5.jpeg?fit=640%2C366&amp;ssl=1\" data-id=\"119578\" src=\"https:\/\/i0.wp.com\/www.noticiasperfil.com\/index\/wp-content\/uploads\/2026\/02\/poza-rica-escucha-atiende-vecinos-colonia-vicente-herrera5.jpeg?fit=640%2C366&amp;ssl=1\" alt=\"\" class=\"wp-image-119578\"\/><\/figure>\n<\/figure>\n\n\n\n<p><strong>Poza Rica, Ver., 20 de enero de 2026.\u2013<\/strong>\u00a0Como parte de un gobierno cercano y en territorio, la Presidenta Municipal de Poza Rica, Adanely Rodr\u00edguez, realiz\u00f3 un recorrido nocturno por la colonia Vicente Herrera, donde sostuvo un encuentro directo con vecinas y vecinos para escuchar sus inquietudes y dar seguimiento a diversas problem\u00e1ticas de la zona.<\/p>\n\n\n\n<p>Durante la visita, reiter\u00f3 que atender de manera directa a la ciudadan\u00eda es una prioridad de su administraci\u00f3n, ya que permite conocer de primera mano las necesidades reales de cada colonia y construir soluciones conjuntas que impacten positivamente en la calidad de vida de las familias.<br>Adanely Rodr\u00edguez destac\u00f3 que la recuperaci\u00f3n y dignificaci\u00f3n de los espacios p\u00fablicos es uno de los objetivos centrales del Gobierno de Poza Rica, al considerar que estos lugares fortalecen la convivencia social, la seguridad y el tejido comunitario.<\/p>\n\n\n\n<p>Finalmente, se\u00f1al\u00f3 que trabajando en unidad entre autoridades y ciudadan\u00eda ser\u00e1 posible avanzar en la transformaci\u00f3n de los espacios p\u00fablicos y consolidar un municipio m\u00e1s ordenado, seguro y con bienestar para todas y todos.<\/p>\n","protected":false},"excerpt":{"rendered":"<p>Poza Rica, Ver., 20 de enero de 2026.\u2013\u00a0Como parte de un gobierno cercano y en territorio, la Presidenta Municipal de Poza Rica, Adanely Rodr\u00edguez, realiz\u00f3 un recorrido nocturno por la colonia Vicente Herrera, donde sostuvo un encuentro directo con vecinas y vecinos para escuchar sus inquietudes y dar seguimiento a diversas problem\u00e1ticas de la zona. Durante la visita, reiter\u00f3 que atender de manera directa a la ciudadan\u00eda es una prioridad de su administraci\u00f3n, ya que permite conocer de primera mano las necesidades reales de cada colonia y construir soluciones conjuntas&hellip;<\/p>\n","protected":false},"author":1,"featured_media":119581,"comment_status":"open","ping_status":"closed","sticky":false,"template":"","format":"standard","meta":{"footnotes":""},"categories":[10679,10603],"tags":[],"class_list":["post-119577","post","type-post","status-publish","format-standard","has-post-thumbnail","hentry","category-poza-rica","category-zona-norte"],"jetpack-related-posts":[],"_links":{"self":[{"href":"https:\/\/www.noticiasperfil.com\/index\/wp-json\/wp\/v2\/posts\/119577","targetHints":{"allow":["GET"]}}],"collection":[{"href":"https:\/\/www.noticiasperfil.com\/index\/wp-json\/wp\/v2\/posts"}],"about":[{"href":"https:\/\/www.noticiasperfil.com\/index\/wp-json\/wp\/v2\/types\/post"}],"author":[{"embeddable":true,"href":"https:\/\/www.noticiasperfil.com\/index\/wp-json\/wp\/v2\/users\/1"}],"replies":[{"embeddable":true,"href":"https:\/\/www.noticiasperfil.com\/index\/wp-json\/wp\/v2\/comments?post=119577"}],"version-history":[{"count":1,"href":"https:\/\/www.noticiasperfil.com\/index\/wp-json\/wp\/v2\/posts\/119577\/revisions"}],"predecessor-version":[{"id":119583,"href":"https:\/\/www.noticiasperfil.com\/index\/wp-json\/wp\/v2\/posts\/119577\/revisions\/119583"}],"wp:featuredmedia":[{"embeddable":true,"href":"https:\/\/www.noticiasperfil.com\/index\/wp-json\/wp\/v2\/media\/119581"}],"wp:attachment":[{"href":"https:\/\/www.noticiasperfil.com\/index\/wp-json\/wp\/v2\/media?parent=119577"}],"wp:term":[{"taxonomy":"category","embeddable":true,"href":"https:\/\/www.noticiasperfil.com\/index\/wp-json\/wp\/v2\/categories?post=119577"},{"taxonomy":"post_tag","embeddable":true,"href":"https:\/\/www.noticiasperfil.com\/index\/wp-json\/wp\/v2\/tags?post=119577"}],"curies":[{"name":"wp","href":"https:\/\/api.w.org\/{rel}","templated":true}]}}