{"id":119584,"date":"2026-01-21T23:40:26","date_gmt":"2026-01-22T05:40:26","guid":{"rendered":"https:\/\/www.noticiasperfil.com\/index\/?p=119584"},"modified":"2026-02-08T23:42:30","modified_gmt":"2026-02-09T05:42:30","slug":"gobierno-de-poza-rica-fortalece-la-atencion-ciudadana-con-miercoles-de-puertas-abiertas","status":"publish","type":"post","link":"https:\/\/www.noticiasperfil.com\/index\/2026\/01\/21\/gobierno-de-poza-rica-fortalece-la-atencion-ciudadana-con-miercoles-de-puertas-abiertas\/","title":{"rendered":"Gobierno de Poza Rica fortalece la atenci\u00f3n ciudadana con Mi\u00e9rcoles de Puertas Abiertas"},"content":{"rendered":"\n<figure class=\"wp-block-gallery has-nested-images columns-default is-cropped wp-block-gallery-1 is-layout-flex wp-block-gallery-is-layout-flex\">\n<figure class=\"wp-block-image\"><img loading=\"lazy\" decoding=\"async\" width=\"640\" height=\"426\" data-attachment-id=\"119589\" data-permalink=\"https:\/\/www.noticiasperfil.com\/index\/2026\/01\/21\/gobierno-de-poza-rica-fortalece-la-atencion-ciudadana-con-miercoles-de-puertas-abiertas\/poza-rica-fortalece-atencion-ciudadana3\/\" data-orig-file=\"https:\/\/i0.wp.com\/www.noticiasperfil.com\/index\/wp-content\/uploads\/2026\/02\/poza-rica-fortalece-atencion-ciudadana3.jpeg?fit=1600%2C1066&amp;ssl=1\" data-orig-size=\"1600,1066\" data-comments-opened=\"1\" data-image-meta=\"{&quot;aperture&quot;:&quot;0&quot;,&quot;credit&quot;:&quot;&quot;,&quot;camera&quot;:&quot;&quot;,&quot;caption&quot;:&quot;&quot;,&quot;created_timestamp&quot;:&quot;0&quot;,&quot;copyright&quot;:&quot;&quot;,&quot;focal_length&quot;:&quot;0&quot;,&quot;iso&quot;:&quot;0&quot;,&quot;shutter_speed&quot;:&quot;0&quot;,&quot;title&quot;:&quot;&quot;,&quot;orientation&quot;:&quot;0&quot;}\" data-image-title=\"poza-rica-fortalece-atencion-ciudadana3\" data-image-description=\"\" data-medium-file=\"https:\/\/i0.wp.com\/www.noticiasperfil.com\/index\/wp-content\/uploads\/2026\/02\/poza-rica-fortalece-atencion-ciudadana3.jpeg?fit=660%2C365&amp;ssl=1\" data-large-file=\"https:\/\/i0.wp.com\/www.noticiasperfil.com\/index\/wp-content\/uploads\/2026\/02\/poza-rica-fortalece-atencion-ciudadana3.jpeg?fit=640%2C366&amp;ssl=1\" data-id=\"119589\" src=\"https:\/\/i0.wp.com\/www.noticiasperfil.com\/index\/wp-content\/uploads\/2026\/02\/poza-rica-fortalece-atencion-ciudadana3.jpeg?resize=640%2C426&#038;ssl=1\" alt=\"\" class=\"wp-image-119589\" srcset=\"https:\/\/i0.wp.com\/www.noticiasperfil.com\/index\/wp-content\/uploads\/2026\/02\/poza-rica-fortalece-atencion-ciudadana3.jpeg?w=1600&amp;ssl=1 1600w, https:\/\/i0.wp.com\/www.noticiasperfil.com\/index\/wp-content\/uploads\/2026\/02\/poza-rica-fortalece-atencion-ciudadana3.jpeg?resize=1536%2C1023&amp;ssl=1 1536w, https:\/\/i0.wp.com\/www.noticiasperfil.com\/index\/wp-content\/uploads\/2026\/02\/poza-rica-fortalece-atencion-ciudadana3.jpeg?w=1280&amp;ssl=1 1280w\" sizes=\"auto, (max-width: 640px) 100vw, 640px\" data-recalc-dims=\"1\" \/><\/figure>\n\n\n\n<figure class=\"wp-block-image\"><img loading=\"lazy\" decoding=\"async\" width=\"640\" height=\"427\" data-attachment-id=\"119588\" data-permalink=\"https:\/\/www.noticiasperfil.com\/index\/2026\/01\/21\/gobierno-de-poza-rica-fortalece-la-atencion-ciudadana-con-miercoles-de-puertas-abiertas\/poza-rica-fortalece-atencion-ciudadana4\/\" data-orig-file=\"https:\/\/i2.wp.com\/www.noticiasperfil.com\/index\/wp-content\/uploads\/2026\/02\/poza-rica-fortalece-atencion-ciudadana4.jpeg?fit=1600%2C1068&amp;ssl=1\" data-orig-size=\"1600,1068\" data-comments-opened=\"1\" data-image-meta=\"{&quot;aperture&quot;:&quot;0&quot;,&quot;credit&quot;:&quot;&quot;,&quot;camera&quot;:&quot;&quot;,&quot;caption&quot;:&quot;&quot;,&quot;created_timestamp&quot;:&quot;0&quot;,&quot;copyright&quot;:&quot;&quot;,&quot;focal_length&quot;:&quot;0&quot;,&quot;iso&quot;:&quot;0&quot;,&quot;shutter_speed&quot;:&quot;0&quot;,&quot;title&quot;:&quot;&quot;,&quot;orientation&quot;:&quot;0&quot;}\" data-image-title=\"poza-rica-fortalece-atencion-ciudadana4\" data-image-description=\"\" data-medium-file=\"https:\/\/i2.wp.com\/www.noticiasperfil.com\/index\/wp-content\/uploads\/2026\/02\/poza-rica-fortalece-atencion-ciudadana4.jpeg?fit=660%2C365&amp;ssl=1\" data-large-file=\"https:\/\/i2.wp.com\/www.noticiasperfil.com\/index\/wp-content\/uploads\/2026\/02\/poza-rica-fortalece-atencion-ciudadana4.jpeg?fit=640%2C366&amp;ssl=1\" data-id=\"119588\" src=\"https:\/\/i2.wp.com\/www.noticiasperfil.com\/index\/wp-content\/uploads\/2026\/02\/poza-rica-fortalece-atencion-ciudadana4.jpeg?resize=640%2C427&#038;ssl=1\" alt=\"\" class=\"wp-image-119588\" srcset=\"https:\/\/i2.wp.com\/www.noticiasperfil.com\/index\/wp-content\/uploads\/2026\/02\/poza-rica-fortalece-atencion-ciudadana4.jpeg?w=1600&amp;ssl=1 1600w, https:\/\/i2.wp.com\/www.noticiasperfil.com\/index\/wp-content\/uploads\/2026\/02\/poza-rica-fortalece-atencion-ciudadana4.jpeg?resize=1536%2C1025&amp;ssl=1 1536w, https:\/\/i2.wp.com\/www.noticiasperfil.com\/index\/wp-content\/uploads\/2026\/02\/poza-rica-fortalece-atencion-ciudadana4.jpeg?w=1280&amp;ssl=1 1280w\" sizes=\"auto, (max-width: 640px) 100vw, 640px\" data-recalc-dims=\"1\" \/><\/figure>\n\n\n\n<figure class=\"wp-block-image\"><img loading=\"lazy\" decoding=\"async\" width=\"640\" height=\"427\" data-attachment-id=\"119587\" data-permalink=\"https:\/\/www.noticiasperfil.com\/index\/2026\/01\/21\/gobierno-de-poza-rica-fortalece-la-atencion-ciudadana-con-miercoles-de-puertas-abiertas\/poza-rica-fortalece-atencion-ciudadana5\/\" data-orig-file=\"https:\/\/i1.wp.com\/www.noticiasperfil.com\/index\/wp-content\/uploads\/2026\/02\/poza-rica-fortalece-atencion-ciudadana5.jpeg?fit=1600%2C1068&amp;ssl=1\" data-orig-size=\"1600,1068\" data-comments-opened=\"1\" data-image-meta=\"{&quot;aperture&quot;:&quot;0&quot;,&quot;credit&quot;:&quot;&quot;,&quot;camera&quot;:&quot;&quot;,&quot;caption&quot;:&quot;&quot;,&quot;created_timestamp&quot;:&quot;0&quot;,&quot;copyright&quot;:&quot;&quot;,&quot;focal_length&quot;:&quot;0&quot;,&quot;iso&quot;:&quot;0&quot;,&quot;shutter_speed&quot;:&quot;0&quot;,&quot;title&quot;:&quot;&quot;,&quot;orientation&quot;:&quot;0&quot;}\" data-image-title=\"poza-rica-fortalece-atencion-ciudadana5\" data-image-description=\"\" data-medium-file=\"https:\/\/i1.wp.com\/www.noticiasperfil.com\/index\/wp-content\/uploads\/2026\/02\/poza-rica-fortalece-atencion-ciudadana5.jpeg?fit=660%2C365&amp;ssl=1\" data-large-file=\"https:\/\/i1.wp.com\/www.noticiasperfil.com\/index\/wp-content\/uploads\/2026\/02\/poza-rica-fortalece-atencion-ciudadana5.jpeg?fit=640%2C366&amp;ssl=1\" data-id=\"119587\" src=\"https:\/\/i1.wp.com\/www.noticiasperfil.com\/index\/wp-content\/uploads\/2026\/02\/poza-rica-fortalece-atencion-ciudadana5.jpeg?resize=640%2C427&#038;ssl=1\" alt=\"\" class=\"wp-image-119587\" srcset=\"https:\/\/i1.wp.com\/www.noticiasperfil.com\/index\/wp-content\/uploads\/2026\/02\/poza-rica-fortalece-atencion-ciudadana5.jpeg?w=1600&amp;ssl=1 1600w, https:\/\/i1.wp.com\/www.noticiasperfil.com\/index\/wp-content\/uploads\/2026\/02\/poza-rica-fortalece-atencion-ciudadana5.jpeg?resize=1536%2C1025&amp;ssl=1 1536w, https:\/\/i1.wp.com\/www.noticiasperfil.com\/index\/wp-content\/uploads\/2026\/02\/poza-rica-fortalece-atencion-ciudadana5.jpeg?w=1280&amp;ssl=1 1280w\" sizes=\"auto, (max-width: 640px) 100vw, 640px\" data-recalc-dims=\"1\" \/><\/figure>\n\n\n\n<figure class=\"wp-block-image\"><img loading=\"lazy\" decoding=\"async\" width=\"640\" height=\"426\" data-attachment-id=\"119586\" data-permalink=\"https:\/\/www.noticiasperfil.com\/index\/2026\/01\/21\/gobierno-de-poza-rica-fortalece-la-atencion-ciudadana-con-miercoles-de-puertas-abiertas\/poza-rica-fortalece-atencion-ciudadana1\/\" data-orig-file=\"https:\/\/i1.wp.com\/www.noticiasperfil.com\/index\/wp-content\/uploads\/2026\/02\/poza-rica-fortalece-atencion-ciudadana1.jpeg?fit=1600%2C1066&amp;ssl=1\" data-orig-size=\"1600,1066\" data-comments-opened=\"1\" data-image-meta=\"{&quot;aperture&quot;:&quot;0&quot;,&quot;credit&quot;:&quot;&quot;,&quot;camera&quot;:&quot;&quot;,&quot;caption&quot;:&quot;&quot;,&quot;created_timestamp&quot;:&quot;0&quot;,&quot;copyright&quot;:&quot;&quot;,&quot;focal_length&quot;:&quot;0&quot;,&quot;iso&quot;:&quot;0&quot;,&quot;shutter_speed&quot;:&quot;0&quot;,&quot;title&quot;:&quot;&quot;,&quot;orientation&quot;:&quot;0&quot;}\" data-image-title=\"poza-rica-fortalece-atencion-ciudadana1\" data-image-description=\"\" data-medium-file=\"https:\/\/i1.wp.com\/www.noticiasperfil.com\/index\/wp-content\/uploads\/2026\/02\/poza-rica-fortalece-atencion-ciudadana1.jpeg?fit=660%2C365&amp;ssl=1\" data-large-file=\"https:\/\/i1.wp.com\/www.noticiasperfil.com\/index\/wp-content\/uploads\/2026\/02\/poza-rica-fortalece-atencion-ciudadana1.jpeg?fit=640%2C366&amp;ssl=1\" data-id=\"119586\" src=\"https:\/\/i1.wp.com\/www.noticiasperfil.com\/index\/wp-content\/uploads\/2026\/02\/poza-rica-fortalece-atencion-ciudadana1.jpeg?resize=640%2C426&#038;ssl=1\" alt=\"\" class=\"wp-image-119586\" srcset=\"https:\/\/i1.wp.com\/www.noticiasperfil.com\/index\/wp-content\/uploads\/2026\/02\/poza-rica-fortalece-atencion-ciudadana1.jpeg?w=1600&amp;ssl=1 1600w, https:\/\/i1.wp.com\/www.noticiasperfil.com\/index\/wp-content\/uploads\/2026\/02\/poza-rica-fortalece-atencion-ciudadana1.jpeg?resize=1536%2C1023&amp;ssl=1 1536w, https:\/\/i1.wp.com\/www.noticiasperfil.com\/index\/wp-content\/uploads\/2026\/02\/poza-rica-fortalece-atencion-ciudadana1.jpeg?w=1280&amp;ssl=1 1280w\" sizes=\"auto, (max-width: 640px) 100vw, 640px\" data-recalc-dims=\"1\" \/><\/figure>\n\n\n\n<figure class=\"wp-block-image\"><img loading=\"lazy\" decoding=\"async\" width=\"640\" height=\"426\" data-attachment-id=\"119585\" data-permalink=\"https:\/\/www.noticiasperfil.com\/index\/2026\/01\/21\/gobierno-de-poza-rica-fortalece-la-atencion-ciudadana-con-miercoles-de-puertas-abiertas\/poza-rica-fortalece-atencion-ciudadana2\/\" data-orig-file=\"https:\/\/i1.wp.com\/www.noticiasperfil.com\/index\/wp-content\/uploads\/2026\/02\/poza-rica-fortalece-atencion-ciudadana2.jpeg?fit=1600%2C1066&amp;ssl=1\" data-orig-size=\"1600,1066\" data-comments-opened=\"1\" data-image-meta=\"{&quot;aperture&quot;:&quot;0&quot;,&quot;credit&quot;:&quot;&quot;,&quot;camera&quot;:&quot;&quot;,&quot;caption&quot;:&quot;&quot;,&quot;created_timestamp&quot;:&quot;0&quot;,&quot;copyright&quot;:&quot;&quot;,&quot;focal_length&quot;:&quot;0&quot;,&quot;iso&quot;:&quot;0&quot;,&quot;shutter_speed&quot;:&quot;0&quot;,&quot;title&quot;:&quot;&quot;,&quot;orientation&quot;:&quot;0&quot;}\" data-image-title=\"poza-rica-fortalece-atencion-ciudadana2\" data-image-description=\"\" data-medium-file=\"https:\/\/i1.wp.com\/www.noticiasperfil.com\/index\/wp-content\/uploads\/2026\/02\/poza-rica-fortalece-atencion-ciudadana2.jpeg?fit=660%2C365&amp;ssl=1\" data-large-file=\"https:\/\/i1.wp.com\/www.noticiasperfil.com\/index\/wp-content\/uploads\/2026\/02\/poza-rica-fortalece-atencion-ciudadana2.jpeg?fit=640%2C366&amp;ssl=1\" data-id=\"119585\" src=\"https:\/\/i1.wp.com\/www.noticiasperfil.com\/index\/wp-content\/uploads\/2026\/02\/poza-rica-fortalece-atencion-ciudadana2.jpeg?resize=640%2C426&#038;ssl=1\" alt=\"\" class=\"wp-image-119585\" srcset=\"https:\/\/i1.wp.com\/www.noticiasperfil.com\/index\/wp-content\/uploads\/2026\/02\/poza-rica-fortalece-atencion-ciudadana2.jpeg?w=1600&amp;ssl=1 1600w, https:\/\/i1.wp.com\/www.noticiasperfil.com\/index\/wp-content\/uploads\/2026\/02\/poza-rica-fortalece-atencion-ciudadana2.jpeg?resize=1536%2C1023&amp;ssl=1 1536w, https:\/\/i1.wp.com\/www.noticiasperfil.com\/index\/wp-content\/uploads\/2026\/02\/poza-rica-fortalece-atencion-ciudadana2.jpeg?w=1280&amp;ssl=1 1280w\" sizes=\"auto, (max-width: 640px) 100vw, 640px\" data-recalc-dims=\"1\" \/><\/figure>\n<\/figure>\n\n\n\n<p><strong>Poza Rica, Ver., 21 de enero de 2026.-<\/strong>&nbsp;Con el objetivo de mantener un gobierno cercano, abierto y sensible a las necesidades de la poblaci\u00f3n, la Presidenta Municipal de Poza Rica, Adanely Rodr\u00edguez, encabez\u00f3 la primera jornada del programa, \u201cMi\u00e9rcoles de Puertas Abiertas\u201d, reafirmando el compromiso de atender de manera directa a las y los pozarricenses.<\/p>\n\n\n\n<p>Durante su mensaje, destac\u00f3 que este ejercicio de atenci\u00f3n ciudadana es un compromiso asumido desde campa\u00f1a y que hoy se cumple con hechos, al se\u00f1alar que en el Gobierno de Poza Rica no existe el \u201cregrese despu\u00e9s\u201d, sino la voluntad y disposici\u00f3n de escuchar y resolver las problem\u00e1ticas de la poblaci\u00f3n.<\/p>\n\n\n\n<p>\u201cEn este gobierno municipal atendemos directamente a la ciudadan\u00eda, los escuchamos y conocemos las necesidades que existen en nuestra ciudad; por eso estamos aqu\u00ed, presentes, y vamos a atender hasta el \u00faltimo ciudadano que acuda\u201d, expres\u00f3.<\/p>\n\n\n\n<p>Adanely Rodr\u00edguez estuvo acompa\u00f1ada por integrantes del Cabildo y por las distintas \u00e1reas de la administraci\u00f3n municipal, quienes instalaron mesas de trabajo para brindar atenci\u00f3n personalizada, en rubros como Participaci\u00f3n Social, Obra P\u00fablica, Servicios P\u00fablicos, y Ecolog\u00eda.<\/p>\n\n\n\n<p>Finalmente, la Presidenta Municipal dio la bienvenida a las y los asistentes, reiterando que estos espacios fortalecen la participaci\u00f3n ciudadana, la confianza en el gobierno y la construcci\u00f3n de soluciones conjuntas en beneficio de Poza Rica.<\/p>\n","protected":false},"excerpt":{"rendered":"<p>Poza Rica, Ver., 21 de enero de 2026.-&nbsp;Con el objetivo de mantener un gobierno cercano, abierto y sensible a las necesidades de la poblaci\u00f3n, la Presidenta Municipal de Poza Rica, Adanely Rodr\u00edguez, encabez\u00f3 la primera jornada del programa, \u201cMi\u00e9rcoles de Puertas Abiertas\u201d, reafirmando el compromiso de atender de manera directa a las y los pozarricenses. Durante su mensaje, destac\u00f3 que este ejercicio de atenci\u00f3n ciudadana es un compromiso asumido desde campa\u00f1a y que hoy se cumple con hechos, al se\u00f1alar que en el Gobierno de Poza Rica no existe el&hellip;<\/p>\n","protected":false},"author":1,"featured_media":119586,"comment_status":"open","ping_status":"closed","sticky":false,"template":"","format":"standard","meta":{"footnotes":""},"categories":[10679,10603],"tags":[],"class_list":["post-119584","post","type-post","status-publish","format-standard","has-post-thumbnail","hentry","category-poza-rica","category-zona-norte"],"jetpack-related-posts":[],"_links":{"self":[{"href":"https:\/\/www.noticiasperfil.com\/index\/wp-json\/wp\/v2\/posts\/119584","targetHints":{"allow":["GET"]}}],"collection":[{"href":"https:\/\/www.noticiasperfil.com\/index\/wp-json\/wp\/v2\/posts"}],"about":[{"href":"https:\/\/www.noticiasperfil.com\/index\/wp-json\/wp\/v2\/types\/post"}],"author":[{"embeddable":true,"href":"https:\/\/www.noticiasperfil.com\/index\/wp-json\/wp\/v2\/users\/1"}],"replies":[{"embeddable":true,"href":"https:\/\/www.noticiasperfil.com\/index\/wp-json\/wp\/v2\/comments?post=119584"}],"version-history":[{"count":1,"href":"https:\/\/www.noticiasperfil.com\/index\/wp-json\/wp\/v2\/posts\/119584\/revisions"}],"predecessor-version":[{"id":119590,"href":"https:\/\/www.noticiasperfil.com\/index\/wp-json\/wp\/v2\/posts\/119584\/revisions\/119590"}],"wp:featuredmedia":[{"embeddable":true,"href":"https:\/\/www.noticiasperfil.com\/index\/wp-json\/wp\/v2\/media\/119586"}],"wp:attachment":[{"href":"https:\/\/www.noticiasperfil.com\/index\/wp-json\/wp\/v2\/media?parent=119584"}],"wp:term":[{"taxonomy":"category","embeddable":true,"href":"https:\/\/www.noticiasperfil.com\/index\/wp-json\/wp\/v2\/categories?post=119584"},{"taxonomy":"post_tag","embeddable":true,"href":"https:\/\/www.noticiasperfil.com\/index\/wp-json\/wp\/v2\/tags?post=119584"}],"curies":[{"name":"wp","href":"https:\/\/api.w.org\/{rel}","templated":true}]}}