{"id":119591,"date":"2026-01-22T23:45:49","date_gmt":"2026-01-23T05:45:49","guid":{"rendered":"https:\/\/www.noticiasperfil.com\/index\/?p=119591"},"modified":"2026-02-08T23:48:23","modified_gmt":"2026-02-09T05:48:23","slug":"gobierno-de-poza-rica-fortalece-la-convivencia-con-jueves-de-danzon-y-son-y-viernes-de-tardes-de-algarabia-en-parque-cuauhtemoc","status":"publish","type":"post","link":"https:\/\/www.noticiasperfil.com\/index\/2026\/01\/22\/gobierno-de-poza-rica-fortalece-la-convivencia-con-jueves-de-danzon-y-son-y-viernes-de-tardes-de-algarabia-en-parque-cuauhtemoc\/","title":{"rendered":"Gobierno de Poza Rica, fortalece la convivencia con jueves de \u201cDanz\u00f3n y Son\u201d y viernes de \u201cTardes de Algarab\u00eda\u201d en parque Cuauht\u00e9moc"},"content":{"rendered":"\n<figure class=\"wp-block-gallery has-nested-images columns-default is-cropped wp-block-gallery-1 is-layout-flex wp-block-gallery-is-layout-flex\">\n<figure class=\"wp-block-image size-large\"><img loading=\"lazy\" decoding=\"async\" width=\"1600\" height=\"1068\" data-attachment-id=\"119595\" data-permalink=\"https:\/\/www.noticiasperfil.com\/index\/2026\/01\/22\/gobierno-de-poza-rica-fortalece-la-convivencia-con-jueves-de-danzon-y-son-y-viernes-de-tardes-de-algarabia-en-parque-cuauhtemoc\/danzon-son-viernes-tardes-algarabia2\/\" data-orig-file=\"https:\/\/i2.wp.com\/www.noticiasperfil.com\/index\/wp-content\/uploads\/2026\/02\/danzon-son-viernes-tardes-algarabia2.jpeg?fit=1600%2C1068&amp;ssl=1\" data-orig-size=\"1600,1068\" data-comments-opened=\"1\" data-image-meta=\"{&quot;aperture&quot;:&quot;0&quot;,&quot;credit&quot;:&quot;&quot;,&quot;camera&quot;:&quot;&quot;,&quot;caption&quot;:&quot;&quot;,&quot;created_timestamp&quot;:&quot;0&quot;,&quot;copyright&quot;:&quot;&quot;,&quot;focal_length&quot;:&quot;0&quot;,&quot;iso&quot;:&quot;0&quot;,&quot;shutter_speed&quot;:&quot;0&quot;,&quot;title&quot;:&quot;&quot;,&quot;orientation&quot;:&quot;0&quot;}\" data-image-title=\"danzon-son-viernes-tardes-algarabia2\" data-image-description=\"\" data-medium-file=\"https:\/\/i2.wp.com\/www.noticiasperfil.com\/index\/wp-content\/uploads\/2026\/02\/danzon-son-viernes-tardes-algarabia2.jpeg?fit=660%2C365&amp;ssl=1\" data-large-file=\"https:\/\/i2.wp.com\/www.noticiasperfil.com\/index\/wp-content\/uploads\/2026\/02\/danzon-son-viernes-tardes-algarabia2.jpeg?fit=640%2C366&amp;ssl=1\" data-id=\"119595\" src=\"https:\/\/i2.wp.com\/www.noticiasperfil.com\/index\/wp-content\/uploads\/2026\/02\/danzon-son-viernes-tardes-algarabia2.jpeg?fit=640%2C366&amp;ssl=1\" alt=\"\" class=\"wp-image-119595\" srcset=\"https:\/\/i2.wp.com\/www.noticiasperfil.com\/index\/wp-content\/uploads\/2026\/02\/danzon-son-viernes-tardes-algarabia2.jpeg?w=1600&amp;ssl=1 1600w, https:\/\/i2.wp.com\/www.noticiasperfil.com\/index\/wp-content\/uploads\/2026\/02\/danzon-son-viernes-tardes-algarabia2.jpeg?resize=1536%2C1025&amp;ssl=1 1536w, https:\/\/i2.wp.com\/www.noticiasperfil.com\/index\/wp-content\/uploads\/2026\/02\/danzon-son-viernes-tardes-algarabia2.jpeg?w=1280&amp;ssl=1 1280w\" sizes=\"auto, (max-width: 640px) 100vw, 640px\" \/><\/figure>\n\n\n\n<figure class=\"wp-block-image size-large\"><img loading=\"lazy\" decoding=\"async\" width=\"1280\" height=\"854\" data-attachment-id=\"119594\" data-permalink=\"https:\/\/www.noticiasperfil.com\/index\/2026\/01\/22\/gobierno-de-poza-rica-fortalece-la-convivencia-con-jueves-de-danzon-y-son-y-viernes-de-tardes-de-algarabia-en-parque-cuauhtemoc\/danzon-son-viernes-tardes-algarabia3\/\" data-orig-file=\"https:\/\/i0.wp.com\/www.noticiasperfil.com\/index\/wp-content\/uploads\/2026\/02\/danzon-son-viernes-tardes-algarabia3.jpeg?fit=1280%2C854&amp;ssl=1\" data-orig-size=\"1280,854\" data-comments-opened=\"1\" data-image-meta=\"{&quot;aperture&quot;:&quot;0&quot;,&quot;credit&quot;:&quot;&quot;,&quot;camera&quot;:&quot;&quot;,&quot;caption&quot;:&quot;&quot;,&quot;created_timestamp&quot;:&quot;0&quot;,&quot;copyright&quot;:&quot;&quot;,&quot;focal_length&quot;:&quot;0&quot;,&quot;iso&quot;:&quot;0&quot;,&quot;shutter_speed&quot;:&quot;0&quot;,&quot;title&quot;:&quot;&quot;,&quot;orientation&quot;:&quot;0&quot;}\" data-image-title=\"danzon-son-viernes-tardes-algarabia3\" data-image-description=\"\" data-medium-file=\"https:\/\/i0.wp.com\/www.noticiasperfil.com\/index\/wp-content\/uploads\/2026\/02\/danzon-son-viernes-tardes-algarabia3.jpeg?fit=660%2C365&amp;ssl=1\" data-large-file=\"https:\/\/i0.wp.com\/www.noticiasperfil.com\/index\/wp-content\/uploads\/2026\/02\/danzon-son-viernes-tardes-algarabia3.jpeg?fit=640%2C366&amp;ssl=1\" data-id=\"119594\" src=\"https:\/\/i0.wp.com\/www.noticiasperfil.com\/index\/wp-content\/uploads\/2026\/02\/danzon-son-viernes-tardes-algarabia3.jpeg?fit=640%2C366&amp;ssl=1\" alt=\"\" class=\"wp-image-119594\"\/><\/figure>\n\n\n\n<figure class=\"wp-block-image size-large\"><img loading=\"lazy\" decoding=\"async\" width=\"1600\" height=\"1068\" data-attachment-id=\"119593\" data-permalink=\"https:\/\/www.noticiasperfil.com\/index\/2026\/01\/22\/gobierno-de-poza-rica-fortalece-la-convivencia-con-jueves-de-danzon-y-son-y-viernes-de-tardes-de-algarabia-en-parque-cuauhtemoc\/danzon-son-viernes-tardes-algarabia4\/\" data-orig-file=\"https:\/\/i1.wp.com\/www.noticiasperfil.com\/index\/wp-content\/uploads\/2026\/02\/danzon-son-viernes-tardes-algarabia4.jpeg?fit=1600%2C1068&amp;ssl=1\" data-orig-size=\"1600,1068\" data-comments-opened=\"1\" data-image-meta=\"{&quot;aperture&quot;:&quot;0&quot;,&quot;credit&quot;:&quot;&quot;,&quot;camera&quot;:&quot;&quot;,&quot;caption&quot;:&quot;&quot;,&quot;created_timestamp&quot;:&quot;0&quot;,&quot;copyright&quot;:&quot;&quot;,&quot;focal_length&quot;:&quot;0&quot;,&quot;iso&quot;:&quot;0&quot;,&quot;shutter_speed&quot;:&quot;0&quot;,&quot;title&quot;:&quot;&quot;,&quot;orientation&quot;:&quot;0&quot;}\" data-image-title=\"danzon-son-viernes-tardes-algarabia4\" data-image-description=\"\" data-medium-file=\"https:\/\/i1.wp.com\/www.noticiasperfil.com\/index\/wp-content\/uploads\/2026\/02\/danzon-son-viernes-tardes-algarabia4.jpeg?fit=660%2C365&amp;ssl=1\" data-large-file=\"https:\/\/i1.wp.com\/www.noticiasperfil.com\/index\/wp-content\/uploads\/2026\/02\/danzon-son-viernes-tardes-algarabia4.jpeg?fit=640%2C366&amp;ssl=1\" data-id=\"119593\" src=\"https:\/\/i1.wp.com\/www.noticiasperfil.com\/index\/wp-content\/uploads\/2026\/02\/danzon-son-viernes-tardes-algarabia4.jpeg?fit=640%2C366&amp;ssl=1\" alt=\"\" class=\"wp-image-119593\" srcset=\"https:\/\/i1.wp.com\/www.noticiasperfil.com\/index\/wp-content\/uploads\/2026\/02\/danzon-son-viernes-tardes-algarabia4.jpeg?w=1600&amp;ssl=1 1600w, https:\/\/i1.wp.com\/www.noticiasperfil.com\/index\/wp-content\/uploads\/2026\/02\/danzon-son-viernes-tardes-algarabia4.jpeg?resize=1536%2C1025&amp;ssl=1 1536w, https:\/\/i1.wp.com\/www.noticiasperfil.com\/index\/wp-content\/uploads\/2026\/02\/danzon-son-viernes-tardes-algarabia4.jpeg?w=1280&amp;ssl=1 1280w\" sizes=\"auto, (max-width: 640px) 100vw, 640px\" \/><\/figure>\n\n\n\n<figure class=\"wp-block-image size-large\"><img loading=\"lazy\" decoding=\"async\" width=\"1280\" height=\"854\" data-attachment-id=\"119592\" data-permalink=\"https:\/\/www.noticiasperfil.com\/index\/2026\/01\/22\/gobierno-de-poza-rica-fortalece-la-convivencia-con-jueves-de-danzon-y-son-y-viernes-de-tardes-de-algarabia-en-parque-cuauhtemoc\/danzon-son-viernes-tardes-algarabia\/\" data-orig-file=\"https:\/\/i2.wp.com\/www.noticiasperfil.com\/index\/wp-content\/uploads\/2026\/02\/danzon-son-viernes-tardes-algarabia.jpeg?fit=1280%2C854&amp;ssl=1\" data-orig-size=\"1280,854\" data-comments-opened=\"1\" data-image-meta=\"{&quot;aperture&quot;:&quot;0&quot;,&quot;credit&quot;:&quot;&quot;,&quot;camera&quot;:&quot;&quot;,&quot;caption&quot;:&quot;&quot;,&quot;created_timestamp&quot;:&quot;0&quot;,&quot;copyright&quot;:&quot;&quot;,&quot;focal_length&quot;:&quot;0&quot;,&quot;iso&quot;:&quot;0&quot;,&quot;shutter_speed&quot;:&quot;0&quot;,&quot;title&quot;:&quot;&quot;,&quot;orientation&quot;:&quot;0&quot;}\" data-image-title=\"danzon-son-viernes-tardes-algarabia\" data-image-description=\"\" data-medium-file=\"https:\/\/i2.wp.com\/www.noticiasperfil.com\/index\/wp-content\/uploads\/2026\/02\/danzon-son-viernes-tardes-algarabia.jpeg?fit=660%2C365&amp;ssl=1\" data-large-file=\"https:\/\/i2.wp.com\/www.noticiasperfil.com\/index\/wp-content\/uploads\/2026\/02\/danzon-son-viernes-tardes-algarabia.jpeg?fit=640%2C366&amp;ssl=1\" data-id=\"119592\" src=\"https:\/\/i2.wp.com\/www.noticiasperfil.com\/index\/wp-content\/uploads\/2026\/02\/danzon-son-viernes-tardes-algarabia.jpeg?fit=640%2C366&amp;ssl=1\" alt=\"\" class=\"wp-image-119592\"\/><\/figure>\n<\/figure>\n\n\n\n<ul class=\"wp-block-list\">\n<li>Homenajean a destacada promotora del Danz\u00f3n<\/li>\n<\/ul>\n\n\n\n<p><strong>Poza Rica, Ver. 22 de enero de 2026.-<\/strong>El Gobierno de Poza Rica, a trav\u00e9s de la Direcci\u00f3n de Cultura y Turismo, invita a la ciudadan\u00eda a disfrutar de \u201cTardes de Algarab\u00eda\u201d, este viernes 23 de enero a las 6 de la tarde en el Parque Cuauht\u00e9moc, ubicado en la colonia Manuel \u00c1vila Camacho, como parte de las acciones para fortalecer la convivencia familiar y la identidad cultural.<\/p>\n\n\n\n<p>Asimismo, en el marco del jueves de \u201cDanz\u00f3n y Son\u201d, realizado en la p\u00e9rgola del Parque \u201cBenito Ju\u00e1rez\u201d, la Presidenta Municipal Adanely Rodr\u00edguez, otorg\u00f3 un reconocimiento a Mar\u00eda Estela Vargas M\u00e1rquez, destacada promotora del danz\u00f3n, por su invaluable aportaci\u00f3n a la difusi\u00f3n de este g\u00e9nero tradicional.<\/p>\n\n\n\n<p>El homenaje consisti\u00f3 en una obra textil elaborada por Julia Palomino, expositora de la Casa de Artesan\u00eda, promoviendo as\u00ed el arte que existe en Poza Rica.<\/p>\n","protected":false},"excerpt":{"rendered":"<p>Poza Rica, Ver. 22 de enero de 2026.-El Gobierno de Poza Rica, a trav\u00e9s de la Direcci\u00f3n de Cultura y Turismo, invita a la ciudadan\u00eda a disfrutar de \u201cTardes de Algarab\u00eda\u201d, este viernes 23 de enero a las 6 de la tarde en el Parque Cuauht\u00e9moc, ubicado en la colonia Manuel \u00c1vila Camacho, como parte de las acciones para fortalecer la convivencia familiar y la identidad cultural. Asimismo, en el marco del jueves de \u201cDanz\u00f3n y Son\u201d, realizado en la p\u00e9rgola del Parque \u201cBenito Ju\u00e1rez\u201d, la Presidenta Municipal Adanely Rodr\u00edguez,&hellip;<\/p>\n","protected":false},"author":1,"featured_media":119594,"comment_status":"open","ping_status":"closed","sticky":false,"template":"","format":"standard","meta":{"footnotes":""},"categories":[10679,10603],"tags":[],"class_list":["post-119591","post","type-post","status-publish","format-standard","has-post-thumbnail","hentry","category-poza-rica","category-zona-norte"],"jetpack-related-posts":[],"_links":{"self":[{"href":"https:\/\/www.noticiasperfil.com\/index\/wp-json\/wp\/v2\/posts\/119591","targetHints":{"allow":["GET"]}}],"collection":[{"href":"https:\/\/www.noticiasperfil.com\/index\/wp-json\/wp\/v2\/posts"}],"about":[{"href":"https:\/\/www.noticiasperfil.com\/index\/wp-json\/wp\/v2\/types\/post"}],"author":[{"embeddable":true,"href":"https:\/\/www.noticiasperfil.com\/index\/wp-json\/wp\/v2\/users\/1"}],"replies":[{"embeddable":true,"href":"https:\/\/www.noticiasperfil.com\/index\/wp-json\/wp\/v2\/comments?post=119591"}],"version-history":[{"count":1,"href":"https:\/\/www.noticiasperfil.com\/index\/wp-json\/wp\/v2\/posts\/119591\/revisions"}],"predecessor-version":[{"id":119596,"href":"https:\/\/www.noticiasperfil.com\/index\/wp-json\/wp\/v2\/posts\/119591\/revisions\/119596"}],"wp:featuredmedia":[{"embeddable":true,"href":"https:\/\/www.noticiasperfil.com\/index\/wp-json\/wp\/v2\/media\/119594"}],"wp:attachment":[{"href":"https:\/\/www.noticiasperfil.com\/index\/wp-json\/wp\/v2\/media?parent=119591"}],"wp:term":[{"taxonomy":"category","embeddable":true,"href":"https:\/\/www.noticiasperfil.com\/index\/wp-json\/wp\/v2\/categories?post=119591"},{"taxonomy":"post_tag","embeddable":true,"href":"https:\/\/www.noticiasperfil.com\/index\/wp-json\/wp\/v2\/tags?post=119591"}],"curies":[{"name":"wp","href":"https:\/\/api.w.org\/{rel}","templated":true}]}}