{"id":119597,"date":"2026-01-23T23:50:28","date_gmt":"2026-01-24T05:50:28","guid":{"rendered":"https:\/\/www.noticiasperfil.com\/index\/?p=119597"},"modified":"2026-02-08T23:57:19","modified_gmt":"2026-02-09T05:57:19","slug":"2-mil-595-mdp-seran-destinados-a-la-reconstruccion-de-la-zona-norte-incluyendo-poza-rica-tras-la-inundacion-del-10-octubre","status":"publish","type":"post","link":"https:\/\/www.noticiasperfil.com\/index\/2026\/01\/23\/2-mil-595-mdp-seran-destinados-a-la-reconstruccion-de-la-zona-norte-incluyendo-poza-rica-tras-la-inundacion-del-10-octubre\/","title":{"rendered":"2 mil 595 mdp ser\u00e1n destinados a la reconstrucci\u00f3n de la Zona Norte, incluyendo Poza Rica tras la inundaci\u00f3n del 10 octubre"},"content":{"rendered":"\n<figure class=\"wp-block-gallery has-nested-images columns-default is-cropped wp-block-gallery-1 is-layout-flex wp-block-gallery-is-layout-flex\">\n<figure class=\"wp-block-image size-large\"><img loading=\"lazy\" decoding=\"async\" width=\"1600\" height=\"894\" data-attachment-id=\"119601\" data-permalink=\"https:\/\/www.noticiasperfil.com\/index\/2026\/01\/23\/2-mil-595-mdp-seran-destinados-a-la-reconstruccion-de-la-zona-norte-incluyendo-poza-rica-tras-la-inundacion-del-10-octubre\/poza-rica-inundacion-octubre1\/\" data-orig-file=\"https:\/\/i0.wp.com\/www.noticiasperfil.com\/index\/wp-content\/uploads\/2026\/02\/poza-rica-inundacion-octubre1.jpeg?fit=1600%2C894&amp;ssl=1\" data-orig-size=\"1600,894\" data-comments-opened=\"1\" data-image-meta=\"{&quot;aperture&quot;:&quot;0&quot;,&quot;credit&quot;:&quot;&quot;,&quot;camera&quot;:&quot;&quot;,&quot;caption&quot;:&quot;&quot;,&quot;created_timestamp&quot;:&quot;0&quot;,&quot;copyright&quot;:&quot;&quot;,&quot;focal_length&quot;:&quot;0&quot;,&quot;iso&quot;:&quot;0&quot;,&quot;shutter_speed&quot;:&quot;0&quot;,&quot;title&quot;:&quot;&quot;,&quot;orientation&quot;:&quot;0&quot;}\" data-image-title=\"poza-rica-inundacion-octubre1\" data-image-description=\"\" data-medium-file=\"https:\/\/i0.wp.com\/www.noticiasperfil.com\/index\/wp-content\/uploads\/2026\/02\/poza-rica-inundacion-octubre1.jpeg?fit=660%2C365&amp;ssl=1\" data-large-file=\"https:\/\/i0.wp.com\/www.noticiasperfil.com\/index\/wp-content\/uploads\/2026\/02\/poza-rica-inundacion-octubre1.jpeg?fit=640%2C366&amp;ssl=1\" data-id=\"119601\" src=\"https:\/\/i0.wp.com\/www.noticiasperfil.com\/index\/wp-content\/uploads\/2026\/02\/poza-rica-inundacion-octubre1.jpeg?fit=640%2C366&amp;ssl=1\" alt=\"\" class=\"wp-image-119601\" srcset=\"https:\/\/i0.wp.com\/www.noticiasperfil.com\/index\/wp-content\/uploads\/2026\/02\/poza-rica-inundacion-octubre1.jpeg?w=1600&amp;ssl=1 1600w, https:\/\/i0.wp.com\/www.noticiasperfil.com\/index\/wp-content\/uploads\/2026\/02\/poza-rica-inundacion-octubre1.jpeg?resize=500%2C280&amp;ssl=1 500w, https:\/\/i0.wp.com\/www.noticiasperfil.com\/index\/wp-content\/uploads\/2026\/02\/poza-rica-inundacion-octubre1.jpeg?resize=1536%2C858&amp;ssl=1 1536w, https:\/\/i0.wp.com\/www.noticiasperfil.com\/index\/wp-content\/uploads\/2026\/02\/poza-rica-inundacion-octubre1.jpeg?w=1280&amp;ssl=1 1280w\" sizes=\"auto, (max-width: 640px) 100vw, 640px\" \/><\/figure>\n\n\n\n<figure class=\"wp-block-image size-large\"><img loading=\"lazy\" decoding=\"async\" width=\"1600\" height=\"904\" data-attachment-id=\"119600\" data-permalink=\"https:\/\/www.noticiasperfil.com\/index\/2026\/01\/23\/2-mil-595-mdp-seran-destinados-a-la-reconstruccion-de-la-zona-norte-incluyendo-poza-rica-tras-la-inundacion-del-10-octubre\/poza-rica-inundacion-octubre2\/\" data-orig-file=\"https:\/\/i2.wp.com\/www.noticiasperfil.com\/index\/wp-content\/uploads\/2026\/02\/poza-rica-inundacion-octubre2.jpeg?fit=1600%2C904&amp;ssl=1\" data-orig-size=\"1600,904\" data-comments-opened=\"1\" data-image-meta=\"{&quot;aperture&quot;:&quot;0&quot;,&quot;credit&quot;:&quot;&quot;,&quot;camera&quot;:&quot;&quot;,&quot;caption&quot;:&quot;&quot;,&quot;created_timestamp&quot;:&quot;0&quot;,&quot;copyright&quot;:&quot;&quot;,&quot;focal_length&quot;:&quot;0&quot;,&quot;iso&quot;:&quot;0&quot;,&quot;shutter_speed&quot;:&quot;0&quot;,&quot;title&quot;:&quot;&quot;,&quot;orientation&quot;:&quot;0&quot;}\" data-image-title=\"poza-rica-inundacion-octubre2\" data-image-description=\"\" data-medium-file=\"https:\/\/i2.wp.com\/www.noticiasperfil.com\/index\/wp-content\/uploads\/2026\/02\/poza-rica-inundacion-octubre2.jpeg?fit=660%2C365&amp;ssl=1\" data-large-file=\"https:\/\/i2.wp.com\/www.noticiasperfil.com\/index\/wp-content\/uploads\/2026\/02\/poza-rica-inundacion-octubre2.jpeg?fit=640%2C366&amp;ssl=1\" data-id=\"119600\" src=\"https:\/\/i2.wp.com\/www.noticiasperfil.com\/index\/wp-content\/uploads\/2026\/02\/poza-rica-inundacion-octubre2.jpeg?fit=640%2C366&amp;ssl=1\" alt=\"\" class=\"wp-image-119600\" srcset=\"https:\/\/i2.wp.com\/www.noticiasperfil.com\/index\/wp-content\/uploads\/2026\/02\/poza-rica-inundacion-octubre2.jpeg?w=1600&amp;ssl=1 1600w, https:\/\/i2.wp.com\/www.noticiasperfil.com\/index\/wp-content\/uploads\/2026\/02\/poza-rica-inundacion-octubre2.jpeg?resize=1536%2C868&amp;ssl=1 1536w, https:\/\/i2.wp.com\/www.noticiasperfil.com\/index\/wp-content\/uploads\/2026\/02\/poza-rica-inundacion-octubre2.jpeg?w=1280&amp;ssl=1 1280w\" sizes=\"auto, (max-width: 640px) 100vw, 640px\" \/><\/figure>\n\n\n\n<figure class=\"wp-block-image size-large\"><img loading=\"lazy\" decoding=\"async\" width=\"1600\" height=\"913\" data-attachment-id=\"119598\" data-permalink=\"https:\/\/www.noticiasperfil.com\/index\/2026\/01\/23\/2-mil-595-mdp-seran-destinados-a-la-reconstruccion-de-la-zona-norte-incluyendo-poza-rica-tras-la-inundacion-del-10-octubre\/poza-rica-inundacion-octubre3\/\" data-orig-file=\"https:\/\/i0.wp.com\/www.noticiasperfil.com\/index\/wp-content\/uploads\/2026\/02\/poza-rica-inundacion-octubre3.jpeg?fit=1600%2C913&amp;ssl=1\" data-orig-size=\"1600,913\" data-comments-opened=\"1\" data-image-meta=\"{&quot;aperture&quot;:&quot;0&quot;,&quot;credit&quot;:&quot;&quot;,&quot;camera&quot;:&quot;&quot;,&quot;caption&quot;:&quot;&quot;,&quot;created_timestamp&quot;:&quot;0&quot;,&quot;copyright&quot;:&quot;&quot;,&quot;focal_length&quot;:&quot;0&quot;,&quot;iso&quot;:&quot;0&quot;,&quot;shutter_speed&quot;:&quot;0&quot;,&quot;title&quot;:&quot;&quot;,&quot;orientation&quot;:&quot;0&quot;}\" data-image-title=\"poza-rica-inundacion-octubre3\" data-image-description=\"\" data-medium-file=\"https:\/\/i0.wp.com\/www.noticiasperfil.com\/index\/wp-content\/uploads\/2026\/02\/poza-rica-inundacion-octubre3.jpeg?fit=660%2C365&amp;ssl=1\" data-large-file=\"https:\/\/i0.wp.com\/www.noticiasperfil.com\/index\/wp-content\/uploads\/2026\/02\/poza-rica-inundacion-octubre3.jpeg?fit=640%2C366&amp;ssl=1\" data-id=\"119598\" src=\"https:\/\/i0.wp.com\/www.noticiasperfil.com\/index\/wp-content\/uploads\/2026\/02\/poza-rica-inundacion-octubre3.jpeg?fit=640%2C366&amp;ssl=1\" alt=\"\" class=\"wp-image-119598\" srcset=\"https:\/\/i0.wp.com\/www.noticiasperfil.com\/index\/wp-content\/uploads\/2026\/02\/poza-rica-inundacion-octubre3.jpeg?w=1600&amp;ssl=1 1600w, https:\/\/i0.wp.com\/www.noticiasperfil.com\/index\/wp-content\/uploads\/2026\/02\/poza-rica-inundacion-octubre3.jpeg?resize=840%2C480&amp;ssl=1 840w, https:\/\/i0.wp.com\/www.noticiasperfil.com\/index\/wp-content\/uploads\/2026\/02\/poza-rica-inundacion-octubre3.jpeg?resize=1536%2C876&amp;ssl=1 1536w, https:\/\/i0.wp.com\/www.noticiasperfil.com\/index\/wp-content\/uploads\/2026\/02\/poza-rica-inundacion-octubre3.jpeg?w=1280&amp;ssl=1 1280w\" sizes=\"auto, (max-width: 640px) 100vw, 640px\" \/><\/figure>\n\n\n\n<figure class=\"wp-block-image size-large\"><img loading=\"lazy\" decoding=\"async\" width=\"1439\" height=\"960\" data-attachment-id=\"119599\" data-permalink=\"https:\/\/www.noticiasperfil.com\/index\/2026\/01\/23\/2-mil-595-mdp-seran-destinados-a-la-reconstruccion-de-la-zona-norte-incluyendo-poza-rica-tras-la-inundacion-del-10-octubre\/poza-rica-inundacion-octubre4\/\" data-orig-file=\"https:\/\/i0.wp.com\/www.noticiasperfil.com\/index\/wp-content\/uploads\/2026\/02\/poza-rica-inundacion-octubre4.jpeg?fit=1439%2C960&amp;ssl=1\" data-orig-size=\"1439,960\" data-comments-opened=\"1\" data-image-meta=\"{&quot;aperture&quot;:&quot;0&quot;,&quot;credit&quot;:&quot;&quot;,&quot;camera&quot;:&quot;&quot;,&quot;caption&quot;:&quot;&quot;,&quot;created_timestamp&quot;:&quot;0&quot;,&quot;copyright&quot;:&quot;&quot;,&quot;focal_length&quot;:&quot;0&quot;,&quot;iso&quot;:&quot;0&quot;,&quot;shutter_speed&quot;:&quot;0&quot;,&quot;title&quot;:&quot;&quot;,&quot;orientation&quot;:&quot;0&quot;}\" data-image-title=\"poza-rica-inundacion-octubre4\" data-image-description=\"\" data-medium-file=\"https:\/\/i0.wp.com\/www.noticiasperfil.com\/index\/wp-content\/uploads\/2026\/02\/poza-rica-inundacion-octubre4.jpeg?fit=660%2C365&amp;ssl=1\" data-large-file=\"https:\/\/i0.wp.com\/www.noticiasperfil.com\/index\/wp-content\/uploads\/2026\/02\/poza-rica-inundacion-octubre4.jpeg?fit=640%2C366&amp;ssl=1\" data-id=\"119599\" src=\"https:\/\/i0.wp.com\/www.noticiasperfil.com\/index\/wp-content\/uploads\/2026\/02\/poza-rica-inundacion-octubre4.jpeg?fit=640%2C366&amp;ssl=1\" alt=\"\" class=\"wp-image-119599\" srcset=\"https:\/\/i0.wp.com\/www.noticiasperfil.com\/index\/wp-content\/uploads\/2026\/02\/poza-rica-inundacion-octubre4.jpeg?w=1439&amp;ssl=1 1439w, https:\/\/i0.wp.com\/www.noticiasperfil.com\/index\/wp-content\/uploads\/2026\/02\/poza-rica-inundacion-octubre4.jpeg?w=1280&amp;ssl=1 1280w\" sizes=\"auto, (max-width: 640px) 100vw, 640px\" \/><\/figure>\n<\/figure>\n\n\n\n<p>23 Ene 2026. Durante su visita a Veracruz, la Presidenta de la Rep\u00fablica, Claudia Sheinbaum Pardo, destac\u00f3 una inversi\u00f3n de 2 mil 595 millones de pesos para la zona norte, la mayor inversi\u00f3n ser\u00e1 para Poza Rica, con obras como la reconstrucci\u00f3n y reforzamiento de redes de agua potable, reconstrucci\u00f3n y mejoramiento de los sistemas de drenaje, obras de protecci\u00f3n contra inundaciones, desazolve y rectificaci\u00f3n del cauce del r\u00edo Cazones y modernizaci\u00f3n de la Planta Tratadora de Aguas Residuales de Poza Rica.<br><br>Estas acciones ya se encuentran realiz\u00e1ndose en las colonias que sufrieron afectaciones por el desbordamiento del r\u00edo Cazones.<br>La inversi\u00f3n se suma a la inversi\u00f3n previa que se otorg\u00f3 a los damnificados con un apoyo econ\u00f3mico y vales de despensa, as\u00ed como el despliegue de todas las dependencias de seguridad y gobierno para la limpieza y rehabilitaci\u00f3n en su primera etapa.<br><br>Adem\u00e1s de las acciones por la inundaci\u00f3n del 10 de octubre, se anunci\u00f3 tambi\u00e9n la relocalizaci\u00f3n de 3,018 familias que se encuentran en zonas de riesgo, principalmente en la ribera del r\u00edo Cazones. Por condiciones de seguridad, se estar\u00e1n destinando siete predios municipales, cinco predios del Gobierno Federal y un predio privado.<br><br>En la reubicaci\u00f3n y dentro de la inversi\u00f3n que realizar\u00e1 el Gobierno Federal, el Proyecto Coatzintla contempla la construcci\u00f3n de 3,500 viviendas en un terreno de 35 hect\u00e1reas. El lote d\u00faplex contar\u00e1 con 105 m\u00b2, para la construcci\u00f3n de una vivienda de 61.53 m\u00b2, que consiste en dos rec\u00e1maras, sala, comedor, cocina y jard\u00edn.<br><br>Las familias ya se encuentran previamente identificadas; se les buscar\u00e1 casa por casa para entregarles una c\u00e9dula socioecon\u00f3mica, principalmente a quienes viven en zonas de riesgo y en la ribera del r\u00edo.<br><br>Con estas acciones, el Gobierno Federal, en coordinaci\u00f3n con el Gobierno del Estado, que encabeza la gobernadora Roc\u00edo Nahle, y el Gobierno Municipal, que dirige la presidenta Adanely Rodr\u00edguez, realizan un trabajo coordinado para que estas obras que se encuentran en ejecuci\u00f3n tengan conclusi\u00f3n en 2027.<\/p>\n","protected":false},"excerpt":{"rendered":"<p>23 Ene 2026. Durante su visita a Veracruz, la Presidenta de la Rep\u00fablica, Claudia Sheinbaum Pardo, destac\u00f3 una inversi\u00f3n de 2 mil 595 millones de pesos para la zona norte, la mayor inversi\u00f3n ser\u00e1 para Poza Rica, con obras como la reconstrucci\u00f3n y reforzamiento de redes de agua potable, reconstrucci\u00f3n y mejoramiento de los sistemas de drenaje, obras de protecci\u00f3n contra inundaciones, desazolve y rectificaci\u00f3n del cauce del r\u00edo Cazones y modernizaci\u00f3n de la Planta Tratadora de Aguas Residuales de Poza Rica. Estas acciones ya se encuentran realiz\u00e1ndose en las&hellip;<\/p>\n","protected":false},"author":1,"featured_media":119599,"comment_status":"open","ping_status":"closed","sticky":false,"template":"","format":"standard","meta":{"footnotes":""},"categories":[10679,10603],"tags":[],"class_list":["post-119597","post","type-post","status-publish","format-standard","has-post-thumbnail","hentry","category-poza-rica","category-zona-norte"],"jetpack-related-posts":[],"_links":{"self":[{"href":"https:\/\/www.noticiasperfil.com\/index\/wp-json\/wp\/v2\/posts\/119597","targetHints":{"allow":["GET"]}}],"collection":[{"href":"https:\/\/www.noticiasperfil.com\/index\/wp-json\/wp\/v2\/posts"}],"about":[{"href":"https:\/\/www.noticiasperfil.com\/index\/wp-json\/wp\/v2\/types\/post"}],"author":[{"embeddable":true,"href":"https:\/\/www.noticiasperfil.com\/index\/wp-json\/wp\/v2\/users\/1"}],"replies":[{"embeddable":true,"href":"https:\/\/www.noticiasperfil.com\/index\/wp-json\/wp\/v2\/comments?post=119597"}],"version-history":[{"count":1,"href":"https:\/\/www.noticiasperfil.com\/index\/wp-json\/wp\/v2\/posts\/119597\/revisions"}],"predecessor-version":[{"id":119602,"href":"https:\/\/www.noticiasperfil.com\/index\/wp-json\/wp\/v2\/posts\/119597\/revisions\/119602"}],"wp:featuredmedia":[{"embeddable":true,"href":"https:\/\/www.noticiasperfil.com\/index\/wp-json\/wp\/v2\/media\/119599"}],"wp:attachment":[{"href":"https:\/\/www.noticiasperfil.com\/index\/wp-json\/wp\/v2\/media?parent=119597"}],"wp:term":[{"taxonomy":"category","embeddable":true,"href":"https:\/\/www.noticiasperfil.com\/index\/wp-json\/wp\/v2\/categories?post=119597"},{"taxonomy":"post_tag","embeddable":true,"href":"https:\/\/www.noticiasperfil.com\/index\/wp-json\/wp\/v2\/tags?post=119597"}],"curies":[{"name":"wp","href":"https:\/\/api.w.org\/{rel}","templated":true}]}}