{"id":119603,"date":"2026-01-24T00:02:40","date_gmt":"2026-01-24T06:02:40","guid":{"rendered":"https:\/\/www.noticiasperfil.com\/index\/?p=119603"},"modified":"2026-02-09T00:07:28","modified_gmt":"2026-02-09T06:07:28","slug":"sonrisas-que-transforman-con-dif-y-gobierno-de-poza-rica","status":"publish","type":"post","link":"https:\/\/www.noticiasperfil.com\/index\/2026\/01\/24\/sonrisas-que-transforman-con-dif-y-gobierno-de-poza-rica\/","title":{"rendered":"Sonrisas que transforman con DIF y Gobierno de Poza Rica"},"content":{"rendered":"\n<figure class=\"wp-block-gallery has-nested-images columns-default is-cropped wp-block-gallery-1 is-layout-flex wp-block-gallery-is-layout-flex\">\n<figure class=\"wp-block-image size-large\"><img loading=\"lazy\" decoding=\"async\" width=\"1280\" height=\"854\" data-attachment-id=\"119612\" data-permalink=\"https:\/\/www.noticiasperfil.com\/index\/2026\/01\/24\/sonrisas-que-transforman-con-dif-y-gobierno-de-poza-rica\/sonrisas-transforman-dif-gobierno6\/\" data-orig-file=\"https:\/\/i1.wp.com\/www.noticiasperfil.com\/index\/wp-content\/uploads\/2026\/02\/sonrisas-transforman-dif-gobierno6.jpeg?fit=1280%2C854&amp;ssl=1\" data-orig-size=\"1280,854\" data-comments-opened=\"1\" data-image-meta=\"{&quot;aperture&quot;:&quot;0&quot;,&quot;credit&quot;:&quot;&quot;,&quot;camera&quot;:&quot;&quot;,&quot;caption&quot;:&quot;&quot;,&quot;created_timestamp&quot;:&quot;0&quot;,&quot;copyright&quot;:&quot;&quot;,&quot;focal_length&quot;:&quot;0&quot;,&quot;iso&quot;:&quot;0&quot;,&quot;shutter_speed&quot;:&quot;0&quot;,&quot;title&quot;:&quot;&quot;,&quot;orientation&quot;:&quot;0&quot;}\" data-image-title=\"sonrisas-transforman-dif-gobierno6\" data-image-description=\"\" data-medium-file=\"https:\/\/i1.wp.com\/www.noticiasperfil.com\/index\/wp-content\/uploads\/2026\/02\/sonrisas-transforman-dif-gobierno6.jpeg?fit=660%2C365&amp;ssl=1\" data-large-file=\"https:\/\/i1.wp.com\/www.noticiasperfil.com\/index\/wp-content\/uploads\/2026\/02\/sonrisas-transforman-dif-gobierno6.jpeg?fit=640%2C366&amp;ssl=1\" data-id=\"119612\" src=\"https:\/\/i1.wp.com\/www.noticiasperfil.com\/index\/wp-content\/uploads\/2026\/02\/sonrisas-transforman-dif-gobierno6.jpeg?fit=640%2C366&amp;ssl=1\" alt=\"\" class=\"wp-image-119612\"\/><\/figure>\n\n\n\n<figure class=\"wp-block-image size-large\"><img loading=\"lazy\" decoding=\"async\" width=\"1280\" height=\"854\" data-attachment-id=\"119611\" data-permalink=\"https:\/\/www.noticiasperfil.com\/index\/2026\/01\/24\/sonrisas-que-transforman-con-dif-y-gobierno-de-poza-rica\/sonrisas-transforman-dif-gobierno7\/\" data-orig-file=\"https:\/\/i0.wp.com\/www.noticiasperfil.com\/index\/wp-content\/uploads\/2026\/02\/sonrisas-transforman-dif-gobierno7.jpeg?fit=1280%2C854&amp;ssl=1\" data-orig-size=\"1280,854\" data-comments-opened=\"1\" data-image-meta=\"{&quot;aperture&quot;:&quot;0&quot;,&quot;credit&quot;:&quot;&quot;,&quot;camera&quot;:&quot;&quot;,&quot;caption&quot;:&quot;&quot;,&quot;created_timestamp&quot;:&quot;0&quot;,&quot;copyright&quot;:&quot;&quot;,&quot;focal_length&quot;:&quot;0&quot;,&quot;iso&quot;:&quot;0&quot;,&quot;shutter_speed&quot;:&quot;0&quot;,&quot;title&quot;:&quot;&quot;,&quot;orientation&quot;:&quot;0&quot;}\" data-image-title=\"sonrisas-transforman-dif-gobierno7\" data-image-description=\"\" data-medium-file=\"https:\/\/i0.wp.com\/www.noticiasperfil.com\/index\/wp-content\/uploads\/2026\/02\/sonrisas-transforman-dif-gobierno7.jpeg?fit=660%2C365&amp;ssl=1\" data-large-file=\"https:\/\/i0.wp.com\/www.noticiasperfil.com\/index\/wp-content\/uploads\/2026\/02\/sonrisas-transforman-dif-gobierno7.jpeg?fit=640%2C366&amp;ssl=1\" data-id=\"119611\" src=\"https:\/\/i0.wp.com\/www.noticiasperfil.com\/index\/wp-content\/uploads\/2026\/02\/sonrisas-transforman-dif-gobierno7.jpeg?fit=640%2C366&amp;ssl=1\" alt=\"\" class=\"wp-image-119611\"\/><\/figure>\n\n\n\n<figure class=\"wp-block-image size-large\"><img loading=\"lazy\" decoding=\"async\" width=\"1280\" height=\"854\" data-attachment-id=\"119610\" data-permalink=\"https:\/\/www.noticiasperfil.com\/index\/2026\/01\/24\/sonrisas-que-transforman-con-dif-y-gobierno-de-poza-rica\/sonrisas-transforman-dif-gobierno8\/\" data-orig-file=\"https:\/\/i2.wp.com\/www.noticiasperfil.com\/index\/wp-content\/uploads\/2026\/02\/sonrisas-transforman-dif-gobierno8.jpeg?fit=1280%2C854&amp;ssl=1\" data-orig-size=\"1280,854\" data-comments-opened=\"1\" data-image-meta=\"{&quot;aperture&quot;:&quot;0&quot;,&quot;credit&quot;:&quot;&quot;,&quot;camera&quot;:&quot;&quot;,&quot;caption&quot;:&quot;&quot;,&quot;created_timestamp&quot;:&quot;0&quot;,&quot;copyright&quot;:&quot;&quot;,&quot;focal_length&quot;:&quot;0&quot;,&quot;iso&quot;:&quot;0&quot;,&quot;shutter_speed&quot;:&quot;0&quot;,&quot;title&quot;:&quot;&quot;,&quot;orientation&quot;:&quot;0&quot;}\" data-image-title=\"sonrisas-transforman-dif-gobierno8\" data-image-description=\"\" data-medium-file=\"https:\/\/i2.wp.com\/www.noticiasperfil.com\/index\/wp-content\/uploads\/2026\/02\/sonrisas-transforman-dif-gobierno8.jpeg?fit=660%2C365&amp;ssl=1\" data-large-file=\"https:\/\/i2.wp.com\/www.noticiasperfil.com\/index\/wp-content\/uploads\/2026\/02\/sonrisas-transforman-dif-gobierno8.jpeg?fit=640%2C366&amp;ssl=1\" data-id=\"119610\" src=\"https:\/\/i2.wp.com\/www.noticiasperfil.com\/index\/wp-content\/uploads\/2026\/02\/sonrisas-transforman-dif-gobierno8.jpeg?fit=640%2C366&amp;ssl=1\" alt=\"\" class=\"wp-image-119610\"\/><\/figure>\n\n\n\n<figure class=\"wp-block-image size-large\"><img loading=\"lazy\" decoding=\"async\" width=\"1280\" height=\"854\" data-attachment-id=\"119609\" data-permalink=\"https:\/\/www.noticiasperfil.com\/index\/2026\/01\/24\/sonrisas-que-transforman-con-dif-y-gobierno-de-poza-rica\/sonrisas-transforman-dif-gobierno9\/\" data-orig-file=\"https:\/\/i2.wp.com\/www.noticiasperfil.com\/index\/wp-content\/uploads\/2026\/02\/sonrisas-transforman-dif-gobierno9.jpeg?fit=1280%2C854&amp;ssl=1\" data-orig-size=\"1280,854\" data-comments-opened=\"1\" data-image-meta=\"{&quot;aperture&quot;:&quot;0&quot;,&quot;credit&quot;:&quot;&quot;,&quot;camera&quot;:&quot;&quot;,&quot;caption&quot;:&quot;&quot;,&quot;created_timestamp&quot;:&quot;0&quot;,&quot;copyright&quot;:&quot;&quot;,&quot;focal_length&quot;:&quot;0&quot;,&quot;iso&quot;:&quot;0&quot;,&quot;shutter_speed&quot;:&quot;0&quot;,&quot;title&quot;:&quot;&quot;,&quot;orientation&quot;:&quot;0&quot;}\" data-image-title=\"sonrisas-transforman-dif-gobierno9\" data-image-description=\"\" data-medium-file=\"https:\/\/i2.wp.com\/www.noticiasperfil.com\/index\/wp-content\/uploads\/2026\/02\/sonrisas-transforman-dif-gobierno9.jpeg?fit=660%2C365&amp;ssl=1\" data-large-file=\"https:\/\/i2.wp.com\/www.noticiasperfil.com\/index\/wp-content\/uploads\/2026\/02\/sonrisas-transforman-dif-gobierno9.jpeg?fit=640%2C366&amp;ssl=1\" data-id=\"119609\" src=\"https:\/\/i2.wp.com\/www.noticiasperfil.com\/index\/wp-content\/uploads\/2026\/02\/sonrisas-transforman-dif-gobierno9.jpeg?fit=640%2C366&amp;ssl=1\" alt=\"\" class=\"wp-image-119609\"\/><\/figure>\n\n\n\n<figure class=\"wp-block-image size-large\"><img loading=\"lazy\" decoding=\"async\" width=\"1280\" height=\"854\" data-attachment-id=\"119608\" data-permalink=\"https:\/\/www.noticiasperfil.com\/index\/2026\/01\/24\/sonrisas-que-transforman-con-dif-y-gobierno-de-poza-rica\/sonrisas-transforman-dif-gobierno1\/\" data-orig-file=\"https:\/\/i1.wp.com\/www.noticiasperfil.com\/index\/wp-content\/uploads\/2026\/02\/sonrisas-transforman-dif-gobierno1.jpeg?fit=1280%2C854&amp;ssl=1\" data-orig-size=\"1280,854\" data-comments-opened=\"1\" data-image-meta=\"{&quot;aperture&quot;:&quot;0&quot;,&quot;credit&quot;:&quot;&quot;,&quot;camera&quot;:&quot;&quot;,&quot;caption&quot;:&quot;&quot;,&quot;created_timestamp&quot;:&quot;0&quot;,&quot;copyright&quot;:&quot;&quot;,&quot;focal_length&quot;:&quot;0&quot;,&quot;iso&quot;:&quot;0&quot;,&quot;shutter_speed&quot;:&quot;0&quot;,&quot;title&quot;:&quot;&quot;,&quot;orientation&quot;:&quot;0&quot;}\" data-image-title=\"sonrisas-transforman-dif-gobierno1\" data-image-description=\"\" data-medium-file=\"https:\/\/i1.wp.com\/www.noticiasperfil.com\/index\/wp-content\/uploads\/2026\/02\/sonrisas-transforman-dif-gobierno1.jpeg?fit=660%2C365&amp;ssl=1\" data-large-file=\"https:\/\/i1.wp.com\/www.noticiasperfil.com\/index\/wp-content\/uploads\/2026\/02\/sonrisas-transforman-dif-gobierno1.jpeg?fit=640%2C366&amp;ssl=1\" data-id=\"119608\" src=\"https:\/\/i1.wp.com\/www.noticiasperfil.com\/index\/wp-content\/uploads\/2026\/02\/sonrisas-transforman-dif-gobierno1.jpeg?fit=640%2C366&amp;ssl=1\" alt=\"\" class=\"wp-image-119608\"\/><\/figure>\n<\/figure>\n\n\n\n<p><strong>* Realizaron el Gran Festejo de Reyes Magos en la Plaza C\u00edvica.<\/strong><\/p>\n\n\n\n<p>Poza Rica, Ver. \u2013 En un ambiente de magia, color y profunda alegr\u00eda, la Plaza C\u00edvica 18 de Marzo se transform\u00f3 en el escenario principal del Gran Festejo de Reyes Magos, un evento dedicado a la ni\u00f1ez pozarricense organizado por el Sistema DIF Municipal en coordinaci\u00f3n con el Gobierno de Poza Rica que encabeza la presidenta municipal,&nbsp;<strong>Adanely Rodr\u00edguez,&nbsp;<\/strong>con el objetivo central de brindar espacios de recreaci\u00f3n dignos que permitan el fomento de la uni\u00f3n familiar, pilar fundamental para el desarrollo de nuestra sociedad.<\/p>\n\n\n\n<p>Durante su mensaje, la alcaldesa subray\u00f3 que el bienestar de la ni\u00f1ez es la prioridad de la actual administraci\u00f3n, resaltando que la convivencia familiar es la herramienta m\u00e1s poderosa para el fortalecimiento de los valores en nuestras ni\u00f1as y ni\u00f1os, as\u00ed mismo reconoci\u00f3 cada esfuerzo de las madres y padres de familia que hacen todo lo posible por salir adelante, \u201cLos valoro, respeto y admiro\u201d manifest\u00f3.<\/p>\n\n\n\n<p>Asegur\u00f3 que la meta es continuar con acciones que no solo brinden alegr\u00eda moment\u00e1nea, sino que formen ciudadanos \u00edntegros, con valores s\u00f3lidos y que el d\u00eda de ma\u00f1ana se conviertan en personas comprometidas con su municipio y con su pa\u00eds.<\/p>\n\n\n\n<p>Por su parte la directora del Sistema Municipal DIF, Stepahny Paola Mar Segura, brind\u00f3 su agradecimiento a quienes apoyaron por hacer posible cada uno de los eventos de \u201cLa Magia de los Reyes Magos\u201d, que llev\u00f3, esperanza, alegr\u00eda y magia a los sectores m\u00e1s afectados por las inundaciones, donde qued\u00f3 demostrado que cuando gobierno y ciudadan\u00eda se une, la magia si existe.<\/p>\n\n\n\n<p>Este gran evento congreg\u00f3 a las familias pozarricenses, que se dieron cita para disfrutar de una cartelera de actividades dise\u00f1ada para el sano esparcimiento. El evento estuvo plagado de diversi\u00f3n, destacando: Juegos y din\u00e1micas, inflables gigantes, rifas y regalos y show en vivo.<\/p>\n\n\n\n<p>Con esta acci\u00f3n el Gobierno de Poza Rica y el DIF Municipal reafirman su compromiso de trabajar de la mano con la ciudadan\u00eda para rescatar el tejido social y garantizar que la ni\u00f1ez crezca en un entorno de amor, seguridad y bienestar.<\/p>\n\n\n\n<figure class=\"wp-block-gallery has-nested-images columns-default is-cropped wp-block-gallery-2 is-layout-flex wp-block-gallery-is-layout-flex\">\n<figure class=\"wp-block-image size-large\"><img loading=\"lazy\" decoding=\"async\" width=\"1280\" height=\"720\" data-attachment-id=\"119607\" data-permalink=\"https:\/\/www.noticiasperfil.com\/index\/2026\/01\/24\/sonrisas-que-transforman-con-dif-y-gobierno-de-poza-rica\/sonrisas-transforman-dif-gobierno2\/\" data-orig-file=\"https:\/\/i2.wp.com\/www.noticiasperfil.com\/index\/wp-content\/uploads\/2026\/02\/sonrisas-transforman-dif-gobierno2.jpeg?fit=1280%2C720&amp;ssl=1\" data-orig-size=\"1280,720\" data-comments-opened=\"1\" data-image-meta=\"{&quot;aperture&quot;:&quot;0&quot;,&quot;credit&quot;:&quot;&quot;,&quot;camera&quot;:&quot;&quot;,&quot;caption&quot;:&quot;&quot;,&quot;created_timestamp&quot;:&quot;0&quot;,&quot;copyright&quot;:&quot;&quot;,&quot;focal_length&quot;:&quot;0&quot;,&quot;iso&quot;:&quot;0&quot;,&quot;shutter_speed&quot;:&quot;0&quot;,&quot;title&quot;:&quot;&quot;,&quot;orientation&quot;:&quot;0&quot;}\" data-image-title=\"sonrisas-transforman-dif-gobierno2\" data-image-description=\"\" data-medium-file=\"https:\/\/i2.wp.com\/www.noticiasperfil.com\/index\/wp-content\/uploads\/2026\/02\/sonrisas-transforman-dif-gobierno2.jpeg?fit=660%2C365&amp;ssl=1\" data-large-file=\"https:\/\/i2.wp.com\/www.noticiasperfil.com\/index\/wp-content\/uploads\/2026\/02\/sonrisas-transforman-dif-gobierno2.jpeg?fit=640%2C366&amp;ssl=1\" data-id=\"119607\" src=\"https:\/\/i2.wp.com\/www.noticiasperfil.com\/index\/wp-content\/uploads\/2026\/02\/sonrisas-transforman-dif-gobierno2.jpeg?fit=640%2C366&amp;ssl=1\" alt=\"\" class=\"wp-image-119607\" srcset=\"https:\/\/i2.wp.com\/www.noticiasperfil.com\/index\/wp-content\/uploads\/2026\/02\/sonrisas-transforman-dif-gobierno2.jpeg?w=1280&amp;ssl=1 1280w, https:\/\/i2.wp.com\/www.noticiasperfil.com\/index\/wp-content\/uploads\/2026\/02\/sonrisas-transforman-dif-gobierno2.jpeg?resize=500%2C280&amp;ssl=1 500w\" sizes=\"auto, (max-width: 640px) 100vw, 640px\" \/><\/figure>\n\n\n\n<figure class=\"wp-block-image size-large\"><img loading=\"lazy\" decoding=\"async\" width=\"1280\" height=\"854\" data-attachment-id=\"119606\" data-permalink=\"https:\/\/www.noticiasperfil.com\/index\/2026\/01\/24\/sonrisas-que-transforman-con-dif-y-gobierno-de-poza-rica\/sonrisas-transforman-dif-gobierno3\/\" data-orig-file=\"https:\/\/i2.wp.com\/www.noticiasperfil.com\/index\/wp-content\/uploads\/2026\/02\/sonrisas-transforman-dif-gobierno3.jpeg?fit=1280%2C854&amp;ssl=1\" data-orig-size=\"1280,854\" data-comments-opened=\"1\" data-image-meta=\"{&quot;aperture&quot;:&quot;0&quot;,&quot;credit&quot;:&quot;&quot;,&quot;camera&quot;:&quot;&quot;,&quot;caption&quot;:&quot;&quot;,&quot;created_timestamp&quot;:&quot;0&quot;,&quot;copyright&quot;:&quot;&quot;,&quot;focal_length&quot;:&quot;0&quot;,&quot;iso&quot;:&quot;0&quot;,&quot;shutter_speed&quot;:&quot;0&quot;,&quot;title&quot;:&quot;&quot;,&quot;orientation&quot;:&quot;0&quot;}\" data-image-title=\"sonrisas-transforman-dif-gobierno3\" data-image-description=\"\" data-medium-file=\"https:\/\/i2.wp.com\/www.noticiasperfil.com\/index\/wp-content\/uploads\/2026\/02\/sonrisas-transforman-dif-gobierno3.jpeg?fit=660%2C365&amp;ssl=1\" data-large-file=\"https:\/\/i2.wp.com\/www.noticiasperfil.com\/index\/wp-content\/uploads\/2026\/02\/sonrisas-transforman-dif-gobierno3.jpeg?fit=640%2C366&amp;ssl=1\" data-id=\"119606\" src=\"https:\/\/i2.wp.com\/www.noticiasperfil.com\/index\/wp-content\/uploads\/2026\/02\/sonrisas-transforman-dif-gobierno3.jpeg?fit=640%2C366&amp;ssl=1\" alt=\"\" class=\"wp-image-119606\"\/><\/figure>\n\n\n\n<figure class=\"wp-block-image size-large\"><img loading=\"lazy\" decoding=\"async\" width=\"1280\" height=\"854\" data-attachment-id=\"119605\" data-permalink=\"https:\/\/www.noticiasperfil.com\/index\/2026\/01\/24\/sonrisas-que-transforman-con-dif-y-gobierno-de-poza-rica\/sonrisas-transforman-dif-gobierno4\/\" data-orig-file=\"https:\/\/i2.wp.com\/www.noticiasperfil.com\/index\/wp-content\/uploads\/2026\/02\/sonrisas-transforman-dif-gobierno4.jpeg?fit=1280%2C854&amp;ssl=1\" data-orig-size=\"1280,854\" data-comments-opened=\"1\" data-image-meta=\"{&quot;aperture&quot;:&quot;0&quot;,&quot;credit&quot;:&quot;&quot;,&quot;camera&quot;:&quot;&quot;,&quot;caption&quot;:&quot;&quot;,&quot;created_timestamp&quot;:&quot;0&quot;,&quot;copyright&quot;:&quot;&quot;,&quot;focal_length&quot;:&quot;0&quot;,&quot;iso&quot;:&quot;0&quot;,&quot;shutter_speed&quot;:&quot;0&quot;,&quot;title&quot;:&quot;&quot;,&quot;orientation&quot;:&quot;0&quot;}\" data-image-title=\"sonrisas-transforman-dif-gobierno4\" data-image-description=\"\" data-medium-file=\"https:\/\/i2.wp.com\/www.noticiasperfil.com\/index\/wp-content\/uploads\/2026\/02\/sonrisas-transforman-dif-gobierno4.jpeg?fit=660%2C365&amp;ssl=1\" data-large-file=\"https:\/\/i2.wp.com\/www.noticiasperfil.com\/index\/wp-content\/uploads\/2026\/02\/sonrisas-transforman-dif-gobierno4.jpeg?fit=640%2C366&amp;ssl=1\" data-id=\"119605\" src=\"https:\/\/i2.wp.com\/www.noticiasperfil.com\/index\/wp-content\/uploads\/2026\/02\/sonrisas-transforman-dif-gobierno4.jpeg?fit=640%2C366&amp;ssl=1\" alt=\"\" class=\"wp-image-119605\"\/><\/figure>\n\n\n\n<figure class=\"wp-block-image size-large\"><img loading=\"lazy\" decoding=\"async\" width=\"1280\" height=\"854\" data-attachment-id=\"119604\" data-permalink=\"https:\/\/www.noticiasperfil.com\/index\/2026\/01\/24\/sonrisas-que-transforman-con-dif-y-gobierno-de-poza-rica\/sonrisas-transforman-dif-gobierno5\/\" data-orig-file=\"https:\/\/i0.wp.com\/www.noticiasperfil.com\/index\/wp-content\/uploads\/2026\/02\/sonrisas-transforman-dif-gobierno5.jpeg?fit=1280%2C854&amp;ssl=1\" data-orig-size=\"1280,854\" data-comments-opened=\"1\" data-image-meta=\"{&quot;aperture&quot;:&quot;0&quot;,&quot;credit&quot;:&quot;&quot;,&quot;camera&quot;:&quot;&quot;,&quot;caption&quot;:&quot;&quot;,&quot;created_timestamp&quot;:&quot;0&quot;,&quot;copyright&quot;:&quot;&quot;,&quot;focal_length&quot;:&quot;0&quot;,&quot;iso&quot;:&quot;0&quot;,&quot;shutter_speed&quot;:&quot;0&quot;,&quot;title&quot;:&quot;&quot;,&quot;orientation&quot;:&quot;0&quot;}\" data-image-title=\"sonrisas-transforman-dif-gobierno5\" data-image-description=\"\" data-medium-file=\"https:\/\/i0.wp.com\/www.noticiasperfil.com\/index\/wp-content\/uploads\/2026\/02\/sonrisas-transforman-dif-gobierno5.jpeg?fit=660%2C365&amp;ssl=1\" data-large-file=\"https:\/\/i0.wp.com\/www.noticiasperfil.com\/index\/wp-content\/uploads\/2026\/02\/sonrisas-transforman-dif-gobierno5.jpeg?fit=640%2C366&amp;ssl=1\" data-id=\"119604\" src=\"https:\/\/i0.wp.com\/www.noticiasperfil.com\/index\/wp-content\/uploads\/2026\/02\/sonrisas-transforman-dif-gobierno5.jpeg?fit=640%2C366&amp;ssl=1\" alt=\"\" class=\"wp-image-119604\"\/><\/figure>\n<\/figure>\n","protected":false},"excerpt":{"rendered":"<p>* Realizaron el Gran Festejo de Reyes Magos en la Plaza C\u00edvica. Poza Rica, Ver. \u2013 En un ambiente de magia, color y profunda alegr\u00eda, la Plaza C\u00edvica 18 de Marzo se transform\u00f3 en el escenario principal del Gran Festejo de Reyes Magos, un evento dedicado a la ni\u00f1ez pozarricense organizado por el Sistema DIF Municipal en coordinaci\u00f3n con el Gobierno de Poza Rica que encabeza la presidenta municipal,&nbsp;Adanely Rodr\u00edguez,&nbsp;con el objetivo central de brindar espacios de recreaci\u00f3n dignos que permitan el fomento de la uni\u00f3n familiar, pilar fundamental para&hellip;<\/p>\n","protected":false},"author":1,"featured_media":119607,"comment_status":"open","ping_status":"closed","sticky":false,"template":"","format":"standard","meta":{"footnotes":""},"categories":[10679,10603],"tags":[],"class_list":["post-119603","post","type-post","status-publish","format-standard","has-post-thumbnail","hentry","category-poza-rica","category-zona-norte"],"jetpack-related-posts":[],"_links":{"self":[{"href":"https:\/\/www.noticiasperfil.com\/index\/wp-json\/wp\/v2\/posts\/119603","targetHints":{"allow":["GET"]}}],"collection":[{"href":"https:\/\/www.noticiasperfil.com\/index\/wp-json\/wp\/v2\/posts"}],"about":[{"href":"https:\/\/www.noticiasperfil.com\/index\/wp-json\/wp\/v2\/types\/post"}],"author":[{"embeddable":true,"href":"https:\/\/www.noticiasperfil.com\/index\/wp-json\/wp\/v2\/users\/1"}],"replies":[{"embeddable":true,"href":"https:\/\/www.noticiasperfil.com\/index\/wp-json\/wp\/v2\/comments?post=119603"}],"version-history":[{"count":1,"href":"https:\/\/www.noticiasperfil.com\/index\/wp-json\/wp\/v2\/posts\/119603\/revisions"}],"predecessor-version":[{"id":119613,"href":"https:\/\/www.noticiasperfil.com\/index\/wp-json\/wp\/v2\/posts\/119603\/revisions\/119613"}],"wp:featuredmedia":[{"embeddable":true,"href":"https:\/\/www.noticiasperfil.com\/index\/wp-json\/wp\/v2\/media\/119607"}],"wp:attachment":[{"href":"https:\/\/www.noticiasperfil.com\/index\/wp-json\/wp\/v2\/media?parent=119603"}],"wp:term":[{"taxonomy":"category","embeddable":true,"href":"https:\/\/www.noticiasperfil.com\/index\/wp-json\/wp\/v2\/categories?post=119603"},{"taxonomy":"post_tag","embeddable":true,"href":"https:\/\/www.noticiasperfil.com\/index\/wp-json\/wp\/v2\/tags?post=119603"}],"curies":[{"name":"wp","href":"https:\/\/api.w.org\/{rel}","templated":true}]}}