{"id":119614,"date":"2026-01-25T00:09:18","date_gmt":"2026-01-25T06:09:18","guid":{"rendered":"https:\/\/www.noticiasperfil.com\/index\/?p=119614"},"modified":"2026-02-09T00:12:01","modified_gmt":"2026-02-09T06:12:01","slug":"gobierno-de-poza-rica-conmemora-el-56-aniversario-del-accidente-aereo-del-cerro-del-meson","status":"publish","type":"post","link":"https:\/\/www.noticiasperfil.com\/index\/2026\/01\/25\/gobierno-de-poza-rica-conmemora-el-56-aniversario-del-accidente-aereo-del-cerro-del-meson\/","title":{"rendered":"Gobierno de Poza Rica conmemora el 56 aniversario del accidente a\u00e9reo del Cerro del Mes\u00f3n"},"content":{"rendered":"\n<figure class=\"wp-block-gallery has-nested-images columns-default is-cropped wp-block-gallery-1 is-layout-flex wp-block-gallery-is-layout-flex\">\n<figure class=\"wp-block-image size-large\"><img loading=\"lazy\" decoding=\"async\" width=\"1600\" height=\"866\" data-attachment-id=\"119617\" data-permalink=\"https:\/\/www.noticiasperfil.com\/index\/2026\/01\/25\/gobierno-de-poza-rica-conmemora-el-56-aniversario-del-accidente-aereo-del-cerro-del-meson\/conmemora-aniversario-accidente-aereo-cerro-meson1\/\" data-orig-file=\"https:\/\/i2.wp.com\/www.noticiasperfil.com\/index\/wp-content\/uploads\/2026\/02\/conmemora-aniversario-accidente-aereo-cerro-meson1.jpeg?fit=1600%2C866&amp;ssl=1\" data-orig-size=\"1600,866\" data-comments-opened=\"1\" data-image-meta=\"{&quot;aperture&quot;:&quot;0&quot;,&quot;credit&quot;:&quot;&quot;,&quot;camera&quot;:&quot;&quot;,&quot;caption&quot;:&quot;&quot;,&quot;created_timestamp&quot;:&quot;0&quot;,&quot;copyright&quot;:&quot;&quot;,&quot;focal_length&quot;:&quot;0&quot;,&quot;iso&quot;:&quot;0&quot;,&quot;shutter_speed&quot;:&quot;0&quot;,&quot;title&quot;:&quot;&quot;,&quot;orientation&quot;:&quot;0&quot;}\" data-image-title=\"conmemora-aniversario-accidente-aereo-cerro-meson1\" data-image-description=\"\" data-medium-file=\"https:\/\/i2.wp.com\/www.noticiasperfil.com\/index\/wp-content\/uploads\/2026\/02\/conmemora-aniversario-accidente-aereo-cerro-meson1.jpeg?fit=660%2C365&amp;ssl=1\" data-large-file=\"https:\/\/i2.wp.com\/www.noticiasperfil.com\/index\/wp-content\/uploads\/2026\/02\/conmemora-aniversario-accidente-aereo-cerro-meson1.jpeg?fit=640%2C366&amp;ssl=1\" data-id=\"119617\" src=\"https:\/\/i2.wp.com\/www.noticiasperfil.com\/index\/wp-content\/uploads\/2026\/02\/conmemora-aniversario-accidente-aereo-cerro-meson1.jpeg?fit=640%2C366&amp;ssl=1\" alt=\"\" class=\"wp-image-119617\" srcset=\"https:\/\/i2.wp.com\/www.noticiasperfil.com\/index\/wp-content\/uploads\/2026\/02\/conmemora-aniversario-accidente-aereo-cerro-meson1.jpeg?w=1600&amp;ssl=1 1600w, https:\/\/i2.wp.com\/www.noticiasperfil.com\/index\/wp-content\/uploads\/2026\/02\/conmemora-aniversario-accidente-aereo-cerro-meson1.jpeg?resize=1536%2C831&amp;ssl=1 1536w, https:\/\/i2.wp.com\/www.noticiasperfil.com\/index\/wp-content\/uploads\/2026\/02\/conmemora-aniversario-accidente-aereo-cerro-meson1.jpeg?w=1280&amp;ssl=1 1280w\" sizes=\"auto, (max-width: 640px) 100vw, 640px\" \/><\/figure>\n\n\n\n<figure class=\"wp-block-image size-large\"><img loading=\"lazy\" decoding=\"async\" width=\"1280\" height=\"854\" data-attachment-id=\"119616\" data-permalink=\"https:\/\/www.noticiasperfil.com\/index\/2026\/01\/25\/gobierno-de-poza-rica-conmemora-el-56-aniversario-del-accidente-aereo-del-cerro-del-meson\/conmemora-aniversario-accidente-aereo-cerro-meson2\/\" data-orig-file=\"https:\/\/i1.wp.com\/www.noticiasperfil.com\/index\/wp-content\/uploads\/2026\/02\/conmemora-aniversario-accidente-aereo-cerro-meson2.jpeg?fit=1280%2C854&amp;ssl=1\" data-orig-size=\"1280,854\" data-comments-opened=\"1\" data-image-meta=\"{&quot;aperture&quot;:&quot;0&quot;,&quot;credit&quot;:&quot;&quot;,&quot;camera&quot;:&quot;&quot;,&quot;caption&quot;:&quot;&quot;,&quot;created_timestamp&quot;:&quot;0&quot;,&quot;copyright&quot;:&quot;&quot;,&quot;focal_length&quot;:&quot;0&quot;,&quot;iso&quot;:&quot;0&quot;,&quot;shutter_speed&quot;:&quot;0&quot;,&quot;title&quot;:&quot;&quot;,&quot;orientation&quot;:&quot;0&quot;}\" data-image-title=\"conmemora-aniversario-accidente-aereo-cerro-meson2\" data-image-description=\"\" data-medium-file=\"https:\/\/i1.wp.com\/www.noticiasperfil.com\/index\/wp-content\/uploads\/2026\/02\/conmemora-aniversario-accidente-aereo-cerro-meson2.jpeg?fit=660%2C365&amp;ssl=1\" data-large-file=\"https:\/\/i1.wp.com\/www.noticiasperfil.com\/index\/wp-content\/uploads\/2026\/02\/conmemora-aniversario-accidente-aereo-cerro-meson2.jpeg?fit=640%2C366&amp;ssl=1\" data-id=\"119616\" src=\"https:\/\/i1.wp.com\/www.noticiasperfil.com\/index\/wp-content\/uploads\/2026\/02\/conmemora-aniversario-accidente-aereo-cerro-meson2.jpeg?fit=640%2C366&amp;ssl=1\" alt=\"\" class=\"wp-image-119616\"\/><\/figure>\n\n\n\n<figure class=\"wp-block-image size-large\"><img loading=\"lazy\" decoding=\"async\" width=\"1280\" height=\"854\" data-attachment-id=\"119615\" data-permalink=\"https:\/\/www.noticiasperfil.com\/index\/2026\/01\/25\/gobierno-de-poza-rica-conmemora-el-56-aniversario-del-accidente-aereo-del-cerro-del-meson\/conmemora-aniversario-accidente-aereo-cerro-meson3\/\" data-orig-file=\"https:\/\/i0.wp.com\/www.noticiasperfil.com\/index\/wp-content\/uploads\/2026\/02\/conmemora-aniversario-accidente-aereo-cerro-meson3.jpeg?fit=1280%2C854&amp;ssl=1\" data-orig-size=\"1280,854\" data-comments-opened=\"1\" data-image-meta=\"{&quot;aperture&quot;:&quot;0&quot;,&quot;credit&quot;:&quot;&quot;,&quot;camera&quot;:&quot;&quot;,&quot;caption&quot;:&quot;&quot;,&quot;created_timestamp&quot;:&quot;0&quot;,&quot;copyright&quot;:&quot;&quot;,&quot;focal_length&quot;:&quot;0&quot;,&quot;iso&quot;:&quot;0&quot;,&quot;shutter_speed&quot;:&quot;0&quot;,&quot;title&quot;:&quot;&quot;,&quot;orientation&quot;:&quot;0&quot;}\" data-image-title=\"conmemora-aniversario-accidente-aereo-cerro-meson3\" data-image-description=\"\" data-medium-file=\"https:\/\/i0.wp.com\/www.noticiasperfil.com\/index\/wp-content\/uploads\/2026\/02\/conmemora-aniversario-accidente-aereo-cerro-meson3.jpeg?fit=660%2C365&amp;ssl=1\" data-large-file=\"https:\/\/i0.wp.com\/www.noticiasperfil.com\/index\/wp-content\/uploads\/2026\/02\/conmemora-aniversario-accidente-aereo-cerro-meson3.jpeg?fit=640%2C366&amp;ssl=1\" data-id=\"119615\" src=\"https:\/\/i0.wp.com\/www.noticiasperfil.com\/index\/wp-content\/uploads\/2026\/02\/conmemora-aniversario-accidente-aereo-cerro-meson3.jpeg?fit=640%2C366&amp;ssl=1\" alt=\"\" class=\"wp-image-119615\"\/><\/figure>\n<\/figure>\n\n\n\n<p>Poza Rica, Ver.\u2014 En el marco del 56 aniversario luctuoso del accidente a\u00e9reo ocurrido en el Cerro del Mes\u00f3n, autoridades municipales, representantes del gremio period\u00edstico y ciudadan\u00eda en general rindieron homenaje a las v\u00edctimas en el Monumento a los Ca\u00eddos, recordando uno de los hechos m\u00e1s tr\u00e1gicos en la historia de la ciudad.<\/p>\n\n\n\n<p>En representaci\u00f3n de la Presidenta Municipal, Adanely Rodr\u00edguez, el Secretario del Ayuntamiento, Roberto L\u00f3pez Almora, encabez\u00f3 el acto conmemorativo, donde destac\u00f3 la importancia de preservar la memoria hist\u00f3rica y reconocer la valent\u00eda de quienes perdieron la vida en el cumplimiento de su deber informativo.<\/p>\n\n\n\n<p>Durante su mensaje, record\u00f3 que el 25 de enero de 1970 fallecieron 20 personas, de las cuales 15 eran periodistas, quienes viajaban a Poza Rica para cubrir una gira de campa\u00f1a presidencial. Subray\u00f3 que su labor representa la esencia del periodismo: estar donde ocurre la historia, documentar los hechos y dar testimonio a la sociedad.<\/p>\n\n\n\n<p>Asimismo, resalt\u00f3 que el ejercicio period\u00edstico implica riesgos y una gran responsabilidad social, ya que la libertad de expresi\u00f3n y el derecho a la informaci\u00f3n son pilares fundamentales de la vida democr\u00e1tica.<\/p>\n\n\n\n<p>De manera especial, se record\u00f3 con gratitud a Jes\u00fas Kramsky Steinpreis, periodista de El Heraldo de M\u00e9xico y \u00fanico sobreviviente del accidente durante muchos a\u00f1os, quien regres\u00f3 en vida a Poza Rica para rendir homenaje a sus compa\u00f1eros, gesto que fue reconocido como un acto de lealtad y memoria.<\/p>\n\n\n\n<p>Durante el acto conmemorativo, estuvieron presentes los representantes de los medios de comunicaci\u00f3n, como muestra de respeto en memoria de los periodistas, fotoperiodistas y tripulaci\u00f3n fallecidos en el siniestro, acto que reafirm\u00f3 el compromiso del gremio con la verdad y la dignidad del oficio.<\/p>\n\n\n\n<p>El Gobierno Municipal de Poza Rica reiter\u00f3 su reconocimiento a la labor period\u00edstica y su respeto a este hecho hist\u00f3rico, honrando a quienes perdieron la vida y reafirmando el compromiso con la libertad de expresi\u00f3n, la memoria y la verdad.<\/p>\n","protected":false},"excerpt":{"rendered":"<p>Poza Rica, Ver.\u2014 En el marco del 56 aniversario luctuoso del accidente a\u00e9reo ocurrido en el Cerro del Mes\u00f3n, autoridades municipales, representantes del gremio period\u00edstico y ciudadan\u00eda en general rindieron homenaje a las v\u00edctimas en el Monumento a los Ca\u00eddos, recordando uno de los hechos m\u00e1s tr\u00e1gicos en la historia de la ciudad. En representaci\u00f3n de la Presidenta Municipal, Adanely Rodr\u00edguez, el Secretario del Ayuntamiento, Roberto L\u00f3pez Almora, encabez\u00f3 el acto conmemorativo, donde destac\u00f3 la importancia de preservar la memoria hist\u00f3rica y reconocer la valent\u00eda de quienes perdieron la vida&hellip;<\/p>\n","protected":false},"author":1,"featured_media":119616,"comment_status":"open","ping_status":"closed","sticky":false,"template":"","format":"standard","meta":{"footnotes":""},"categories":[10679,10603],"tags":[],"class_list":["post-119614","post","type-post","status-publish","format-standard","has-post-thumbnail","hentry","category-poza-rica","category-zona-norte"],"jetpack-related-posts":[],"_links":{"self":[{"href":"https:\/\/www.noticiasperfil.com\/index\/wp-json\/wp\/v2\/posts\/119614","targetHints":{"allow":["GET"]}}],"collection":[{"href":"https:\/\/www.noticiasperfil.com\/index\/wp-json\/wp\/v2\/posts"}],"about":[{"href":"https:\/\/www.noticiasperfil.com\/index\/wp-json\/wp\/v2\/types\/post"}],"author":[{"embeddable":true,"href":"https:\/\/www.noticiasperfil.com\/index\/wp-json\/wp\/v2\/users\/1"}],"replies":[{"embeddable":true,"href":"https:\/\/www.noticiasperfil.com\/index\/wp-json\/wp\/v2\/comments?post=119614"}],"version-history":[{"count":1,"href":"https:\/\/www.noticiasperfil.com\/index\/wp-json\/wp\/v2\/posts\/119614\/revisions"}],"predecessor-version":[{"id":119618,"href":"https:\/\/www.noticiasperfil.com\/index\/wp-json\/wp\/v2\/posts\/119614\/revisions\/119618"}],"wp:featuredmedia":[{"embeddable":true,"href":"https:\/\/www.noticiasperfil.com\/index\/wp-json\/wp\/v2\/media\/119616"}],"wp:attachment":[{"href":"https:\/\/www.noticiasperfil.com\/index\/wp-json\/wp\/v2\/media?parent=119614"}],"wp:term":[{"taxonomy":"category","embeddable":true,"href":"https:\/\/www.noticiasperfil.com\/index\/wp-json\/wp\/v2\/categories?post=119614"},{"taxonomy":"post_tag","embeddable":true,"href":"https:\/\/www.noticiasperfil.com\/index\/wp-json\/wp\/v2\/tags?post=119614"}],"curies":[{"name":"wp","href":"https:\/\/api.w.org\/{rel}","templated":true}]}}