{"id":119619,"date":"2026-01-27T00:16:28","date_gmt":"2026-01-27T06:16:28","guid":{"rendered":"https:\/\/www.noticiasperfil.com\/index\/?p=119619"},"modified":"2026-02-09T00:22:38","modified_gmt":"2026-02-09T06:22:38","slug":"impulsa-gobierno-de-poza-rica-la-autonomia-economica-y-redes-de-apoyo-entre-mujeres","status":"publish","type":"post","link":"https:\/\/www.noticiasperfil.com\/index\/2026\/01\/27\/impulsa-gobierno-de-poza-rica-la-autonomia-economica-y-redes-de-apoyo-entre-mujeres\/","title":{"rendered":"Impulsa gobierno de Poza Rica la autonom\u00eda econ\u00f3mica y redes de apoyo entre mujeres"},"content":{"rendered":"\n<figure class=\"wp-block-gallery has-nested-images columns-default is-cropped wp-block-gallery-1 is-layout-flex wp-block-gallery-is-layout-flex\">\n<figure class=\"wp-block-image size-large\"><img loading=\"lazy\" decoding=\"async\" width=\"1440\" height=\"1026\" data-attachment-id=\"119620\" data-permalink=\"https:\/\/www.noticiasperfil.com\/index\/2026\/01\/27\/impulsa-gobierno-de-poza-rica-la-autonomia-economica-y-redes-de-apoyo-entre-mujeres\/autonomia-economica-redes-apoyo-mujeres3\/\" data-orig-file=\"https:\/\/i2.wp.com\/www.noticiasperfil.com\/index\/wp-content\/uploads\/2026\/02\/autonomia-economica-redes-apoyo-mujeres3.jpeg?fit=1440%2C1026&amp;ssl=1\" data-orig-size=\"1440,1026\" data-comments-opened=\"1\" data-image-meta=\"{&quot;aperture&quot;:&quot;0&quot;,&quot;credit&quot;:&quot;&quot;,&quot;camera&quot;:&quot;&quot;,&quot;caption&quot;:&quot;&quot;,&quot;created_timestamp&quot;:&quot;0&quot;,&quot;copyright&quot;:&quot;&quot;,&quot;focal_length&quot;:&quot;0&quot;,&quot;iso&quot;:&quot;0&quot;,&quot;shutter_speed&quot;:&quot;0&quot;,&quot;title&quot;:&quot;&quot;,&quot;orientation&quot;:&quot;0&quot;}\" data-image-title=\"autonomia-economica-redes-apoyo-mujeres3\" data-image-description=\"\" data-medium-file=\"https:\/\/i2.wp.com\/www.noticiasperfil.com\/index\/wp-content\/uploads\/2026\/02\/autonomia-economica-redes-apoyo-mujeres3.jpeg?fit=660%2C365&amp;ssl=1\" data-large-file=\"https:\/\/i2.wp.com\/www.noticiasperfil.com\/index\/wp-content\/uploads\/2026\/02\/autonomia-economica-redes-apoyo-mujeres3.jpeg?fit=640%2C366&amp;ssl=1\" data-id=\"119620\" src=\"https:\/\/i2.wp.com\/www.noticiasperfil.com\/index\/wp-content\/uploads\/2026\/02\/autonomia-economica-redes-apoyo-mujeres3.jpeg?fit=640%2C366&amp;ssl=1\" alt=\"\" class=\"wp-image-119620\" srcset=\"https:\/\/i2.wp.com\/www.noticiasperfil.com\/index\/wp-content\/uploads\/2026\/02\/autonomia-economica-redes-apoyo-mujeres3.jpeg?w=1440&amp;ssl=1 1440w, https:\/\/i2.wp.com\/www.noticiasperfil.com\/index\/wp-content\/uploads\/2026\/02\/autonomia-economica-redes-apoyo-mujeres3.jpeg?resize=240%2C172&amp;ssl=1 240w, https:\/\/i2.wp.com\/www.noticiasperfil.com\/index\/wp-content\/uploads\/2026\/02\/autonomia-economica-redes-apoyo-mujeres3.jpeg?w=1280&amp;ssl=1 1280w\" sizes=\"auto, (max-width: 640px) 100vw, 640px\" \/><\/figure>\n\n\n\n<figure class=\"wp-block-image size-large\"><img loading=\"lazy\" decoding=\"async\" width=\"1440\" height=\"1026\" data-attachment-id=\"119621\" data-permalink=\"https:\/\/www.noticiasperfil.com\/index\/2026\/01\/27\/impulsa-gobierno-de-poza-rica-la-autonomia-economica-y-redes-de-apoyo-entre-mujeres\/autonomia-economica-redes-apoyo-mujeres2\/\" data-orig-file=\"https:\/\/i0.wp.com\/www.noticiasperfil.com\/index\/wp-content\/uploads\/2026\/02\/autonomia-economica-redes-apoyo-mujeres2.jpeg?fit=1440%2C1026&amp;ssl=1\" data-orig-size=\"1440,1026\" data-comments-opened=\"1\" data-image-meta=\"{&quot;aperture&quot;:&quot;0&quot;,&quot;credit&quot;:&quot;&quot;,&quot;camera&quot;:&quot;&quot;,&quot;caption&quot;:&quot;&quot;,&quot;created_timestamp&quot;:&quot;0&quot;,&quot;copyright&quot;:&quot;&quot;,&quot;focal_length&quot;:&quot;0&quot;,&quot;iso&quot;:&quot;0&quot;,&quot;shutter_speed&quot;:&quot;0&quot;,&quot;title&quot;:&quot;&quot;,&quot;orientation&quot;:&quot;0&quot;}\" data-image-title=\"autonomia-economica-redes-apoyo-mujeres2\" data-image-description=\"\" data-medium-file=\"https:\/\/i0.wp.com\/www.noticiasperfil.com\/index\/wp-content\/uploads\/2026\/02\/autonomia-economica-redes-apoyo-mujeres2.jpeg?fit=660%2C365&amp;ssl=1\" data-large-file=\"https:\/\/i0.wp.com\/www.noticiasperfil.com\/index\/wp-content\/uploads\/2026\/02\/autonomia-economica-redes-apoyo-mujeres2.jpeg?fit=640%2C366&amp;ssl=1\" data-id=\"119621\" src=\"https:\/\/i0.wp.com\/www.noticiasperfil.com\/index\/wp-content\/uploads\/2026\/02\/autonomia-economica-redes-apoyo-mujeres2.jpeg?fit=640%2C366&amp;ssl=1\" alt=\"\" class=\"wp-image-119621\" srcset=\"https:\/\/i0.wp.com\/www.noticiasperfil.com\/index\/wp-content\/uploads\/2026\/02\/autonomia-economica-redes-apoyo-mujeres2.jpeg?w=1440&amp;ssl=1 1440w, https:\/\/i0.wp.com\/www.noticiasperfil.com\/index\/wp-content\/uploads\/2026\/02\/autonomia-economica-redes-apoyo-mujeres2.jpeg?resize=240%2C172&amp;ssl=1 240w, https:\/\/i0.wp.com\/www.noticiasperfil.com\/index\/wp-content\/uploads\/2026\/02\/autonomia-economica-redes-apoyo-mujeres2.jpeg?w=1280&amp;ssl=1 1280w\" sizes=\"auto, (max-width: 640px) 100vw, 640px\" \/><\/figure>\n\n\n\n<figure class=\"wp-block-image size-large\"><img loading=\"lazy\" decoding=\"async\" width=\"1440\" height=\"1026\" data-attachment-id=\"119622\" data-permalink=\"https:\/\/www.noticiasperfil.com\/index\/2026\/01\/27\/impulsa-gobierno-de-poza-rica-la-autonomia-economica-y-redes-de-apoyo-entre-mujeres\/autonomia-economica-redes-apoyo-mujeres1\/\" data-orig-file=\"https:\/\/i1.wp.com\/www.noticiasperfil.com\/index\/wp-content\/uploads\/2026\/02\/autonomia-economica-redes-apoyo-mujeres1.jpeg?fit=1440%2C1026&amp;ssl=1\" data-orig-size=\"1440,1026\" data-comments-opened=\"1\" data-image-meta=\"{&quot;aperture&quot;:&quot;0&quot;,&quot;credit&quot;:&quot;&quot;,&quot;camera&quot;:&quot;&quot;,&quot;caption&quot;:&quot;&quot;,&quot;created_timestamp&quot;:&quot;0&quot;,&quot;copyright&quot;:&quot;&quot;,&quot;focal_length&quot;:&quot;0&quot;,&quot;iso&quot;:&quot;0&quot;,&quot;shutter_speed&quot;:&quot;0&quot;,&quot;title&quot;:&quot;&quot;,&quot;orientation&quot;:&quot;0&quot;}\" data-image-title=\"autonomia-economica-redes-apoyo-mujeres1\" data-image-description=\"\" data-medium-file=\"https:\/\/i1.wp.com\/www.noticiasperfil.com\/index\/wp-content\/uploads\/2026\/02\/autonomia-economica-redes-apoyo-mujeres1.jpeg?fit=660%2C365&amp;ssl=1\" data-large-file=\"https:\/\/i1.wp.com\/www.noticiasperfil.com\/index\/wp-content\/uploads\/2026\/02\/autonomia-economica-redes-apoyo-mujeres1.jpeg?fit=640%2C366&amp;ssl=1\" data-id=\"119622\" src=\"https:\/\/i1.wp.com\/www.noticiasperfil.com\/index\/wp-content\/uploads\/2026\/02\/autonomia-economica-redes-apoyo-mujeres1.jpeg?fit=640%2C366&amp;ssl=1\" alt=\"\" class=\"wp-image-119622\" srcset=\"https:\/\/i1.wp.com\/www.noticiasperfil.com\/index\/wp-content\/uploads\/2026\/02\/autonomia-economica-redes-apoyo-mujeres1.jpeg?w=1440&amp;ssl=1 1440w, https:\/\/i1.wp.com\/www.noticiasperfil.com\/index\/wp-content\/uploads\/2026\/02\/autonomia-economica-redes-apoyo-mujeres1.jpeg?resize=240%2C172&amp;ssl=1 240w, https:\/\/i1.wp.com\/www.noticiasperfil.com\/index\/wp-content\/uploads\/2026\/02\/autonomia-economica-redes-apoyo-mujeres1.jpeg?w=1280&amp;ssl=1 1280w\" sizes=\"auto, (max-width: 640px) 100vw, 640px\" \/><\/figure>\n\n\n\n<figure class=\"wp-block-image size-large\"><img loading=\"lazy\" decoding=\"async\" width=\"1440\" height=\"1026\" data-attachment-id=\"119623\" data-permalink=\"https:\/\/www.noticiasperfil.com\/index\/2026\/01\/27\/impulsa-gobierno-de-poza-rica-la-autonomia-economica-y-redes-de-apoyo-entre-mujeres\/autonomia-economica-redes-apoyo-mujeres4\/\" data-orig-file=\"https:\/\/i1.wp.com\/www.noticiasperfil.com\/index\/wp-content\/uploads\/2026\/02\/autonomia-economica-redes-apoyo-mujeres4.jpeg?fit=1440%2C1026&amp;ssl=1\" data-orig-size=\"1440,1026\" data-comments-opened=\"1\" data-image-meta=\"{&quot;aperture&quot;:&quot;0&quot;,&quot;credit&quot;:&quot;&quot;,&quot;camera&quot;:&quot;&quot;,&quot;caption&quot;:&quot;&quot;,&quot;created_timestamp&quot;:&quot;0&quot;,&quot;copyright&quot;:&quot;&quot;,&quot;focal_length&quot;:&quot;0&quot;,&quot;iso&quot;:&quot;0&quot;,&quot;shutter_speed&quot;:&quot;0&quot;,&quot;title&quot;:&quot;&quot;,&quot;orientation&quot;:&quot;0&quot;}\" data-image-title=\"autonomia-economica-redes-apoyo-mujeres4\" data-image-description=\"\" data-medium-file=\"https:\/\/i1.wp.com\/www.noticiasperfil.com\/index\/wp-content\/uploads\/2026\/02\/autonomia-economica-redes-apoyo-mujeres4.jpeg?fit=660%2C365&amp;ssl=1\" data-large-file=\"https:\/\/i1.wp.com\/www.noticiasperfil.com\/index\/wp-content\/uploads\/2026\/02\/autonomia-economica-redes-apoyo-mujeres4.jpeg?fit=640%2C366&amp;ssl=1\" data-id=\"119623\" src=\"https:\/\/i1.wp.com\/www.noticiasperfil.com\/index\/wp-content\/uploads\/2026\/02\/autonomia-economica-redes-apoyo-mujeres4.jpeg?fit=640%2C366&amp;ssl=1\" alt=\"\" class=\"wp-image-119623\" srcset=\"https:\/\/i1.wp.com\/www.noticiasperfil.com\/index\/wp-content\/uploads\/2026\/02\/autonomia-economica-redes-apoyo-mujeres4.jpeg?w=1440&amp;ssl=1 1440w, https:\/\/i1.wp.com\/www.noticiasperfil.com\/index\/wp-content\/uploads\/2026\/02\/autonomia-economica-redes-apoyo-mujeres4.jpeg?resize=240%2C172&amp;ssl=1 240w, https:\/\/i1.wp.com\/www.noticiasperfil.com\/index\/wp-content\/uploads\/2026\/02\/autonomia-economica-redes-apoyo-mujeres4.jpeg?w=1280&amp;ssl=1 1280w\" sizes=\"auto, (max-width: 640px) 100vw, 640px\" \/><\/figure>\n<\/figure>\n\n\n\n<p><strong>Poza Rica, Ver.\u2013<\/strong>\u00a0El Gobierno de Poza Rica, a trav\u00e9s del Instituto Municipal de las Mujeres, llev\u00f3 a cabo la Expo venta y servicios \u201cRa\u00edces Productivas\u201d, una iniciativa orientada a fortalecer la autonom\u00eda econ\u00f3mica de las mujeres y promover redes de apoyo comunitarias, mediante el acceso a informaci\u00f3n, servicios institucionales y espacios para el impulso de emprendimientos locales.<\/p>\n\n\n\n<p>La jornada cont\u00f3 con la participaci\u00f3n de instituciones municipales, dependencias estatales y federales, as\u00ed como organizaciones de la sociedad civil y colectivos, que instalaron m\u00f3dulos de atenci\u00f3n y orientaci\u00f3n dirigidos a mujeres del municipio, principalmente a aquellas que no cuentan con un ingreso formal fijo.<\/p>\n\n\n\n<p>Durante el evento se realiz\u00f3 la inauguraci\u00f3n oficial, un recorrido por los stands y un espacio de presentaci\u00f3n de servicios, en el que asociaciones y colectivos compartieron su labor en temas como atenci\u00f3n a violencias, salud, b\u00fasqueda de personas, derechos humanos y econom\u00eda solidaria.<\/p>\n\n\n\n<p>Asimismo, se desarroll\u00f3 un espacio de testimonios, donde Malena Cant\u00fa comparti\u00f3 su experiencia, destacando la importancia de la organizaci\u00f3n comunitaria, el acompa\u00f1amiento institucional y el fortalecimiento de las mujeres como agentes de cambio en sus entornos.<\/p>\n\n\n\n<p>Esta jornada forma parte de una pol\u00edtica p\u00fablica municipal que busca consolidarse como un programa permanente, con el objetivo de ampliar su cobertura y beneficiar a un mayor n\u00famero de mujeres, priorizando un enfoque de derechos humanos, perspectiva de g\u00e9nero y cuidado comunitario.<\/p>\n","protected":false},"excerpt":{"rendered":"<p>Poza Rica, Ver.\u2013\u00a0El Gobierno de Poza Rica, a trav\u00e9s del Instituto Municipal de las Mujeres, llev\u00f3 a cabo la Expo venta y servicios \u201cRa\u00edces Productivas\u201d, una iniciativa orientada a fortalecer la autonom\u00eda econ\u00f3mica de las mujeres y promover redes de apoyo comunitarias, mediante el acceso a informaci\u00f3n, servicios institucionales y espacios para el impulso de emprendimientos locales. La jornada cont\u00f3 con la participaci\u00f3n de instituciones municipales, dependencias estatales y federales, as\u00ed como organizaciones de la sociedad civil y colectivos, que instalaron m\u00f3dulos de atenci\u00f3n y orientaci\u00f3n dirigidos a mujeres del&hellip;<\/p>\n","protected":false},"author":1,"featured_media":119623,"comment_status":"open","ping_status":"closed","sticky":false,"template":"","format":"standard","meta":{"footnotes":""},"categories":[10679,10603],"tags":[],"class_list":["post-119619","post","type-post","status-publish","format-standard","has-post-thumbnail","hentry","category-poza-rica","category-zona-norte"],"jetpack-related-posts":[],"_links":{"self":[{"href":"https:\/\/www.noticiasperfil.com\/index\/wp-json\/wp\/v2\/posts\/119619","targetHints":{"allow":["GET"]}}],"collection":[{"href":"https:\/\/www.noticiasperfil.com\/index\/wp-json\/wp\/v2\/posts"}],"about":[{"href":"https:\/\/www.noticiasperfil.com\/index\/wp-json\/wp\/v2\/types\/post"}],"author":[{"embeddable":true,"href":"https:\/\/www.noticiasperfil.com\/index\/wp-json\/wp\/v2\/users\/1"}],"replies":[{"embeddable":true,"href":"https:\/\/www.noticiasperfil.com\/index\/wp-json\/wp\/v2\/comments?post=119619"}],"version-history":[{"count":1,"href":"https:\/\/www.noticiasperfil.com\/index\/wp-json\/wp\/v2\/posts\/119619\/revisions"}],"predecessor-version":[{"id":119624,"href":"https:\/\/www.noticiasperfil.com\/index\/wp-json\/wp\/v2\/posts\/119619\/revisions\/119624"}],"wp:featuredmedia":[{"embeddable":true,"href":"https:\/\/www.noticiasperfil.com\/index\/wp-json\/wp\/v2\/media\/119623"}],"wp:attachment":[{"href":"https:\/\/www.noticiasperfil.com\/index\/wp-json\/wp\/v2\/media?parent=119619"}],"wp:term":[{"taxonomy":"category","embeddable":true,"href":"https:\/\/www.noticiasperfil.com\/index\/wp-json\/wp\/v2\/categories?post=119619"},{"taxonomy":"post_tag","embeddable":true,"href":"https:\/\/www.noticiasperfil.com\/index\/wp-json\/wp\/v2\/tags?post=119619"}],"curies":[{"name":"wp","href":"https:\/\/api.w.org\/{rel}","templated":true}]}}