{"id":119625,"date":"2026-01-27T12:24:00","date_gmt":"2026-01-27T18:24:00","guid":{"rendered":"https:\/\/www.noticiasperfil.com\/index\/?p=119625"},"modified":"2026-02-09T00:27:32","modified_gmt":"2026-02-09T06:27:32","slug":"gobierno-de-poza-rica-da-banderazo-de-inicio-a-la-rehabilitacion-de-vialidades-en-la-ciudad","status":"publish","type":"post","link":"https:\/\/www.noticiasperfil.com\/index\/2026\/01\/27\/gobierno-de-poza-rica-da-banderazo-de-inicio-a-la-rehabilitacion-de-vialidades-en-la-ciudad\/","title":{"rendered":"Gobierno de Poza Rica da banderazo de inicio a la rehabilitaci\u00f3n de vialidades en la ciudad"},"content":{"rendered":"\n<figure class=\"wp-block-gallery has-nested-images columns-default is-cropped wp-block-gallery-1 is-layout-flex wp-block-gallery-is-layout-flex\">\n<figure class=\"wp-block-image size-large\"><img loading=\"lazy\" decoding=\"async\" width=\"1600\" height=\"1066\" data-attachment-id=\"119629\" data-permalink=\"https:\/\/www.noticiasperfil.com\/index\/2026\/01\/27\/gobierno-de-poza-rica-da-banderazo-de-inicio-a-la-rehabilitacion-de-vialidades-en-la-ciudad\/rehabilitacion-vialidades-ciudad3\/\" data-orig-file=\"https:\/\/i2.wp.com\/www.noticiasperfil.com\/index\/wp-content\/uploads\/2026\/02\/rehabilitacion-vialidades-ciudad3.jpeg?fit=1600%2C1066&amp;ssl=1\" data-orig-size=\"1600,1066\" data-comments-opened=\"1\" data-image-meta=\"{&quot;aperture&quot;:&quot;0&quot;,&quot;credit&quot;:&quot;&quot;,&quot;camera&quot;:&quot;&quot;,&quot;caption&quot;:&quot;&quot;,&quot;created_timestamp&quot;:&quot;0&quot;,&quot;copyright&quot;:&quot;&quot;,&quot;focal_length&quot;:&quot;0&quot;,&quot;iso&quot;:&quot;0&quot;,&quot;shutter_speed&quot;:&quot;0&quot;,&quot;title&quot;:&quot;&quot;,&quot;orientation&quot;:&quot;0&quot;}\" data-image-title=\"rehabilitacion-vialidades-ciudad3\" data-image-description=\"\" data-medium-file=\"https:\/\/i2.wp.com\/www.noticiasperfil.com\/index\/wp-content\/uploads\/2026\/02\/rehabilitacion-vialidades-ciudad3.jpeg?fit=660%2C365&amp;ssl=1\" data-large-file=\"https:\/\/i2.wp.com\/www.noticiasperfil.com\/index\/wp-content\/uploads\/2026\/02\/rehabilitacion-vialidades-ciudad3.jpeg?fit=640%2C366&amp;ssl=1\" data-id=\"119629\" src=\"https:\/\/i2.wp.com\/www.noticiasperfil.com\/index\/wp-content\/uploads\/2026\/02\/rehabilitacion-vialidades-ciudad3.jpeg?fit=640%2C366&amp;ssl=1\" alt=\"\" class=\"wp-image-119629\" srcset=\"https:\/\/i2.wp.com\/www.noticiasperfil.com\/index\/wp-content\/uploads\/2026\/02\/rehabilitacion-vialidades-ciudad3.jpeg?w=1600&amp;ssl=1 1600w, https:\/\/i2.wp.com\/www.noticiasperfil.com\/index\/wp-content\/uploads\/2026\/02\/rehabilitacion-vialidades-ciudad3.jpeg?resize=1536%2C1023&amp;ssl=1 1536w, https:\/\/i2.wp.com\/www.noticiasperfil.com\/index\/wp-content\/uploads\/2026\/02\/rehabilitacion-vialidades-ciudad3.jpeg?w=1280&amp;ssl=1 1280w\" sizes=\"auto, (max-width: 640px) 100vw, 640px\" \/><\/figure>\n\n\n\n<figure class=\"wp-block-image size-large\"><img loading=\"lazy\" decoding=\"async\" width=\"1600\" height=\"1066\" data-attachment-id=\"119628\" data-permalink=\"https:\/\/www.noticiasperfil.com\/index\/2026\/01\/27\/gobierno-de-poza-rica-da-banderazo-de-inicio-a-la-rehabilitacion-de-vialidades-en-la-ciudad\/rehabilitacion-vialidades-ciudad4\/\" data-orig-file=\"https:\/\/i0.wp.com\/www.noticiasperfil.com\/index\/wp-content\/uploads\/2026\/02\/rehabilitacion-vialidades-ciudad4.jpeg?fit=1600%2C1066&amp;ssl=1\" data-orig-size=\"1600,1066\" data-comments-opened=\"1\" data-image-meta=\"{&quot;aperture&quot;:&quot;0&quot;,&quot;credit&quot;:&quot;&quot;,&quot;camera&quot;:&quot;&quot;,&quot;caption&quot;:&quot;&quot;,&quot;created_timestamp&quot;:&quot;0&quot;,&quot;copyright&quot;:&quot;&quot;,&quot;focal_length&quot;:&quot;0&quot;,&quot;iso&quot;:&quot;0&quot;,&quot;shutter_speed&quot;:&quot;0&quot;,&quot;title&quot;:&quot;&quot;,&quot;orientation&quot;:&quot;0&quot;}\" data-image-title=\"rehabilitacion-vialidades-ciudad4\" data-image-description=\"\" data-medium-file=\"https:\/\/i0.wp.com\/www.noticiasperfil.com\/index\/wp-content\/uploads\/2026\/02\/rehabilitacion-vialidades-ciudad4.jpeg?fit=660%2C365&amp;ssl=1\" data-large-file=\"https:\/\/i0.wp.com\/www.noticiasperfil.com\/index\/wp-content\/uploads\/2026\/02\/rehabilitacion-vialidades-ciudad4.jpeg?fit=640%2C366&amp;ssl=1\" data-id=\"119628\" src=\"https:\/\/i0.wp.com\/www.noticiasperfil.com\/index\/wp-content\/uploads\/2026\/02\/rehabilitacion-vialidades-ciudad4.jpeg?fit=640%2C366&amp;ssl=1\" alt=\"\" class=\"wp-image-119628\" srcset=\"https:\/\/i0.wp.com\/www.noticiasperfil.com\/index\/wp-content\/uploads\/2026\/02\/rehabilitacion-vialidades-ciudad4.jpeg?w=1600&amp;ssl=1 1600w, https:\/\/i0.wp.com\/www.noticiasperfil.com\/index\/wp-content\/uploads\/2026\/02\/rehabilitacion-vialidades-ciudad4.jpeg?resize=1536%2C1023&amp;ssl=1 1536w, https:\/\/i0.wp.com\/www.noticiasperfil.com\/index\/wp-content\/uploads\/2026\/02\/rehabilitacion-vialidades-ciudad4.jpeg?w=1280&amp;ssl=1 1280w\" sizes=\"auto, (max-width: 640px) 100vw, 640px\" \/><\/figure>\n\n\n\n<figure class=\"wp-block-image size-large\"><img loading=\"lazy\" decoding=\"async\" width=\"1600\" height=\"1066\" data-attachment-id=\"119627\" data-permalink=\"https:\/\/www.noticiasperfil.com\/index\/2026\/01\/27\/gobierno-de-poza-rica-da-banderazo-de-inicio-a-la-rehabilitacion-de-vialidades-en-la-ciudad\/rehabilitacion-vialidades-ciudad5\/\" data-orig-file=\"https:\/\/i1.wp.com\/www.noticiasperfil.com\/index\/wp-content\/uploads\/2026\/02\/rehabilitacion-vialidades-ciudad5.jpeg?fit=1600%2C1066&amp;ssl=1\" data-orig-size=\"1600,1066\" data-comments-opened=\"1\" data-image-meta=\"{&quot;aperture&quot;:&quot;0&quot;,&quot;credit&quot;:&quot;&quot;,&quot;camera&quot;:&quot;&quot;,&quot;caption&quot;:&quot;&quot;,&quot;created_timestamp&quot;:&quot;0&quot;,&quot;copyright&quot;:&quot;&quot;,&quot;focal_length&quot;:&quot;0&quot;,&quot;iso&quot;:&quot;0&quot;,&quot;shutter_speed&quot;:&quot;0&quot;,&quot;title&quot;:&quot;&quot;,&quot;orientation&quot;:&quot;0&quot;}\" data-image-title=\"rehabilitacion-vialidades-ciudad5\" data-image-description=\"\" data-medium-file=\"https:\/\/i1.wp.com\/www.noticiasperfil.com\/index\/wp-content\/uploads\/2026\/02\/rehabilitacion-vialidades-ciudad5.jpeg?fit=660%2C365&amp;ssl=1\" data-large-file=\"https:\/\/i1.wp.com\/www.noticiasperfil.com\/index\/wp-content\/uploads\/2026\/02\/rehabilitacion-vialidades-ciudad5.jpeg?fit=640%2C366&amp;ssl=1\" data-id=\"119627\" src=\"https:\/\/i1.wp.com\/www.noticiasperfil.com\/index\/wp-content\/uploads\/2026\/02\/rehabilitacion-vialidades-ciudad5.jpeg?fit=640%2C366&amp;ssl=1\" alt=\"\" class=\"wp-image-119627\" srcset=\"https:\/\/i1.wp.com\/www.noticiasperfil.com\/index\/wp-content\/uploads\/2026\/02\/rehabilitacion-vialidades-ciudad5.jpeg?w=1600&amp;ssl=1 1600w, https:\/\/i1.wp.com\/www.noticiasperfil.com\/index\/wp-content\/uploads\/2026\/02\/rehabilitacion-vialidades-ciudad5.jpeg?resize=1536%2C1023&amp;ssl=1 1536w, https:\/\/i1.wp.com\/www.noticiasperfil.com\/index\/wp-content\/uploads\/2026\/02\/rehabilitacion-vialidades-ciudad5.jpeg?w=1280&amp;ssl=1 1280w\" sizes=\"auto, (max-width: 640px) 100vw, 640px\" \/><\/figure>\n\n\n\n<figure class=\"wp-block-image size-large\"><img loading=\"lazy\" decoding=\"async\" width=\"1600\" height=\"1066\" data-attachment-id=\"119626\" data-permalink=\"https:\/\/www.noticiasperfil.com\/index\/2026\/01\/27\/gobierno-de-poza-rica-da-banderazo-de-inicio-a-la-rehabilitacion-de-vialidades-en-la-ciudad\/rehabilitacion-vialidades-ciudad6\/\" data-orig-file=\"https:\/\/i2.wp.com\/www.noticiasperfil.com\/index\/wp-content\/uploads\/2026\/02\/rehabilitacion-vialidades-ciudad6.jpeg?fit=1600%2C1066&amp;ssl=1\" data-orig-size=\"1600,1066\" data-comments-opened=\"1\" data-image-meta=\"{&quot;aperture&quot;:&quot;0&quot;,&quot;credit&quot;:&quot;&quot;,&quot;camera&quot;:&quot;&quot;,&quot;caption&quot;:&quot;&quot;,&quot;created_timestamp&quot;:&quot;0&quot;,&quot;copyright&quot;:&quot;&quot;,&quot;focal_length&quot;:&quot;0&quot;,&quot;iso&quot;:&quot;0&quot;,&quot;shutter_speed&quot;:&quot;0&quot;,&quot;title&quot;:&quot;&quot;,&quot;orientation&quot;:&quot;0&quot;}\" data-image-title=\"rehabilitacion-vialidades-ciudad6\" data-image-description=\"\" data-medium-file=\"https:\/\/i2.wp.com\/www.noticiasperfil.com\/index\/wp-content\/uploads\/2026\/02\/rehabilitacion-vialidades-ciudad6.jpeg?fit=660%2C365&amp;ssl=1\" data-large-file=\"https:\/\/i2.wp.com\/www.noticiasperfil.com\/index\/wp-content\/uploads\/2026\/02\/rehabilitacion-vialidades-ciudad6.jpeg?fit=640%2C366&amp;ssl=1\" data-id=\"119626\" src=\"https:\/\/i2.wp.com\/www.noticiasperfil.com\/index\/wp-content\/uploads\/2026\/02\/rehabilitacion-vialidades-ciudad6.jpeg?fit=640%2C366&amp;ssl=1\" alt=\"\" class=\"wp-image-119626\" srcset=\"https:\/\/i2.wp.com\/www.noticiasperfil.com\/index\/wp-content\/uploads\/2026\/02\/rehabilitacion-vialidades-ciudad6.jpeg?w=1600&amp;ssl=1 1600w, https:\/\/i2.wp.com\/www.noticiasperfil.com\/index\/wp-content\/uploads\/2026\/02\/rehabilitacion-vialidades-ciudad6.jpeg?resize=1536%2C1023&amp;ssl=1 1536w, https:\/\/i2.wp.com\/www.noticiasperfil.com\/index\/wp-content\/uploads\/2026\/02\/rehabilitacion-vialidades-ciudad6.jpeg?w=1280&amp;ssl=1 1280w\" sizes=\"auto, (max-width: 640px) 100vw, 640px\" \/><\/figure>\n<\/figure>\n\n\n\n<p>*Se realizar\u00e1 bacheo profundo en todas las zonas que lo requieran.&nbsp;<\/p>\n\n\n\n<p><strong>Poza Rica,\u00a0Ver. 27 de enero del 2026.-<\/strong>El Gobierno de Poza Rica dio el banderazo de inicio al Programa de \u201cRehabilitaci\u00f3n de Vialidades\u201d, una acci\u00f3n estrat\u00e9gica que contempla la atenci\u00f3n integral de todos los bulevares de la ciudad mediante trabajos de bacheo profundo, utilizando materiales de alta calidad como concreto hidr\u00e1ulico en las zonas que lo requieran y asfalto en los tramos correspondientes.<\/p>\n\n\n\n<p>Al arranque de estos trabajos el cuerpo edilicio, acompa\u00f1\u00f3 a la&nbsp;Presidenta&nbsp;Municipal&nbsp;Adanely&nbsp;Rodr\u00edguez quien destac\u00f3 que uno de los proyectos estrat\u00e9gicos m\u00e1s importantes de su administraci\u00f3n es la construcci\u00f3n de una ciudad incluyente, funcional, c\u00f3moda y accesible, tanto para quienes habitan en Poza Rica como para quienes la visitan.&nbsp;<\/p>\n\n\n\n<p>En ese sentido, se\u00f1al\u00f3 que la prioridad del gobierno municipal es elevar la calidad de los servicios p\u00fablicos, no solo ampliarlos, sino mejorar calles, iluminaci\u00f3n, drenaje, movilidad y espacios p\u00fablicos, al ser estos la base y la competitividad de la ciudad.<\/p>\n\n\n\n<p>La&nbsp;Presidenta&nbsp;Municipal explic\u00f3 que el programa de rehabilitaci\u00f3n vial tiene como objetivo poner en \u00f3ptimas condiciones calles y avenidas, garantizando vialidades seguras, funcionales y accesibles para peatones, ciclistas, transporte p\u00fablico y automovilistas, permitiendo traslados seguros hacia centros de trabajo, escuelas, hospitales y hogares, as\u00ed como una mejor conectividad para visitantes.<\/p>\n\n\n\n<p>Asimismo, reconoci\u00f3 el trabajo coordinado de la Direcci\u00f3n de Obras P\u00fablicas y Servicios P\u00fablicos, se\u00f1alando que, aunque el banderazo marca el inicio formal del programa, las labores de rehabilitaci\u00f3n comenzaron desde el primer d\u00eda de la administraci\u00f3n, atendiendo baches, drenajes colapsados y alcantarillas en mal estado.<\/p>\n\n\n\n<p>Finalmente,&nbsp;Adanely&nbsp;Rodr\u00edguez &nbsp;enfatiz\u00f3&nbsp;que, a pesar de llevar apenas 27 d\u00edas de gobierno, su administraci\u00f3n trabaja d\u00eda y noche para recuperar y rehabilitar la ciudad, reafirmando el compromiso de no detenerse hasta lograr un Poza Rica digno, accesible y funcional que todas y todos merecen.<\/p>\n\n\n\n<figure class=\"wp-block-gallery has-nested-images columns-default is-cropped wp-block-gallery-2 is-layout-flex wp-block-gallery-is-layout-flex\">\n<figure class=\"wp-block-image size-large\"><img loading=\"lazy\" decoding=\"async\" width=\"1600\" height=\"1066\" data-attachment-id=\"119631\" data-permalink=\"https:\/\/www.noticiasperfil.com\/index\/2026\/01\/27\/gobierno-de-poza-rica-da-banderazo-de-inicio-a-la-rehabilitacion-de-vialidades-en-la-ciudad\/rehabilitacion-vialidades-ciudad1\/\" data-orig-file=\"https:\/\/i1.wp.com\/www.noticiasperfil.com\/index\/wp-content\/uploads\/2026\/02\/rehabilitacion-vialidades-ciudad1.jpeg?fit=1600%2C1066&amp;ssl=1\" data-orig-size=\"1600,1066\" data-comments-opened=\"1\" data-image-meta=\"{&quot;aperture&quot;:&quot;0&quot;,&quot;credit&quot;:&quot;&quot;,&quot;camera&quot;:&quot;&quot;,&quot;caption&quot;:&quot;&quot;,&quot;created_timestamp&quot;:&quot;0&quot;,&quot;copyright&quot;:&quot;&quot;,&quot;focal_length&quot;:&quot;0&quot;,&quot;iso&quot;:&quot;0&quot;,&quot;shutter_speed&quot;:&quot;0&quot;,&quot;title&quot;:&quot;&quot;,&quot;orientation&quot;:&quot;0&quot;}\" data-image-title=\"rehabilitacion-vialidades-ciudad1\" data-image-description=\"\" data-medium-file=\"https:\/\/i1.wp.com\/www.noticiasperfil.com\/index\/wp-content\/uploads\/2026\/02\/rehabilitacion-vialidades-ciudad1.jpeg?fit=660%2C365&amp;ssl=1\" data-large-file=\"https:\/\/i1.wp.com\/www.noticiasperfil.com\/index\/wp-content\/uploads\/2026\/02\/rehabilitacion-vialidades-ciudad1.jpeg?fit=640%2C366&amp;ssl=1\" data-id=\"119631\" src=\"https:\/\/i1.wp.com\/www.noticiasperfil.com\/index\/wp-content\/uploads\/2026\/02\/rehabilitacion-vialidades-ciudad1.jpeg?fit=640%2C366&amp;ssl=1\" alt=\"\" class=\"wp-image-119631\" srcset=\"https:\/\/i1.wp.com\/www.noticiasperfil.com\/index\/wp-content\/uploads\/2026\/02\/rehabilitacion-vialidades-ciudad1.jpeg?w=1600&amp;ssl=1 1600w, https:\/\/i1.wp.com\/www.noticiasperfil.com\/index\/wp-content\/uploads\/2026\/02\/rehabilitacion-vialidades-ciudad1.jpeg?resize=1536%2C1023&amp;ssl=1 1536w, https:\/\/i1.wp.com\/www.noticiasperfil.com\/index\/wp-content\/uploads\/2026\/02\/rehabilitacion-vialidades-ciudad1.jpeg?w=1280&amp;ssl=1 1280w\" sizes=\"auto, (max-width: 640px) 100vw, 640px\" \/><\/figure>\n\n\n\n<figure class=\"wp-block-image size-large\"><img loading=\"lazy\" decoding=\"async\" width=\"1600\" height=\"1066\" data-attachment-id=\"119630\" data-permalink=\"https:\/\/www.noticiasperfil.com\/index\/2026\/01\/27\/gobierno-de-poza-rica-da-banderazo-de-inicio-a-la-rehabilitacion-de-vialidades-en-la-ciudad\/rehabilitacion-vialidades-ciudad2\/\" data-orig-file=\"https:\/\/i2.wp.com\/www.noticiasperfil.com\/index\/wp-content\/uploads\/2026\/02\/rehabilitacion-vialidades-ciudad2.jpeg?fit=1600%2C1066&amp;ssl=1\" data-orig-size=\"1600,1066\" data-comments-opened=\"1\" data-image-meta=\"{&quot;aperture&quot;:&quot;0&quot;,&quot;credit&quot;:&quot;&quot;,&quot;camera&quot;:&quot;&quot;,&quot;caption&quot;:&quot;&quot;,&quot;created_timestamp&quot;:&quot;0&quot;,&quot;copyright&quot;:&quot;&quot;,&quot;focal_length&quot;:&quot;0&quot;,&quot;iso&quot;:&quot;0&quot;,&quot;shutter_speed&quot;:&quot;0&quot;,&quot;title&quot;:&quot;&quot;,&quot;orientation&quot;:&quot;0&quot;}\" data-image-title=\"rehabilitacion-vialidades-ciudad2\" data-image-description=\"\" data-medium-file=\"https:\/\/i2.wp.com\/www.noticiasperfil.com\/index\/wp-content\/uploads\/2026\/02\/rehabilitacion-vialidades-ciudad2.jpeg?fit=660%2C365&amp;ssl=1\" data-large-file=\"https:\/\/i2.wp.com\/www.noticiasperfil.com\/index\/wp-content\/uploads\/2026\/02\/rehabilitacion-vialidades-ciudad2.jpeg?fit=640%2C366&amp;ssl=1\" data-id=\"119630\" src=\"https:\/\/i2.wp.com\/www.noticiasperfil.com\/index\/wp-content\/uploads\/2026\/02\/rehabilitacion-vialidades-ciudad2.jpeg?fit=640%2C366&amp;ssl=1\" alt=\"\" class=\"wp-image-119630\" srcset=\"https:\/\/i2.wp.com\/www.noticiasperfil.com\/index\/wp-content\/uploads\/2026\/02\/rehabilitacion-vialidades-ciudad2.jpeg?w=1600&amp;ssl=1 1600w, https:\/\/i2.wp.com\/www.noticiasperfil.com\/index\/wp-content\/uploads\/2026\/02\/rehabilitacion-vialidades-ciudad2.jpeg?resize=1536%2C1023&amp;ssl=1 1536w, https:\/\/i2.wp.com\/www.noticiasperfil.com\/index\/wp-content\/uploads\/2026\/02\/rehabilitacion-vialidades-ciudad2.jpeg?w=1280&amp;ssl=1 1280w\" sizes=\"auto, (max-width: 640px) 100vw, 640px\" \/><\/figure>\n<\/figure>\n","protected":false},"excerpt":{"rendered":"<p>*Se realizar\u00e1 bacheo profundo en todas las zonas que lo requieran.&nbsp; Poza Rica,\u00a0Ver. 27 de enero del 2026.-El Gobierno de Poza Rica dio el banderazo de inicio al Programa de \u201cRehabilitaci\u00f3n de Vialidades\u201d, una acci\u00f3n estrat\u00e9gica que contempla la atenci\u00f3n integral de todos los bulevares de la ciudad mediante trabajos de bacheo profundo, utilizando materiales de alta calidad como concreto hidr\u00e1ulico en las zonas que lo requieran y asfalto en los tramos correspondientes. Al arranque de estos trabajos el cuerpo edilicio, acompa\u00f1\u00f3 a la&nbsp;Presidenta&nbsp;Municipal&nbsp;Adanely&nbsp;Rodr\u00edguez quien destac\u00f3 que uno de los&hellip;<\/p>\n","protected":false},"author":1,"featured_media":119629,"comment_status":"open","ping_status":"closed","sticky":false,"template":"","format":"standard","meta":{"footnotes":""},"categories":[10679,10603],"tags":[],"class_list":["post-119625","post","type-post","status-publish","format-standard","has-post-thumbnail","hentry","category-poza-rica","category-zona-norte"],"jetpack-related-posts":[],"_links":{"self":[{"href":"https:\/\/www.noticiasperfil.com\/index\/wp-json\/wp\/v2\/posts\/119625","targetHints":{"allow":["GET"]}}],"collection":[{"href":"https:\/\/www.noticiasperfil.com\/index\/wp-json\/wp\/v2\/posts"}],"about":[{"href":"https:\/\/www.noticiasperfil.com\/index\/wp-json\/wp\/v2\/types\/post"}],"author":[{"embeddable":true,"href":"https:\/\/www.noticiasperfil.com\/index\/wp-json\/wp\/v2\/users\/1"}],"replies":[{"embeddable":true,"href":"https:\/\/www.noticiasperfil.com\/index\/wp-json\/wp\/v2\/comments?post=119625"}],"version-history":[{"count":1,"href":"https:\/\/www.noticiasperfil.com\/index\/wp-json\/wp\/v2\/posts\/119625\/revisions"}],"predecessor-version":[{"id":119632,"href":"https:\/\/www.noticiasperfil.com\/index\/wp-json\/wp\/v2\/posts\/119625\/revisions\/119632"}],"wp:featuredmedia":[{"embeddable":true,"href":"https:\/\/www.noticiasperfil.com\/index\/wp-json\/wp\/v2\/media\/119629"}],"wp:attachment":[{"href":"https:\/\/www.noticiasperfil.com\/index\/wp-json\/wp\/v2\/media?parent=119625"}],"wp:term":[{"taxonomy":"category","embeddable":true,"href":"https:\/\/www.noticiasperfil.com\/index\/wp-json\/wp\/v2\/categories?post=119625"},{"taxonomy":"post_tag","embeddable":true,"href":"https:\/\/www.noticiasperfil.com\/index\/wp-json\/wp\/v2\/tags?post=119625"}],"curies":[{"name":"wp","href":"https:\/\/api.w.org\/{rel}","templated":true}]}}