{"id":119655,"date":"2026-01-31T00:49:52","date_gmt":"2026-01-31T06:49:52","guid":{"rendered":"https:\/\/www.noticiasperfil.com\/index\/?p=119655"},"modified":"2026-02-09T00:54:40","modified_gmt":"2026-02-09T06:54:40","slug":"aprueba-gobierno-de-poza-rica-descuentos-en-predial-para-febrero","status":"publish","type":"post","link":"https:\/\/www.noticiasperfil.com\/index\/2026\/01\/31\/aprueba-gobierno-de-poza-rica-descuentos-en-predial-para-febrero\/","title":{"rendered":"Aprueba Gobierno de Poza Rica descuentos en predial para febrero"},"content":{"rendered":"\n<figure class=\"wp-block-gallery has-nested-images columns-default is-cropped wp-block-gallery-1 is-layout-flex wp-block-gallery-is-layout-flex\">\n<figure class=\"wp-block-image size-large\"><img loading=\"lazy\" decoding=\"async\" width=\"1440\" height=\"960\" data-attachment-id=\"119658\" data-permalink=\"https:\/\/www.noticiasperfil.com\/index\/2026\/01\/31\/aprueba-gobierno-de-poza-rica-descuentos-en-predial-para-febrero\/descuentos-predial-febrero3\/\" data-orig-file=\"https:\/\/i1.wp.com\/www.noticiasperfil.com\/index\/wp-content\/uploads\/2026\/02\/descuentos-predial-febrero3.jpeg?fit=1440%2C960&amp;ssl=1\" data-orig-size=\"1440,960\" data-comments-opened=\"1\" data-image-meta=\"{&quot;aperture&quot;:&quot;0&quot;,&quot;credit&quot;:&quot;&quot;,&quot;camera&quot;:&quot;&quot;,&quot;caption&quot;:&quot;&quot;,&quot;created_timestamp&quot;:&quot;0&quot;,&quot;copyright&quot;:&quot;&quot;,&quot;focal_length&quot;:&quot;0&quot;,&quot;iso&quot;:&quot;0&quot;,&quot;shutter_speed&quot;:&quot;0&quot;,&quot;title&quot;:&quot;&quot;,&quot;orientation&quot;:&quot;0&quot;}\" data-image-title=\"descuentos-predial-febrero3\" data-image-description=\"\" data-medium-file=\"https:\/\/i1.wp.com\/www.noticiasperfil.com\/index\/wp-content\/uploads\/2026\/02\/descuentos-predial-febrero3.jpeg?fit=660%2C365&amp;ssl=1\" data-large-file=\"https:\/\/i1.wp.com\/www.noticiasperfil.com\/index\/wp-content\/uploads\/2026\/02\/descuentos-predial-febrero3.jpeg?fit=640%2C366&amp;ssl=1\" data-id=\"119658\" src=\"https:\/\/i1.wp.com\/www.noticiasperfil.com\/index\/wp-content\/uploads\/2026\/02\/descuentos-predial-febrero3.jpeg?fit=640%2C366&amp;ssl=1\" alt=\"\" class=\"wp-image-119658\" srcset=\"https:\/\/i1.wp.com\/www.noticiasperfil.com\/index\/wp-content\/uploads\/2026\/02\/descuentos-predial-febrero3.jpeg?w=1440&amp;ssl=1 1440w, https:\/\/i1.wp.com\/www.noticiasperfil.com\/index\/wp-content\/uploads\/2026\/02\/descuentos-predial-febrero3.jpeg?w=1280&amp;ssl=1 1280w\" sizes=\"auto, (max-width: 640px) 100vw, 640px\" \/><\/figure>\n\n\n\n<figure class=\"wp-block-image size-large\"><img loading=\"lazy\" decoding=\"async\" width=\"1440\" height=\"958\" data-attachment-id=\"119657\" data-permalink=\"https:\/\/www.noticiasperfil.com\/index\/2026\/01\/31\/aprueba-gobierno-de-poza-rica-descuentos-en-predial-para-febrero\/descuentos-predial-febrero1\/\" data-orig-file=\"https:\/\/i0.wp.com\/www.noticiasperfil.com\/index\/wp-content\/uploads\/2026\/02\/descuentos-predial-febrero1.jpeg?fit=1440%2C958&amp;ssl=1\" data-orig-size=\"1440,958\" data-comments-opened=\"1\" data-image-meta=\"{&quot;aperture&quot;:&quot;0&quot;,&quot;credit&quot;:&quot;&quot;,&quot;camera&quot;:&quot;&quot;,&quot;caption&quot;:&quot;&quot;,&quot;created_timestamp&quot;:&quot;0&quot;,&quot;copyright&quot;:&quot;&quot;,&quot;focal_length&quot;:&quot;0&quot;,&quot;iso&quot;:&quot;0&quot;,&quot;shutter_speed&quot;:&quot;0&quot;,&quot;title&quot;:&quot;&quot;,&quot;orientation&quot;:&quot;0&quot;}\" data-image-title=\"descuentos-predial-febrero1\" data-image-description=\"\" data-medium-file=\"https:\/\/i0.wp.com\/www.noticiasperfil.com\/index\/wp-content\/uploads\/2026\/02\/descuentos-predial-febrero1.jpeg?fit=660%2C365&amp;ssl=1\" data-large-file=\"https:\/\/i0.wp.com\/www.noticiasperfil.com\/index\/wp-content\/uploads\/2026\/02\/descuentos-predial-febrero1.jpeg?fit=640%2C366&amp;ssl=1\" data-id=\"119657\" src=\"https:\/\/i0.wp.com\/www.noticiasperfil.com\/index\/wp-content\/uploads\/2026\/02\/descuentos-predial-febrero1.jpeg?fit=640%2C366&amp;ssl=1\" alt=\"\" class=\"wp-image-119657\" srcset=\"https:\/\/i0.wp.com\/www.noticiasperfil.com\/index\/wp-content\/uploads\/2026\/02\/descuentos-predial-febrero1.jpeg?w=1440&amp;ssl=1 1440w, https:\/\/i0.wp.com\/www.noticiasperfil.com\/index\/wp-content\/uploads\/2026\/02\/descuentos-predial-febrero1.jpeg?w=1280&amp;ssl=1 1280w\" sizes=\"auto, (max-width: 640px) 100vw, 640px\" \/><\/figure>\n\n\n\n<figure class=\"wp-block-image size-large\"><img loading=\"lazy\" decoding=\"async\" width=\"1440\" height=\"958\" data-attachment-id=\"119656\" data-permalink=\"https:\/\/www.noticiasperfil.com\/index\/2026\/01\/31\/aprueba-gobierno-de-poza-rica-descuentos-en-predial-para-febrero\/descuentos-predial-febrero2\/\" data-orig-file=\"https:\/\/i2.wp.com\/www.noticiasperfil.com\/index\/wp-content\/uploads\/2026\/02\/descuentos-predial-febrero2.jpeg?fit=1440%2C958&amp;ssl=1\" data-orig-size=\"1440,958\" data-comments-opened=\"1\" data-image-meta=\"{&quot;aperture&quot;:&quot;0&quot;,&quot;credit&quot;:&quot;&quot;,&quot;camera&quot;:&quot;&quot;,&quot;caption&quot;:&quot;&quot;,&quot;created_timestamp&quot;:&quot;0&quot;,&quot;copyright&quot;:&quot;&quot;,&quot;focal_length&quot;:&quot;0&quot;,&quot;iso&quot;:&quot;0&quot;,&quot;shutter_speed&quot;:&quot;0&quot;,&quot;title&quot;:&quot;&quot;,&quot;orientation&quot;:&quot;0&quot;}\" data-image-title=\"descuentos-predial-febrero2\" data-image-description=\"\" data-medium-file=\"https:\/\/i2.wp.com\/www.noticiasperfil.com\/index\/wp-content\/uploads\/2026\/02\/descuentos-predial-febrero2.jpeg?fit=660%2C365&amp;ssl=1\" data-large-file=\"https:\/\/i2.wp.com\/www.noticiasperfil.com\/index\/wp-content\/uploads\/2026\/02\/descuentos-predial-febrero2.jpeg?fit=640%2C366&amp;ssl=1\" data-id=\"119656\" src=\"https:\/\/i2.wp.com\/www.noticiasperfil.com\/index\/wp-content\/uploads\/2026\/02\/descuentos-predial-febrero2.jpeg?fit=640%2C366&amp;ssl=1\" alt=\"\" class=\"wp-image-119656\" srcset=\"https:\/\/i2.wp.com\/www.noticiasperfil.com\/index\/wp-content\/uploads\/2026\/02\/descuentos-predial-febrero2.jpeg?w=1440&amp;ssl=1 1440w, https:\/\/i2.wp.com\/www.noticiasperfil.com\/index\/wp-content\/uploads\/2026\/02\/descuentos-predial-febrero2.jpeg?w=1280&amp;ssl=1 1280w\" sizes=\"auto, (max-width: 640px) 100vw, 640px\" \/><\/figure>\n<\/figure>\n\n\n\n<ul class=\"wp-block-list\">\n<li><strong>Para apoyar en la econom\u00eda de las familias<\/strong><\/li>\n<\/ul>\n\n\n\n<p>Poza Rica, Ver.- En la tercera sesi\u00f3n extraordinaria de Cabildo, la Presidenta Municipal de Poza Rica, Adanely Rodr\u00edguez, junto con el cuerpo edilicio, aprob\u00f3 una serie de acuerdos y dict\u00e1menes orientados a fortalecer la administraci\u00f3n p\u00fablica municipal y a generar beneficios directos para la ciudadan\u00eda.<\/p>\n\n\n\n<p>Ante la gran participaci\u00f3n de los contribuyentes en el mes de enero, el Cabildo aprob\u00f3 por unanimidad el descuento por pago anticipado anual del impuesto predial, otorgando hasta un 50 por ciento a pensionados, jubilados y personas de la tercera edad, as\u00ed como un 20 por ciento de descuento al p\u00fablico en general. Este beneficio estar\u00e1 vigente del 1 al 28 de febrero del presente a\u00f1o.<\/p>\n\n\n\n<p>Durante la sesi\u00f3n tambi\u00e9n se aprob\u00f3 la integraci\u00f3n del Comit\u00e9 de Obras P\u00fablicas y Servicios Relacionados con el Municipio de Poza Rica, con el objetivo de fortalecer la planeaci\u00f3n, ejecuci\u00f3n y supervisi\u00f3n de las obras p\u00fablicas municipales.<\/p>\n\n\n\n<p>Asimismo, el Cabildo autoriz\u00f3 el acuerdo para ampliar la integraci\u00f3n del Subcomit\u00e9 de Adquisiciones, en el cual se definieron los grados de intervenci\u00f3n y participaci\u00f3n de sus integrantes, a fin de garantizar procesos m\u00e1s transparentes y eficientes.<\/p>\n\n\n\n<p>Otro de los puntos avalados fue el dictamen emitido por la comisi\u00f3n especial encargada de la revisi\u00f3n del expediente de entrega-recepci\u00f3n, correspondiente a la Administraci\u00f3n P\u00fablica Municipal del periodo 2022\u20132025.<\/p>\n\n\n\n<p>De igual forma, se aprob\u00f3 la instalaci\u00f3n del Consejo Municipal de Poblaci\u00f3n (COMUPO), as\u00ed como la instalaci\u00f3n del Grupo Interinstitucional para la Prevenci\u00f3n del Embarazo Adolescente, organismos que permitir\u00e1n fortalecer la coordinaci\u00f3n interinstitucional en materia de planeaci\u00f3n demogr\u00e1fica y atenci\u00f3n a problem\u00e1ticas sociales prioritarias.<\/p>\n","protected":false},"excerpt":{"rendered":"<p>Poza Rica, Ver.- En la tercera sesi\u00f3n extraordinaria de Cabildo, la Presidenta Municipal de Poza Rica, Adanely Rodr\u00edguez, junto con el cuerpo edilicio, aprob\u00f3 una serie de acuerdos y dict\u00e1menes orientados a fortalecer la administraci\u00f3n p\u00fablica municipal y a generar beneficios directos para la ciudadan\u00eda. Ante la gran participaci\u00f3n de los contribuyentes en el mes de enero, el Cabildo aprob\u00f3 por unanimidad el descuento por pago anticipado anual del impuesto predial, otorgando hasta un 50 por ciento a pensionados, jubilados y personas de la tercera edad, as\u00ed como un 20&hellip;<\/p>\n","protected":false},"author":1,"featured_media":119658,"comment_status":"open","ping_status":"closed","sticky":false,"template":"","format":"standard","meta":{"footnotes":""},"categories":[10679,10603],"tags":[],"class_list":["post-119655","post","type-post","status-publish","format-standard","has-post-thumbnail","hentry","category-poza-rica","category-zona-norte"],"jetpack-related-posts":[],"_links":{"self":[{"href":"https:\/\/www.noticiasperfil.com\/index\/wp-json\/wp\/v2\/posts\/119655","targetHints":{"allow":["GET"]}}],"collection":[{"href":"https:\/\/www.noticiasperfil.com\/index\/wp-json\/wp\/v2\/posts"}],"about":[{"href":"https:\/\/www.noticiasperfil.com\/index\/wp-json\/wp\/v2\/types\/post"}],"author":[{"embeddable":true,"href":"https:\/\/www.noticiasperfil.com\/index\/wp-json\/wp\/v2\/users\/1"}],"replies":[{"embeddable":true,"href":"https:\/\/www.noticiasperfil.com\/index\/wp-json\/wp\/v2\/comments?post=119655"}],"version-history":[{"count":1,"href":"https:\/\/www.noticiasperfil.com\/index\/wp-json\/wp\/v2\/posts\/119655\/revisions"}],"predecessor-version":[{"id":119659,"href":"https:\/\/www.noticiasperfil.com\/index\/wp-json\/wp\/v2\/posts\/119655\/revisions\/119659"}],"wp:featuredmedia":[{"embeddable":true,"href":"https:\/\/www.noticiasperfil.com\/index\/wp-json\/wp\/v2\/media\/119658"}],"wp:attachment":[{"href":"https:\/\/www.noticiasperfil.com\/index\/wp-json\/wp\/v2\/media?parent=119655"}],"wp:term":[{"taxonomy":"category","embeddable":true,"href":"https:\/\/www.noticiasperfil.com\/index\/wp-json\/wp\/v2\/categories?post=119655"},{"taxonomy":"post_tag","embeddable":true,"href":"https:\/\/www.noticiasperfil.com\/index\/wp-json\/wp\/v2\/tags?post=119655"}],"curies":[{"name":"wp","href":"https:\/\/api.w.org\/{rel}","templated":true}]}}