{"id":120006,"date":"2026-02-16T11:25:27","date_gmt":"2026-02-16T17:25:27","guid":{"rendered":"https:\/\/www.noticiasperfil.com\/index\/?p=120006"},"modified":"2026-02-16T11:25:35","modified_gmt":"2026-02-16T17:25:35","slug":"veracruz-abarrotado-con-el-segundo-desfile-del-carnaval-y-la-presentacion-musical-de-christian-nodal","status":"publish","type":"post","link":"https:\/\/www.noticiasperfil.com\/index\/2026\/02\/16\/veracruz-abarrotado-con-el-segundo-desfile-del-carnaval-y-la-presentacion-musical-de-christian-nodal\/","title":{"rendered":"Veracruz abarrotado con el Segundo Desfile del Carnaval y la presentaci\u00f3n musical de Christian Nodal"},"content":{"rendered":"\n<figure class=\"wp-block-gallery has-nested-images columns-default is-cropped wp-block-gallery-1 is-layout-flex wp-block-gallery-is-layout-flex\">\n<figure class=\"wp-block-image size-large\"><img loading=\"lazy\" decoding=\"async\" width=\"1600\" height=\"1067\" data-attachment-id=\"120000\" data-permalink=\"https:\/\/www.noticiasperfil.com\/index\/2026\/02\/14\/gobierno-de-poza-rica-fortalece-la-planeacion-municipal-con-la-instalacion-del-coplademun\/attachment\/1000394322\/\" data-orig-file=\"https:\/\/i2.wp.com\/www.noticiasperfil.com\/index\/wp-content\/uploads\/2026\/02\/1000394322.jpg?fit=1600%2C1067&amp;ssl=1\" data-orig-size=\"1600,1067\" data-comments-opened=\"1\" data-image-meta=\"{&quot;aperture&quot;:&quot;0&quot;,&quot;credit&quot;:&quot;&quot;,&quot;camera&quot;:&quot;&quot;,&quot;caption&quot;:&quot;&quot;,&quot;created_timestamp&quot;:&quot;0&quot;,&quot;copyright&quot;:&quot;&quot;,&quot;focal_length&quot;:&quot;0&quot;,&quot;iso&quot;:&quot;0&quot;,&quot;shutter_speed&quot;:&quot;0&quot;,&quot;title&quot;:&quot;&quot;,&quot;orientation&quot;:&quot;0&quot;}\" data-image-title=\"1000394322\" data-image-description=\"\" data-medium-file=\"https:\/\/i2.wp.com\/www.noticiasperfil.com\/index\/wp-content\/uploads\/2026\/02\/1000394322.jpg?fit=660%2C365&amp;ssl=1\" data-large-file=\"https:\/\/i2.wp.com\/www.noticiasperfil.com\/index\/wp-content\/uploads\/2026\/02\/1000394322.jpg?fit=640%2C366&amp;ssl=1\" data-id=\"120000\" src=\"https:\/\/i2.wp.com\/www.noticiasperfil.com\/index\/wp-content\/uploads\/2026\/02\/1000394322.jpg?fit=640%2C366&amp;ssl=1\" alt=\"\" class=\"wp-image-120000\" srcset=\"https:\/\/i2.wp.com\/www.noticiasperfil.com\/index\/wp-content\/uploads\/2026\/02\/1000394322.jpg?w=1600&amp;ssl=1 1600w, https:\/\/i2.wp.com\/www.noticiasperfil.com\/index\/wp-content\/uploads\/2026\/02\/1000394322.jpg?resize=1536%2C1024&amp;ssl=1 1536w, https:\/\/i2.wp.com\/www.noticiasperfil.com\/index\/wp-content\/uploads\/2026\/02\/1000394322.jpg?w=1280&amp;ssl=1 1280w\" sizes=\"auto, (max-width: 640px) 100vw, 640px\" \/><\/figure>\n\n\n\n<figure class=\"wp-block-image size-large\"><img loading=\"lazy\" decoding=\"async\" width=\"1600\" height=\"1067\" data-attachment-id=\"120007\" data-permalink=\"https:\/\/www.noticiasperfil.com\/index\/2026\/02\/16\/veracruz-abarrotado-con-el-segundo-desfile-del-carnaval-y-la-presentacion-musical-de-christian-nodal\/abarrotado-segundo-desfile-carnaval-05\/\" data-orig-file=\"https:\/\/i2.wp.com\/www.noticiasperfil.com\/index\/wp-content\/uploads\/2026\/02\/abarrotado-segundo-desfile-carnaval-05.jpg?fit=1600%2C1067&amp;ssl=1\" data-orig-size=\"1600,1067\" data-comments-opened=\"1\" data-image-meta=\"{&quot;aperture&quot;:&quot;0&quot;,&quot;credit&quot;:&quot;&quot;,&quot;camera&quot;:&quot;&quot;,&quot;caption&quot;:&quot;&quot;,&quot;created_timestamp&quot;:&quot;0&quot;,&quot;copyright&quot;:&quot;&quot;,&quot;focal_length&quot;:&quot;0&quot;,&quot;iso&quot;:&quot;0&quot;,&quot;shutter_speed&quot;:&quot;0&quot;,&quot;title&quot;:&quot;&quot;,&quot;orientation&quot;:&quot;0&quot;}\" data-image-title=\"abarrotado-segundo-desfile-carnaval-05\" data-image-description=\"\" data-medium-file=\"https:\/\/i2.wp.com\/www.noticiasperfil.com\/index\/wp-content\/uploads\/2026\/02\/abarrotado-segundo-desfile-carnaval-05.jpg?fit=660%2C365&amp;ssl=1\" data-large-file=\"https:\/\/i2.wp.com\/www.noticiasperfil.com\/index\/wp-content\/uploads\/2026\/02\/abarrotado-segundo-desfile-carnaval-05.jpg?fit=640%2C366&amp;ssl=1\" data-id=\"120007\" src=\"https:\/\/i2.wp.com\/www.noticiasperfil.com\/index\/wp-content\/uploads\/2026\/02\/abarrotado-segundo-desfile-carnaval-05.jpg?fit=640%2C366&amp;ssl=1\" alt=\"\" class=\"wp-image-120007\" srcset=\"https:\/\/i2.wp.com\/www.noticiasperfil.com\/index\/wp-content\/uploads\/2026\/02\/abarrotado-segundo-desfile-carnaval-05.jpg?w=1600&amp;ssl=1 1600w, https:\/\/i2.wp.com\/www.noticiasperfil.com\/index\/wp-content\/uploads\/2026\/02\/abarrotado-segundo-desfile-carnaval-05.jpg?resize=1536%2C1024&amp;ssl=1 1536w, https:\/\/i2.wp.com\/www.noticiasperfil.com\/index\/wp-content\/uploads\/2026\/02\/abarrotado-segundo-desfile-carnaval-05.jpg?w=1280&amp;ssl=1 1280w\" sizes=\"auto, (max-width: 640px) 100vw, 640px\" \/><\/figure>\n\n\n\n<figure class=\"wp-block-image size-large\"><img loading=\"lazy\" decoding=\"async\" width=\"1600\" height=\"1067\" data-attachment-id=\"120008\" data-permalink=\"https:\/\/www.noticiasperfil.com\/index\/2026\/02\/16\/veracruz-abarrotado-con-el-segundo-desfile-del-carnaval-y-la-presentacion-musical-de-christian-nodal\/abarrotado-segundo-desfile-carnaval-06\/\" data-orig-file=\"https:\/\/i2.wp.com\/www.noticiasperfil.com\/index\/wp-content\/uploads\/2026\/02\/abarrotado-segundo-desfile-carnaval-06.jpg?fit=1600%2C1067&amp;ssl=1\" data-orig-size=\"1600,1067\" data-comments-opened=\"1\" data-image-meta=\"{&quot;aperture&quot;:&quot;0&quot;,&quot;credit&quot;:&quot;&quot;,&quot;camera&quot;:&quot;&quot;,&quot;caption&quot;:&quot;&quot;,&quot;created_timestamp&quot;:&quot;0&quot;,&quot;copyright&quot;:&quot;&quot;,&quot;focal_length&quot;:&quot;0&quot;,&quot;iso&quot;:&quot;0&quot;,&quot;shutter_speed&quot;:&quot;0&quot;,&quot;title&quot;:&quot;&quot;,&quot;orientation&quot;:&quot;0&quot;}\" data-image-title=\"abarrotado-segundo-desfile-carnaval-06\" data-image-description=\"\" data-medium-file=\"https:\/\/i2.wp.com\/www.noticiasperfil.com\/index\/wp-content\/uploads\/2026\/02\/abarrotado-segundo-desfile-carnaval-06.jpg?fit=660%2C365&amp;ssl=1\" data-large-file=\"https:\/\/i2.wp.com\/www.noticiasperfil.com\/index\/wp-content\/uploads\/2026\/02\/abarrotado-segundo-desfile-carnaval-06.jpg?fit=640%2C366&amp;ssl=1\" data-id=\"120008\" src=\"https:\/\/i2.wp.com\/www.noticiasperfil.com\/index\/wp-content\/uploads\/2026\/02\/abarrotado-segundo-desfile-carnaval-06.jpg?fit=640%2C366&amp;ssl=1\" alt=\"\" class=\"wp-image-120008\" srcset=\"https:\/\/i2.wp.com\/www.noticiasperfil.com\/index\/wp-content\/uploads\/2026\/02\/abarrotado-segundo-desfile-carnaval-06.jpg?w=1600&amp;ssl=1 1600w, https:\/\/i2.wp.com\/www.noticiasperfil.com\/index\/wp-content\/uploads\/2026\/02\/abarrotado-segundo-desfile-carnaval-06.jpg?resize=1536%2C1024&amp;ssl=1 1536w, https:\/\/i2.wp.com\/www.noticiasperfil.com\/index\/wp-content\/uploads\/2026\/02\/abarrotado-segundo-desfile-carnaval-06.jpg?w=1280&amp;ssl=1 1280w\" sizes=\"auto, (max-width: 640px) 100vw, 640px\" \/><\/figure>\n\n\n\n<figure class=\"wp-block-image size-large\"><img loading=\"lazy\" decoding=\"async\" width=\"1280\" height=\"720\" data-attachment-id=\"120021\" data-permalink=\"https:\/\/www.noticiasperfil.com\/index\/2026\/02\/16\/veracruz-abarrotado-con-el-segundo-desfile-del-carnaval-y-la-presentacion-musical-de-christian-nodal\/abarrotado-segundo-desfile-carnaval-04\/\" data-orig-file=\"https:\/\/i2.wp.com\/www.noticiasperfil.com\/index\/wp-content\/uploads\/2026\/02\/abarrotado-segundo-desfile-carnaval-04.jpg?fit=1280%2C720&amp;ssl=1\" data-orig-size=\"1280,720\" data-comments-opened=\"1\" data-image-meta=\"{&quot;aperture&quot;:&quot;0&quot;,&quot;credit&quot;:&quot;&quot;,&quot;camera&quot;:&quot;&quot;,&quot;caption&quot;:&quot;&quot;,&quot;created_timestamp&quot;:&quot;0&quot;,&quot;copyright&quot;:&quot;&quot;,&quot;focal_length&quot;:&quot;0&quot;,&quot;iso&quot;:&quot;0&quot;,&quot;shutter_speed&quot;:&quot;0&quot;,&quot;title&quot;:&quot;&quot;,&quot;orientation&quot;:&quot;0&quot;}\" data-image-title=\"abarrotado-segundo-desfile-carnaval-04\" data-image-description=\"\" data-medium-file=\"https:\/\/i2.wp.com\/www.noticiasperfil.com\/index\/wp-content\/uploads\/2026\/02\/abarrotado-segundo-desfile-carnaval-04.jpg?fit=660%2C365&amp;ssl=1\" data-large-file=\"https:\/\/i2.wp.com\/www.noticiasperfil.com\/index\/wp-content\/uploads\/2026\/02\/abarrotado-segundo-desfile-carnaval-04.jpg?fit=640%2C366&amp;ssl=1\" data-id=\"120021\" src=\"https:\/\/i2.wp.com\/www.noticiasperfil.com\/index\/wp-content\/uploads\/2026\/02\/abarrotado-segundo-desfile-carnaval-04.jpg?fit=640%2C366&amp;ssl=1\" alt=\"\" class=\"wp-image-120021\" srcset=\"https:\/\/i2.wp.com\/www.noticiasperfil.com\/index\/wp-content\/uploads\/2026\/02\/abarrotado-segundo-desfile-carnaval-04.jpg?w=1280&amp;ssl=1 1280w, https:\/\/i2.wp.com\/www.noticiasperfil.com\/index\/wp-content\/uploads\/2026\/02\/abarrotado-segundo-desfile-carnaval-04.jpg?resize=500%2C280&amp;ssl=1 500w\" sizes=\"auto, (max-width: 640px) 100vw, 640px\" \/><\/figure>\n\n\n\n<figure class=\"wp-block-image size-large\"><img loading=\"lazy\" decoding=\"async\" width=\"1280\" height=\"853\" data-attachment-id=\"120010\" data-permalink=\"https:\/\/www.noticiasperfil.com\/index\/2026\/02\/16\/veracruz-abarrotado-con-el-segundo-desfile-del-carnaval-y-la-presentacion-musical-de-christian-nodal\/abarrotado-segundo-desfile-carnaval-08\/\" data-orig-file=\"https:\/\/i2.wp.com\/www.noticiasperfil.com\/index\/wp-content\/uploads\/2026\/02\/abarrotado-segundo-desfile-carnaval-08.jpg?fit=1280%2C853&amp;ssl=1\" data-orig-size=\"1280,853\" data-comments-opened=\"1\" data-image-meta=\"{&quot;aperture&quot;:&quot;0&quot;,&quot;credit&quot;:&quot;&quot;,&quot;camera&quot;:&quot;&quot;,&quot;caption&quot;:&quot;&quot;,&quot;created_timestamp&quot;:&quot;0&quot;,&quot;copyright&quot;:&quot;&quot;,&quot;focal_length&quot;:&quot;0&quot;,&quot;iso&quot;:&quot;0&quot;,&quot;shutter_speed&quot;:&quot;0&quot;,&quot;title&quot;:&quot;&quot;,&quot;orientation&quot;:&quot;0&quot;}\" data-image-title=\"abarrotado-segundo-desfile-carnaval-08\" data-image-description=\"\" data-medium-file=\"https:\/\/i2.wp.com\/www.noticiasperfil.com\/index\/wp-content\/uploads\/2026\/02\/abarrotado-segundo-desfile-carnaval-08.jpg?fit=660%2C365&amp;ssl=1\" data-large-file=\"https:\/\/i2.wp.com\/www.noticiasperfil.com\/index\/wp-content\/uploads\/2026\/02\/abarrotado-segundo-desfile-carnaval-08.jpg?fit=640%2C366&amp;ssl=1\" data-id=\"120010\" src=\"https:\/\/i2.wp.com\/www.noticiasperfil.com\/index\/wp-content\/uploads\/2026\/02\/abarrotado-segundo-desfile-carnaval-08.jpg?fit=640%2C366&amp;ssl=1\" alt=\"\" class=\"wp-image-120010\"\/><\/figure>\n\n\n\n<figure class=\"wp-block-image size-large\"><img loading=\"lazy\" decoding=\"async\" width=\"1280\" height=\"853\" data-attachment-id=\"120009\" data-permalink=\"https:\/\/www.noticiasperfil.com\/index\/2026\/02\/16\/veracruz-abarrotado-con-el-segundo-desfile-del-carnaval-y-la-presentacion-musical-de-christian-nodal\/abarrotado-segundo-desfile-carnaval-07\/\" data-orig-file=\"https:\/\/i2.wp.com\/www.noticiasperfil.com\/index\/wp-content\/uploads\/2026\/02\/abarrotado-segundo-desfile-carnaval-07.jpg?fit=1280%2C853&amp;ssl=1\" data-orig-size=\"1280,853\" data-comments-opened=\"1\" data-image-meta=\"{&quot;aperture&quot;:&quot;0&quot;,&quot;credit&quot;:&quot;&quot;,&quot;camera&quot;:&quot;&quot;,&quot;caption&quot;:&quot;&quot;,&quot;created_timestamp&quot;:&quot;0&quot;,&quot;copyright&quot;:&quot;&quot;,&quot;focal_length&quot;:&quot;0&quot;,&quot;iso&quot;:&quot;0&quot;,&quot;shutter_speed&quot;:&quot;0&quot;,&quot;title&quot;:&quot;&quot;,&quot;orientation&quot;:&quot;0&quot;}\" data-image-title=\"abarrotado-segundo-desfile-carnaval-07\" data-image-description=\"\" data-medium-file=\"https:\/\/i2.wp.com\/www.noticiasperfil.com\/index\/wp-content\/uploads\/2026\/02\/abarrotado-segundo-desfile-carnaval-07.jpg?fit=660%2C365&amp;ssl=1\" data-large-file=\"https:\/\/i2.wp.com\/www.noticiasperfil.com\/index\/wp-content\/uploads\/2026\/02\/abarrotado-segundo-desfile-carnaval-07.jpg?fit=640%2C366&amp;ssl=1\" data-id=\"120009\" src=\"https:\/\/i2.wp.com\/www.noticiasperfil.com\/index\/wp-content\/uploads\/2026\/02\/abarrotado-segundo-desfile-carnaval-07.jpg?fit=640%2C366&amp;ssl=1\" alt=\"\" class=\"wp-image-120009\"\/><\/figure>\n<\/figure>\n\n\n\n<blockquote class=\"wp-block-quote is-layout-flow wp-block-quote-is-layout-flow\">\n<p>Ocupaci\u00f3n hotelera al 100 por ciento durante el primer fin de semana.<\/p>\n<\/blockquote>\n\n\n\n<p><strong>Veracruz, Ver.\u2013<\/strong> La amplia respuesta ciudadana registrada durante el sexto d\u00eda de La fiesta de todos confirm\u00f3 el acierto de restituir el Carnaval de Veracruz, el m\u00e1s alegre del mundo, a sus fechas originales, consolid\u00e1ndolo como un detonante tur\u00edstico y econ\u00f3mico en temporada baja.<\/p>\n\n\n\n<p>Con lleno total en el Concierto Masivo de Christian Nodal, realizado en la Macroplaza del Malec\u00f3n, miles de asistentes participaron en la sexta jornada de actividades del 102 Carnaval de Veracruz, que se desarrolla del 10 al 18 de febrero.<\/p>\n\n\n\n<p>La alta afluencia tambi\u00e9n se reflej\u00f3 en el segundo Gran Desfile, donde familias veracruzanas y visitantes de distintos municipios del estado y del pa\u00eds disfrutaron de carros aleg\u00f3ricos y comparsas en un ambiente de orden, seguridad y convivencia familiar.<\/p>\n\n\n\n<p>El secretario de Turismo, Igor Roj\u00ed L\u00f3pez inform\u00f3 que durante el primer fin de semana la ocupaci\u00f3n hotelera alcanz\u00f3 el 100 por ciento, posicionando las fiestas carnestolendas como uno de los principales generadores de movilidad y derrama econ\u00f3mica en la zona conurbada Veracruz\u2013Boca del R\u00edo.<\/p>\n\n\n\n<p>Comerciantes locales reportaron incrementos significativos en sus ventas. Eder Gonz\u00e1lez, vendedor de alimentos, se\u00f1al\u00f3 que sus ingresos se triplicaron en comparaci\u00f3n con un periodo habitual, reflejando el dinamismo comercial generado por la celebraci\u00f3n.<\/p>\n\n\n\n<p>El entusiasmo tambi\u00e9n se reflej\u00f3 entre los asistentes como Sebasti\u00e1n Ortiz, quien viaj\u00f3 desde C\u00f3rdoba para ver a su artista favorito, \u201ctienen cartelera para todos los gustos y todas las edades; est\u00e1 muy chido que traigan artistas variados\u201d, se\u00f1al\u00f3.<\/p>\n\n\n\n<p>La programaci\u00f3n, que combina desfiles, m\u00fasica y tradiciones jarochas en un entorno junto al mar, perfila una edici\u00f3n inolvidable que reafirma la identidad cultural y tur\u00edstica del puerto de Veracruz.<\/p>\n\n\n\n<figure class=\"wp-block-gallery has-nested-images columns-default is-cropped wp-block-gallery-2 is-layout-flex wp-block-gallery-is-layout-flex\">\n<figure class=\"wp-block-image size-large\"><img loading=\"lazy\" decoding=\"async\" width=\"1280\" height=\"720\" data-attachment-id=\"120021\" data-permalink=\"https:\/\/www.noticiasperfil.com\/index\/2026\/02\/16\/veracruz-abarrotado-con-el-segundo-desfile-del-carnaval-y-la-presentacion-musical-de-christian-nodal\/abarrotado-segundo-desfile-carnaval-04\/\" data-orig-file=\"https:\/\/i2.wp.com\/www.noticiasperfil.com\/index\/wp-content\/uploads\/2026\/02\/abarrotado-segundo-desfile-carnaval-04.jpg?fit=1280%2C720&amp;ssl=1\" data-orig-size=\"1280,720\" data-comments-opened=\"1\" data-image-meta=\"{&quot;aperture&quot;:&quot;0&quot;,&quot;credit&quot;:&quot;&quot;,&quot;camera&quot;:&quot;&quot;,&quot;caption&quot;:&quot;&quot;,&quot;created_timestamp&quot;:&quot;0&quot;,&quot;copyright&quot;:&quot;&quot;,&quot;focal_length&quot;:&quot;0&quot;,&quot;iso&quot;:&quot;0&quot;,&quot;shutter_speed&quot;:&quot;0&quot;,&quot;title&quot;:&quot;&quot;,&quot;orientation&quot;:&quot;0&quot;}\" data-image-title=\"abarrotado-segundo-desfile-carnaval-04\" data-image-description=\"\" data-medium-file=\"https:\/\/i2.wp.com\/www.noticiasperfil.com\/index\/wp-content\/uploads\/2026\/02\/abarrotado-segundo-desfile-carnaval-04.jpg?fit=660%2C365&amp;ssl=1\" data-large-file=\"https:\/\/i2.wp.com\/www.noticiasperfil.com\/index\/wp-content\/uploads\/2026\/02\/abarrotado-segundo-desfile-carnaval-04.jpg?fit=640%2C366&amp;ssl=1\" data-id=\"120021\" src=\"https:\/\/i2.wp.com\/www.noticiasperfil.com\/index\/wp-content\/uploads\/2026\/02\/abarrotado-segundo-desfile-carnaval-04.jpg?fit=640%2C366&amp;ssl=1\" alt=\"\" class=\"wp-image-120021\" srcset=\"https:\/\/i2.wp.com\/www.noticiasperfil.com\/index\/wp-content\/uploads\/2026\/02\/abarrotado-segundo-desfile-carnaval-04.jpg?w=1280&amp;ssl=1 1280w, https:\/\/i2.wp.com\/www.noticiasperfil.com\/index\/wp-content\/uploads\/2026\/02\/abarrotado-segundo-desfile-carnaval-04.jpg?resize=500%2C280&amp;ssl=1 500w\" sizes=\"auto, (max-width: 640px) 100vw, 640px\" \/><\/figure>\n\n\n\n<figure class=\"wp-block-image size-large\"><img loading=\"lazy\" decoding=\"async\" width=\"1280\" height=\"853\" data-attachment-id=\"120020\" data-permalink=\"https:\/\/www.noticiasperfil.com\/index\/2026\/02\/16\/veracruz-abarrotado-con-el-segundo-desfile-del-carnaval-y-la-presentacion-musical-de-christian-nodal\/abarrotado-segundo-desfile-carnaval-03\/\" data-orig-file=\"https:\/\/i1.wp.com\/www.noticiasperfil.com\/index\/wp-content\/uploads\/2026\/02\/abarrotado-segundo-desfile-carnaval-03.jpg?fit=1280%2C853&amp;ssl=1\" data-orig-size=\"1280,853\" data-comments-opened=\"1\" data-image-meta=\"{&quot;aperture&quot;:&quot;0&quot;,&quot;credit&quot;:&quot;&quot;,&quot;camera&quot;:&quot;&quot;,&quot;caption&quot;:&quot;&quot;,&quot;created_timestamp&quot;:&quot;0&quot;,&quot;copyright&quot;:&quot;&quot;,&quot;focal_length&quot;:&quot;0&quot;,&quot;iso&quot;:&quot;0&quot;,&quot;shutter_speed&quot;:&quot;0&quot;,&quot;title&quot;:&quot;&quot;,&quot;orientation&quot;:&quot;0&quot;}\" data-image-title=\"abarrotado-segundo-desfile-carnaval-03\" data-image-description=\"\" data-medium-file=\"https:\/\/i1.wp.com\/www.noticiasperfil.com\/index\/wp-content\/uploads\/2026\/02\/abarrotado-segundo-desfile-carnaval-03.jpg?fit=660%2C365&amp;ssl=1\" data-large-file=\"https:\/\/i1.wp.com\/www.noticiasperfil.com\/index\/wp-content\/uploads\/2026\/02\/abarrotado-segundo-desfile-carnaval-03.jpg?fit=640%2C366&amp;ssl=1\" data-id=\"120020\" src=\"https:\/\/i1.wp.com\/www.noticiasperfil.com\/index\/wp-content\/uploads\/2026\/02\/abarrotado-segundo-desfile-carnaval-03.jpg?fit=640%2C366&amp;ssl=1\" alt=\"\" class=\"wp-image-120020\"\/><\/figure>\n\n\n\n<figure class=\"wp-block-image size-large\"><img loading=\"lazy\" decoding=\"async\" width=\"1280\" height=\"720\" data-attachment-id=\"120019\" data-permalink=\"https:\/\/www.noticiasperfil.com\/index\/2026\/02\/16\/veracruz-abarrotado-con-el-segundo-desfile-del-carnaval-y-la-presentacion-musical-de-christian-nodal\/abarrotado-segundo-desfile-carnaval-02\/\" data-orig-file=\"https:\/\/i1.wp.com\/www.noticiasperfil.com\/index\/wp-content\/uploads\/2026\/02\/abarrotado-segundo-desfile-carnaval-02.jpg?fit=1280%2C720&amp;ssl=1\" data-orig-size=\"1280,720\" data-comments-opened=\"1\" data-image-meta=\"{&quot;aperture&quot;:&quot;0&quot;,&quot;credit&quot;:&quot;&quot;,&quot;camera&quot;:&quot;&quot;,&quot;caption&quot;:&quot;&quot;,&quot;created_timestamp&quot;:&quot;0&quot;,&quot;copyright&quot;:&quot;&quot;,&quot;focal_length&quot;:&quot;0&quot;,&quot;iso&quot;:&quot;0&quot;,&quot;shutter_speed&quot;:&quot;0&quot;,&quot;title&quot;:&quot;&quot;,&quot;orientation&quot;:&quot;0&quot;}\" data-image-title=\"abarrotado-segundo-desfile-carnaval-02\" data-image-description=\"\" data-medium-file=\"https:\/\/i1.wp.com\/www.noticiasperfil.com\/index\/wp-content\/uploads\/2026\/02\/abarrotado-segundo-desfile-carnaval-02.jpg?fit=660%2C365&amp;ssl=1\" data-large-file=\"https:\/\/i1.wp.com\/www.noticiasperfil.com\/index\/wp-content\/uploads\/2026\/02\/abarrotado-segundo-desfile-carnaval-02.jpg?fit=640%2C366&amp;ssl=1\" data-id=\"120019\" src=\"https:\/\/i1.wp.com\/www.noticiasperfil.com\/index\/wp-content\/uploads\/2026\/02\/abarrotado-segundo-desfile-carnaval-02.jpg?fit=640%2C366&amp;ssl=1\" alt=\"\" class=\"wp-image-120019\" srcset=\"https:\/\/i1.wp.com\/www.noticiasperfil.com\/index\/wp-content\/uploads\/2026\/02\/abarrotado-segundo-desfile-carnaval-02.jpg?w=1280&amp;ssl=1 1280w, https:\/\/i1.wp.com\/www.noticiasperfil.com\/index\/wp-content\/uploads\/2026\/02\/abarrotado-segundo-desfile-carnaval-02.jpg?resize=500%2C280&amp;ssl=1 500w\" sizes=\"auto, (max-width: 640px) 100vw, 640px\" \/><\/figure>\n\n\n\n<figure class=\"wp-block-image size-large\"><img loading=\"lazy\" decoding=\"async\" width=\"1280\" height=\"720\" data-attachment-id=\"120018\" data-permalink=\"https:\/\/www.noticiasperfil.com\/index\/2026\/02\/16\/veracruz-abarrotado-con-el-segundo-desfile-del-carnaval-y-la-presentacion-musical-de-christian-nodal\/abarrotado-segundo-desfile-carnaval-01\/\" data-orig-file=\"https:\/\/i2.wp.com\/www.noticiasperfil.com\/index\/wp-content\/uploads\/2026\/02\/abarrotado-segundo-desfile-carnaval-01.jpg?fit=1280%2C720&amp;ssl=1\" data-orig-size=\"1280,720\" data-comments-opened=\"1\" data-image-meta=\"{&quot;aperture&quot;:&quot;0&quot;,&quot;credit&quot;:&quot;&quot;,&quot;camera&quot;:&quot;&quot;,&quot;caption&quot;:&quot;&quot;,&quot;created_timestamp&quot;:&quot;0&quot;,&quot;copyright&quot;:&quot;&quot;,&quot;focal_length&quot;:&quot;0&quot;,&quot;iso&quot;:&quot;0&quot;,&quot;shutter_speed&quot;:&quot;0&quot;,&quot;title&quot;:&quot;&quot;,&quot;orientation&quot;:&quot;0&quot;}\" data-image-title=\"abarrotado-segundo-desfile-carnaval-01\" data-image-description=\"\" data-medium-file=\"https:\/\/i2.wp.com\/www.noticiasperfil.com\/index\/wp-content\/uploads\/2026\/02\/abarrotado-segundo-desfile-carnaval-01.jpg?fit=660%2C365&amp;ssl=1\" data-large-file=\"https:\/\/i2.wp.com\/www.noticiasperfil.com\/index\/wp-content\/uploads\/2026\/02\/abarrotado-segundo-desfile-carnaval-01.jpg?fit=640%2C366&amp;ssl=1\" data-id=\"120018\" src=\"https:\/\/i2.wp.com\/www.noticiasperfil.com\/index\/wp-content\/uploads\/2026\/02\/abarrotado-segundo-desfile-carnaval-01.jpg?fit=640%2C366&amp;ssl=1\" alt=\"\" class=\"wp-image-120018\" srcset=\"https:\/\/i2.wp.com\/www.noticiasperfil.com\/index\/wp-content\/uploads\/2026\/02\/abarrotado-segundo-desfile-carnaval-01.jpg?w=1280&amp;ssl=1 1280w, https:\/\/i2.wp.com\/www.noticiasperfil.com\/index\/wp-content\/uploads\/2026\/02\/abarrotado-segundo-desfile-carnaval-01.jpg?resize=500%2C280&amp;ssl=1 500w\" sizes=\"auto, (max-width: 640px) 100vw, 640px\" \/><\/figure>\n\n\n\n<figure class=\"wp-block-image size-large\"><img loading=\"lazy\" decoding=\"async\" width=\"1600\" height=\"1107\" data-attachment-id=\"120017\" data-permalink=\"https:\/\/www.noticiasperfil.com\/index\/2026\/02\/16\/veracruz-abarrotado-con-el-segundo-desfile-del-carnaval-y-la-presentacion-musical-de-christian-nodal\/abarrotado-segundo-desfile-carnaval-15\/\" data-orig-file=\"https:\/\/i1.wp.com\/www.noticiasperfil.com\/index\/wp-content\/uploads\/2026\/02\/abarrotado-segundo-desfile-carnaval-15.jpg?fit=1600%2C1107&amp;ssl=1\" data-orig-size=\"1600,1107\" data-comments-opened=\"1\" data-image-meta=\"{&quot;aperture&quot;:&quot;0&quot;,&quot;credit&quot;:&quot;&quot;,&quot;camera&quot;:&quot;&quot;,&quot;caption&quot;:&quot;&quot;,&quot;created_timestamp&quot;:&quot;0&quot;,&quot;copyright&quot;:&quot;&quot;,&quot;focal_length&quot;:&quot;0&quot;,&quot;iso&quot;:&quot;0&quot;,&quot;shutter_speed&quot;:&quot;0&quot;,&quot;title&quot;:&quot;&quot;,&quot;orientation&quot;:&quot;0&quot;}\" data-image-title=\"abarrotado-segundo-desfile-carnaval-15\" data-image-description=\"\" data-medium-file=\"https:\/\/i1.wp.com\/www.noticiasperfil.com\/index\/wp-content\/uploads\/2026\/02\/abarrotado-segundo-desfile-carnaval-15.jpg?fit=660%2C365&amp;ssl=1\" data-large-file=\"https:\/\/i1.wp.com\/www.noticiasperfil.com\/index\/wp-content\/uploads\/2026\/02\/abarrotado-segundo-desfile-carnaval-15.jpg?fit=640%2C366&amp;ssl=1\" data-id=\"120017\" src=\"https:\/\/i1.wp.com\/www.noticiasperfil.com\/index\/wp-content\/uploads\/2026\/02\/abarrotado-segundo-desfile-carnaval-15.jpg?fit=640%2C366&amp;ssl=1\" alt=\"\" class=\"wp-image-120017\" srcset=\"https:\/\/i1.wp.com\/www.noticiasperfil.com\/index\/wp-content\/uploads\/2026\/02\/abarrotado-segundo-desfile-carnaval-15.jpg?w=1600&amp;ssl=1 1600w, https:\/\/i1.wp.com\/www.noticiasperfil.com\/index\/wp-content\/uploads\/2026\/02\/abarrotado-segundo-desfile-carnaval-15.jpg?resize=1536%2C1063&amp;ssl=1 1536w, https:\/\/i1.wp.com\/www.noticiasperfil.com\/index\/wp-content\/uploads\/2026\/02\/abarrotado-segundo-desfile-carnaval-15.jpg?w=1280&amp;ssl=1 1280w\" sizes=\"auto, (max-width: 640px) 100vw, 640px\" \/><\/figure>\n\n\n\n<figure class=\"wp-block-image size-large\"><img loading=\"lazy\" decoding=\"async\" width=\"1280\" height=\"720\" data-attachment-id=\"120016\" data-permalink=\"https:\/\/www.noticiasperfil.com\/index\/2026\/02\/16\/veracruz-abarrotado-con-el-segundo-desfile-del-carnaval-y-la-presentacion-musical-de-christian-nodal\/abarrotado-segundo-desfile-carnaval-14\/\" data-orig-file=\"https:\/\/i2.wp.com\/www.noticiasperfil.com\/index\/wp-content\/uploads\/2026\/02\/abarrotado-segundo-desfile-carnaval-14.jpg?fit=1280%2C720&amp;ssl=1\" data-orig-size=\"1280,720\" data-comments-opened=\"1\" data-image-meta=\"{&quot;aperture&quot;:&quot;0&quot;,&quot;credit&quot;:&quot;&quot;,&quot;camera&quot;:&quot;&quot;,&quot;caption&quot;:&quot;&quot;,&quot;created_timestamp&quot;:&quot;0&quot;,&quot;copyright&quot;:&quot;&quot;,&quot;focal_length&quot;:&quot;0&quot;,&quot;iso&quot;:&quot;0&quot;,&quot;shutter_speed&quot;:&quot;0&quot;,&quot;title&quot;:&quot;&quot;,&quot;orientation&quot;:&quot;0&quot;}\" data-image-title=\"abarrotado-segundo-desfile-carnaval-14\" data-image-description=\"\" data-medium-file=\"https:\/\/i2.wp.com\/www.noticiasperfil.com\/index\/wp-content\/uploads\/2026\/02\/abarrotado-segundo-desfile-carnaval-14.jpg?fit=660%2C365&amp;ssl=1\" data-large-file=\"https:\/\/i2.wp.com\/www.noticiasperfil.com\/index\/wp-content\/uploads\/2026\/02\/abarrotado-segundo-desfile-carnaval-14.jpg?fit=640%2C366&amp;ssl=1\" data-id=\"120016\" src=\"https:\/\/i2.wp.com\/www.noticiasperfil.com\/index\/wp-content\/uploads\/2026\/02\/abarrotado-segundo-desfile-carnaval-14.jpg?fit=640%2C366&amp;ssl=1\" alt=\"\" class=\"wp-image-120016\" srcset=\"https:\/\/i2.wp.com\/www.noticiasperfil.com\/index\/wp-content\/uploads\/2026\/02\/abarrotado-segundo-desfile-carnaval-14.jpg?w=1280&amp;ssl=1 1280w, https:\/\/i2.wp.com\/www.noticiasperfil.com\/index\/wp-content\/uploads\/2026\/02\/abarrotado-segundo-desfile-carnaval-14.jpg?resize=500%2C280&amp;ssl=1 500w\" sizes=\"auto, (max-width: 640px) 100vw, 640px\" \/><\/figure>\n\n\n\n<figure class=\"wp-block-image size-large\"><img loading=\"lazy\" decoding=\"async\" width=\"1600\" height=\"1067\" data-attachment-id=\"120015\" data-permalink=\"https:\/\/www.noticiasperfil.com\/index\/2026\/02\/16\/veracruz-abarrotado-con-el-segundo-desfile-del-carnaval-y-la-presentacion-musical-de-christian-nodal\/abarrotado-segundo-desfile-carnaval-13\/\" data-orig-file=\"https:\/\/i2.wp.com\/www.noticiasperfil.com\/index\/wp-content\/uploads\/2026\/02\/abarrotado-segundo-desfile-carnaval-13.jpg?fit=1600%2C1067&amp;ssl=1\" data-orig-size=\"1600,1067\" data-comments-opened=\"1\" data-image-meta=\"{&quot;aperture&quot;:&quot;0&quot;,&quot;credit&quot;:&quot;&quot;,&quot;camera&quot;:&quot;&quot;,&quot;caption&quot;:&quot;&quot;,&quot;created_timestamp&quot;:&quot;0&quot;,&quot;copyright&quot;:&quot;&quot;,&quot;focal_length&quot;:&quot;0&quot;,&quot;iso&quot;:&quot;0&quot;,&quot;shutter_speed&quot;:&quot;0&quot;,&quot;title&quot;:&quot;&quot;,&quot;orientation&quot;:&quot;0&quot;}\" data-image-title=\"abarrotado-segundo-desfile-carnaval-13\" data-image-description=\"\" data-medium-file=\"https:\/\/i2.wp.com\/www.noticiasperfil.com\/index\/wp-content\/uploads\/2026\/02\/abarrotado-segundo-desfile-carnaval-13.jpg?fit=660%2C365&amp;ssl=1\" data-large-file=\"https:\/\/i2.wp.com\/www.noticiasperfil.com\/index\/wp-content\/uploads\/2026\/02\/abarrotado-segundo-desfile-carnaval-13.jpg?fit=640%2C366&amp;ssl=1\" data-id=\"120015\" src=\"https:\/\/i2.wp.com\/www.noticiasperfil.com\/index\/wp-content\/uploads\/2026\/02\/abarrotado-segundo-desfile-carnaval-13.jpg?fit=640%2C366&amp;ssl=1\" alt=\"\" class=\"wp-image-120015\" srcset=\"https:\/\/i2.wp.com\/www.noticiasperfil.com\/index\/wp-content\/uploads\/2026\/02\/abarrotado-segundo-desfile-carnaval-13.jpg?w=1600&amp;ssl=1 1600w, https:\/\/i2.wp.com\/www.noticiasperfil.com\/index\/wp-content\/uploads\/2026\/02\/abarrotado-segundo-desfile-carnaval-13.jpg?resize=1536%2C1024&amp;ssl=1 1536w, https:\/\/i2.wp.com\/www.noticiasperfil.com\/index\/wp-content\/uploads\/2026\/02\/abarrotado-segundo-desfile-carnaval-13.jpg?w=1280&amp;ssl=1 1280w\" sizes=\"auto, (max-width: 640px) 100vw, 640px\" \/><\/figure>\n<\/figure>\n","protected":false},"excerpt":{"rendered":"<p>Ocupaci\u00f3n hotelera al 100 por ciento durante el primer fin de semana. Veracruz, Ver.\u2013 La amplia respuesta ciudadana registrada durante el sexto d\u00eda de La fiesta de todos confirm\u00f3 el acierto de restituir el Carnaval de Veracruz, el m\u00e1s alegre del mundo, a sus fechas originales, consolid\u00e1ndolo como un detonante tur\u00edstico y econ\u00f3mico en temporada baja. Con lleno total en el Concierto Masivo de Christian Nodal, realizado en la Macroplaza del Malec\u00f3n, miles de asistentes participaron en la sexta jornada de actividades del 102 Carnaval de Veracruz, que se desarrolla&hellip;<\/p>\n","protected":false},"author":1,"featured_media":120008,"comment_status":"open","ping_status":"closed","sticky":false,"template":"","format":"standard","meta":{"footnotes":""},"categories":[3,10618],"tags":[],"class_list":["post-120006","post","type-post","status-publish","format-standard","has-post-thumbnail","hentry","category-destacadas","category-eventos-culturales"],"jetpack-related-posts":[],"_links":{"self":[{"href":"https:\/\/www.noticiasperfil.com\/index\/wp-json\/wp\/v2\/posts\/120006","targetHints":{"allow":["GET"]}}],"collection":[{"href":"https:\/\/www.noticiasperfil.com\/index\/wp-json\/wp\/v2\/posts"}],"about":[{"href":"https:\/\/www.noticiasperfil.com\/index\/wp-json\/wp\/v2\/types\/post"}],"author":[{"embeddable":true,"href":"https:\/\/www.noticiasperfil.com\/index\/wp-json\/wp\/v2\/users\/1"}],"replies":[{"embeddable":true,"href":"https:\/\/www.noticiasperfil.com\/index\/wp-json\/wp\/v2\/comments?post=120006"}],"version-history":[{"count":1,"href":"https:\/\/www.noticiasperfil.com\/index\/wp-json\/wp\/v2\/posts\/120006\/revisions"}],"predecessor-version":[{"id":120022,"href":"https:\/\/www.noticiasperfil.com\/index\/wp-json\/wp\/v2\/posts\/120006\/revisions\/120022"}],"wp:featuredmedia":[{"embeddable":true,"href":"https:\/\/www.noticiasperfil.com\/index\/wp-json\/wp\/v2\/media\/120008"}],"wp:attachment":[{"href":"https:\/\/www.noticiasperfil.com\/index\/wp-json\/wp\/v2\/media?parent=120006"}],"wp:term":[{"taxonomy":"category","embeddable":true,"href":"https:\/\/www.noticiasperfil.com\/index\/wp-json\/wp\/v2\/categories?post=120006"},{"taxonomy":"post_tag","embeddable":true,"href":"https:\/\/www.noticiasperfil.com\/index\/wp-json\/wp\/v2\/tags?post=120006"}],"curies":[{"name":"wp","href":"https:\/\/api.w.org\/{rel}","templated":true}]}}