{"id":120066,"date":"2026-02-16T21:29:31","date_gmt":"2026-02-17T03:29:31","guid":{"rendered":"https:\/\/www.noticiasperfil.com\/index\/?p=120066"},"modified":"2026-02-16T21:29:34","modified_gmt":"2026-02-17T03:29:34","slug":"sev-se-suma-a-la-estrategia-sanitaria-con-acciones-de-prevencion-en-la-comunidad-escolar","status":"publish","type":"post","link":"https:\/\/www.noticiasperfil.com\/index\/2026\/02\/16\/sev-se-suma-a-la-estrategia-sanitaria-con-acciones-de-prevencion-en-la-comunidad-escolar\/","title":{"rendered":"SEV se suma a la estrategia sanitaria con acciones de prevenci\u00f3n en la comunidad escolar"},"content":{"rendered":"\n<figure class=\"wp-block-image alignwide size-large\"><img loading=\"lazy\" decoding=\"async\" width=\"640\" height=\"366\" data-attachment-id=\"120070\" data-permalink=\"https:\/\/www.noticiasperfil.com\/index\/2026\/02\/16\/sev-se-suma-a-la-estrategia-sanitaria-con-acciones-de-prevencion-en-la-comunidad-escolar\/sev-suma-estrategia-sanitaria\/\" data-orig-file=\"https:\/\/i1.wp.com\/www.noticiasperfil.com\/index\/wp-content\/uploads\/2026\/02\/sev-suma-estrategia-sanitaria.jpeg?fit=1211%2C762&amp;ssl=1\" data-orig-size=\"1211,762\" data-comments-opened=\"1\" data-image-meta=\"{&quot;aperture&quot;:&quot;0&quot;,&quot;credit&quot;:&quot;&quot;,&quot;camera&quot;:&quot;&quot;,&quot;caption&quot;:&quot;&quot;,&quot;created_timestamp&quot;:&quot;0&quot;,&quot;copyright&quot;:&quot;&quot;,&quot;focal_length&quot;:&quot;0&quot;,&quot;iso&quot;:&quot;0&quot;,&quot;shutter_speed&quot;:&quot;0&quot;,&quot;title&quot;:&quot;&quot;,&quot;orientation&quot;:&quot;0&quot;}\" data-image-title=\"sev-suma-estrategia-sanitaria\" data-image-description=\"\" data-medium-file=\"https:\/\/i1.wp.com\/www.noticiasperfil.com\/index\/wp-content\/uploads\/2026\/02\/sev-suma-estrategia-sanitaria.jpeg?fit=660%2C365&amp;ssl=1\" data-large-file=\"https:\/\/i1.wp.com\/www.noticiasperfil.com\/index\/wp-content\/uploads\/2026\/02\/sev-suma-estrategia-sanitaria.jpeg?fit=640%2C366&amp;ssl=1\" src=\"https:\/\/i1.wp.com\/www.noticiasperfil.com\/index\/wp-content\/uploads\/2026\/02\/sev-suma-estrategia-sanitaria.jpeg?resize=640%2C366&#038;ssl=1\" alt=\"\" class=\"wp-image-120070\" data-recalc-dims=\"1\"\/><\/figure>\n\n\n\n<p><strong>Xalapa, Ver., lunes 16 de febrero de 2026.- <\/strong>En atenci\u00f3n a las disposiciones emitidas por la Secretar\u00eda de Salud y como parte del trabajo interinstitucional, la Secretar\u00eda de Educaci\u00f3n de Veracruz (SEV), a trav\u00e9s de la Coordinaci\u00f3n para la Protecci\u00f3n Civil, desarrolla acciones de difusi\u00f3n y coordinaci\u00f3n orientadas a fortalecer la prevenci\u00f3n en la comunidad escolar.<\/p>\n\n\n\n<p>En este marco, realiza la distribuci\u00f3n de materiales informativos proporcionados por la autoridad sanitaria, con el prop\u00f3sito de orientar a estudiantes, madres y padres de familia, as\u00ed como al personal docente y administrativo, sobre los mecanismos de transmisi\u00f3n, s\u00edntomas y medidas preventivas relacionadas con el sarampi\u00f3n.<\/p>\n\n\n\n<p>Asimismo, se mantienen mesas de trabajo con la Jurisdicci\u00f3n Sanitaria V, con sede en Xalapa, a fin de facilitar la comunicaci\u00f3n institucional y contribuir a que la informaci\u00f3n sobre los esquemas de vacunaci\u00f3n vigentes llegue de manera oportuna a los planteles.<\/p>\n\n\n\n<p>A trav\u00e9s de canales de comunicaci\u00f3n directa con la Coordinaci\u00f3n M\u00e9dica Regional 08 Xalapa IMSS-Bienestar, se coadyuva en la organizaci\u00f3n de acciones informativas y de orientaci\u00f3n en materia de inmunizaci\u00f3n dentro del \u00e1mbito educativo.<\/p>\n\n\n\n<p>La SEV invita a madres y padres de familia, as\u00ed como al personal educativo, a mantenerse atentos a los comunicados oficiales del Sector Salud y a verificar que ni\u00f1as, ni\u00f1os y adolescentes cuenten con sus esquemas de vacunaci\u00f3n completos.<\/p>\n","protected":false},"excerpt":{"rendered":"<p>Xalapa, Ver., lunes 16 de febrero de 2026.- En atenci\u00f3n a las disposiciones emitidas por la Secretar\u00eda de Salud y como parte del trabajo interinstitucional, la Secretar\u00eda de Educaci\u00f3n de Veracruz (SEV), a trav\u00e9s de la Coordinaci\u00f3n para la Protecci\u00f3n Civil, desarrolla acciones de difusi\u00f3n y coordinaci\u00f3n orientadas a fortalecer la prevenci\u00f3n en la comunidad escolar. En este marco, realiza la distribuci\u00f3n de materiales informativos proporcionados por la autoridad sanitaria, con el prop\u00f3sito de orientar a estudiantes, madres y padres de familia, as\u00ed como al personal docente y administrativo, sobre&hellip;<\/p>\n","protected":false},"author":1,"featured_media":120070,"comment_status":"open","ping_status":"closed","sticky":false,"template":"","format":"standard","meta":{"footnotes":""},"categories":[3,10619],"tags":[],"class_list":["post-120066","post","type-post","status-publish","format-standard","has-post-thumbnail","hentry","category-destacadas","category-salud"],"jetpack-related-posts":[],"_links":{"self":[{"href":"https:\/\/www.noticiasperfil.com\/index\/wp-json\/wp\/v2\/posts\/120066","targetHints":{"allow":["GET"]}}],"collection":[{"href":"https:\/\/www.noticiasperfil.com\/index\/wp-json\/wp\/v2\/posts"}],"about":[{"href":"https:\/\/www.noticiasperfil.com\/index\/wp-json\/wp\/v2\/types\/post"}],"author":[{"embeddable":true,"href":"https:\/\/www.noticiasperfil.com\/index\/wp-json\/wp\/v2\/users\/1"}],"replies":[{"embeddable":true,"href":"https:\/\/www.noticiasperfil.com\/index\/wp-json\/wp\/v2\/comments?post=120066"}],"version-history":[{"count":1,"href":"https:\/\/www.noticiasperfil.com\/index\/wp-json\/wp\/v2\/posts\/120066\/revisions"}],"predecessor-version":[{"id":120071,"href":"https:\/\/www.noticiasperfil.com\/index\/wp-json\/wp\/v2\/posts\/120066\/revisions\/120071"}],"wp:featuredmedia":[{"embeddable":true,"href":"https:\/\/www.noticiasperfil.com\/index\/wp-json\/wp\/v2\/media\/120070"}],"wp:attachment":[{"href":"https:\/\/www.noticiasperfil.com\/index\/wp-json\/wp\/v2\/media?parent=120066"}],"wp:term":[{"taxonomy":"category","embeddable":true,"href":"https:\/\/www.noticiasperfil.com\/index\/wp-json\/wp\/v2\/categories?post=120066"},{"taxonomy":"post_tag","embeddable":true,"href":"https:\/\/www.noticiasperfil.com\/index\/wp-json\/wp\/v2\/tags?post=120066"}],"curies":[{"name":"wp","href":"https:\/\/api.w.org\/{rel}","templated":true}]}}