{"id":120072,"date":"2026-02-17T11:50:23","date_gmt":"2026-02-17T17:50:23","guid":{"rendered":"https:\/\/www.noticiasperfil.com\/index\/?p=120072"},"modified":"2026-02-17T11:50:28","modified_gmt":"2026-02-17T17:50:28","slug":"refuerzan-esquema-de-vacunacion-en-oficinas-centrales-de-la-sev","status":"publish","type":"post","link":"https:\/\/www.noticiasperfil.com\/index\/2026\/02\/17\/refuerzan-esquema-de-vacunacion-en-oficinas-centrales-de-la-sev\/","title":{"rendered":"Refuerzan esquema de vacunaci\u00f3n en oficinas centrales de la SEV"},"content":{"rendered":"\n<figure class=\"wp-block-gallery has-nested-images columns-default is-cropped wp-block-gallery-1 is-layout-flex wp-block-gallery-is-layout-flex\">\n<figure class=\"wp-block-image size-large\"><img loading=\"lazy\" decoding=\"async\" width=\"1600\" height=\"1066\" data-attachment-id=\"120076\" data-permalink=\"https:\/\/www.noticiasperfil.com\/index\/2026\/02\/17\/refuerzan-esquema-de-vacunacion-en-oficinas-centrales-de-la-sev\/vacunacion-oficinas-centrales-sev4\/\" data-orig-file=\"https:\/\/i2.wp.com\/www.noticiasperfil.com\/index\/wp-content\/uploads\/2026\/02\/vacunacion-oficinas-centrales-sev4.jpeg?fit=1600%2C1066&amp;ssl=1\" data-orig-size=\"1600,1066\" data-comments-opened=\"1\" data-image-meta=\"{&quot;aperture&quot;:&quot;0&quot;,&quot;credit&quot;:&quot;&quot;,&quot;camera&quot;:&quot;&quot;,&quot;caption&quot;:&quot;&quot;,&quot;created_timestamp&quot;:&quot;0&quot;,&quot;copyright&quot;:&quot;&quot;,&quot;focal_length&quot;:&quot;0&quot;,&quot;iso&quot;:&quot;0&quot;,&quot;shutter_speed&quot;:&quot;0&quot;,&quot;title&quot;:&quot;&quot;,&quot;orientation&quot;:&quot;0&quot;}\" data-image-title=\"vacunacion-oficinas-centrales-sev4\" data-image-description=\"\" data-medium-file=\"https:\/\/i2.wp.com\/www.noticiasperfil.com\/index\/wp-content\/uploads\/2026\/02\/vacunacion-oficinas-centrales-sev4.jpeg?fit=660%2C365&amp;ssl=1\" data-large-file=\"https:\/\/i2.wp.com\/www.noticiasperfil.com\/index\/wp-content\/uploads\/2026\/02\/vacunacion-oficinas-centrales-sev4.jpeg?fit=640%2C366&amp;ssl=1\" data-id=\"120076\" src=\"https:\/\/i2.wp.com\/www.noticiasperfil.com\/index\/wp-content\/uploads\/2026\/02\/vacunacion-oficinas-centrales-sev4.jpeg?fit=640%2C366&amp;ssl=1\" alt=\"\" class=\"wp-image-120076\" srcset=\"https:\/\/i2.wp.com\/www.noticiasperfil.com\/index\/wp-content\/uploads\/2026\/02\/vacunacion-oficinas-centrales-sev4.jpeg?w=1600&amp;ssl=1 1600w, https:\/\/i2.wp.com\/www.noticiasperfil.com\/index\/wp-content\/uploads\/2026\/02\/vacunacion-oficinas-centrales-sev4.jpeg?resize=1536%2C1023&amp;ssl=1 1536w, https:\/\/i2.wp.com\/www.noticiasperfil.com\/index\/wp-content\/uploads\/2026\/02\/vacunacion-oficinas-centrales-sev4.jpeg?w=1280&amp;ssl=1 1280w\" sizes=\"auto, (max-width: 640px) 100vw, 640px\" \/><\/figure>\n\n\n\n<figure class=\"wp-block-image size-large\"><img loading=\"lazy\" decoding=\"async\" width=\"1600\" height=\"1066\" data-attachment-id=\"120075\" data-permalink=\"https:\/\/www.noticiasperfil.com\/index\/2026\/02\/17\/refuerzan-esquema-de-vacunacion-en-oficinas-centrales-de-la-sev\/vacunacion-oficinas-centrales-sev3\/\" data-orig-file=\"https:\/\/i2.wp.com\/www.noticiasperfil.com\/index\/wp-content\/uploads\/2026\/02\/vacunacion-oficinas-centrales-sev3.jpeg?fit=1600%2C1066&amp;ssl=1\" data-orig-size=\"1600,1066\" data-comments-opened=\"1\" data-image-meta=\"{&quot;aperture&quot;:&quot;0&quot;,&quot;credit&quot;:&quot;&quot;,&quot;camera&quot;:&quot;&quot;,&quot;caption&quot;:&quot;&quot;,&quot;created_timestamp&quot;:&quot;0&quot;,&quot;copyright&quot;:&quot;&quot;,&quot;focal_length&quot;:&quot;0&quot;,&quot;iso&quot;:&quot;0&quot;,&quot;shutter_speed&quot;:&quot;0&quot;,&quot;title&quot;:&quot;&quot;,&quot;orientation&quot;:&quot;0&quot;}\" data-image-title=\"vacunacion-oficinas-centrales-sev3\" data-image-description=\"\" data-medium-file=\"https:\/\/i2.wp.com\/www.noticiasperfil.com\/index\/wp-content\/uploads\/2026\/02\/vacunacion-oficinas-centrales-sev3.jpeg?fit=660%2C365&amp;ssl=1\" data-large-file=\"https:\/\/i2.wp.com\/www.noticiasperfil.com\/index\/wp-content\/uploads\/2026\/02\/vacunacion-oficinas-centrales-sev3.jpeg?fit=640%2C366&amp;ssl=1\" data-id=\"120075\" src=\"https:\/\/i2.wp.com\/www.noticiasperfil.com\/index\/wp-content\/uploads\/2026\/02\/vacunacion-oficinas-centrales-sev3.jpeg?fit=640%2C366&amp;ssl=1\" alt=\"\" class=\"wp-image-120075\" srcset=\"https:\/\/i2.wp.com\/www.noticiasperfil.com\/index\/wp-content\/uploads\/2026\/02\/vacunacion-oficinas-centrales-sev3.jpeg?w=1600&amp;ssl=1 1600w, https:\/\/i2.wp.com\/www.noticiasperfil.com\/index\/wp-content\/uploads\/2026\/02\/vacunacion-oficinas-centrales-sev3.jpeg?resize=1536%2C1023&amp;ssl=1 1536w, https:\/\/i2.wp.com\/www.noticiasperfil.com\/index\/wp-content\/uploads\/2026\/02\/vacunacion-oficinas-centrales-sev3.jpeg?w=1280&amp;ssl=1 1280w\" sizes=\"auto, (max-width: 640px) 100vw, 640px\" \/><\/figure>\n\n\n\n<figure class=\"wp-block-image size-large\"><img loading=\"lazy\" decoding=\"async\" width=\"1600\" height=\"1066\" data-attachment-id=\"120074\" data-permalink=\"https:\/\/www.noticiasperfil.com\/index\/2026\/02\/17\/refuerzan-esquema-de-vacunacion-en-oficinas-centrales-de-la-sev\/vacunacion-oficinas-centrales-sev2\/\" data-orig-file=\"https:\/\/i2.wp.com\/www.noticiasperfil.com\/index\/wp-content\/uploads\/2026\/02\/vacunacion-oficinas-centrales-sev2.jpeg?fit=1600%2C1066&amp;ssl=1\" data-orig-size=\"1600,1066\" data-comments-opened=\"1\" data-image-meta=\"{&quot;aperture&quot;:&quot;0&quot;,&quot;credit&quot;:&quot;&quot;,&quot;camera&quot;:&quot;&quot;,&quot;caption&quot;:&quot;&quot;,&quot;created_timestamp&quot;:&quot;0&quot;,&quot;copyright&quot;:&quot;&quot;,&quot;focal_length&quot;:&quot;0&quot;,&quot;iso&quot;:&quot;0&quot;,&quot;shutter_speed&quot;:&quot;0&quot;,&quot;title&quot;:&quot;&quot;,&quot;orientation&quot;:&quot;0&quot;}\" data-image-title=\"vacunacion-oficinas-centrales-sev2\" data-image-description=\"\" data-medium-file=\"https:\/\/i2.wp.com\/www.noticiasperfil.com\/index\/wp-content\/uploads\/2026\/02\/vacunacion-oficinas-centrales-sev2.jpeg?fit=660%2C365&amp;ssl=1\" data-large-file=\"https:\/\/i2.wp.com\/www.noticiasperfil.com\/index\/wp-content\/uploads\/2026\/02\/vacunacion-oficinas-centrales-sev2.jpeg?fit=640%2C366&amp;ssl=1\" data-id=\"120074\" src=\"https:\/\/i2.wp.com\/www.noticiasperfil.com\/index\/wp-content\/uploads\/2026\/02\/vacunacion-oficinas-centrales-sev2.jpeg?fit=640%2C366&amp;ssl=1\" alt=\"\" class=\"wp-image-120074\" srcset=\"https:\/\/i2.wp.com\/www.noticiasperfil.com\/index\/wp-content\/uploads\/2026\/02\/vacunacion-oficinas-centrales-sev2.jpeg?w=1600&amp;ssl=1 1600w, https:\/\/i2.wp.com\/www.noticiasperfil.com\/index\/wp-content\/uploads\/2026\/02\/vacunacion-oficinas-centrales-sev2.jpeg?resize=1536%2C1023&amp;ssl=1 1536w, https:\/\/i2.wp.com\/www.noticiasperfil.com\/index\/wp-content\/uploads\/2026\/02\/vacunacion-oficinas-centrales-sev2.jpeg?w=1280&amp;ssl=1 1280w\" sizes=\"auto, (max-width: 640px) 100vw, 640px\" \/><\/figure>\n\n\n\n<figure class=\"wp-block-image size-large\"><img loading=\"lazy\" decoding=\"async\" width=\"1600\" height=\"1066\" data-attachment-id=\"120073\" data-permalink=\"https:\/\/www.noticiasperfil.com\/index\/2026\/02\/17\/refuerzan-esquema-de-vacunacion-en-oficinas-centrales-de-la-sev\/vacunacion-oficinas-centrales-sev1\/\" data-orig-file=\"https:\/\/i2.wp.com\/www.noticiasperfil.com\/index\/wp-content\/uploads\/2026\/02\/vacunacion-oficinas-centrales-sev1.jpeg?fit=1600%2C1066&amp;ssl=1\" data-orig-size=\"1600,1066\" data-comments-opened=\"1\" data-image-meta=\"{&quot;aperture&quot;:&quot;0&quot;,&quot;credit&quot;:&quot;&quot;,&quot;camera&quot;:&quot;&quot;,&quot;caption&quot;:&quot;&quot;,&quot;created_timestamp&quot;:&quot;0&quot;,&quot;copyright&quot;:&quot;&quot;,&quot;focal_length&quot;:&quot;0&quot;,&quot;iso&quot;:&quot;0&quot;,&quot;shutter_speed&quot;:&quot;0&quot;,&quot;title&quot;:&quot;&quot;,&quot;orientation&quot;:&quot;0&quot;}\" data-image-title=\"vacunacion-oficinas-centrales-sev1\" data-image-description=\"\" data-medium-file=\"https:\/\/i2.wp.com\/www.noticiasperfil.com\/index\/wp-content\/uploads\/2026\/02\/vacunacion-oficinas-centrales-sev1.jpeg?fit=660%2C365&amp;ssl=1\" data-large-file=\"https:\/\/i2.wp.com\/www.noticiasperfil.com\/index\/wp-content\/uploads\/2026\/02\/vacunacion-oficinas-centrales-sev1.jpeg?fit=640%2C366&amp;ssl=1\" data-id=\"120073\" src=\"https:\/\/i2.wp.com\/www.noticiasperfil.com\/index\/wp-content\/uploads\/2026\/02\/vacunacion-oficinas-centrales-sev1.jpeg?fit=640%2C366&amp;ssl=1\" alt=\"\" class=\"wp-image-120073\" srcset=\"https:\/\/i2.wp.com\/www.noticiasperfil.com\/index\/wp-content\/uploads\/2026\/02\/vacunacion-oficinas-centrales-sev1.jpeg?w=1600&amp;ssl=1 1600w, https:\/\/i2.wp.com\/www.noticiasperfil.com\/index\/wp-content\/uploads\/2026\/02\/vacunacion-oficinas-centrales-sev1.jpeg?resize=1536%2C1023&amp;ssl=1 1536w, https:\/\/i2.wp.com\/www.noticiasperfil.com\/index\/wp-content\/uploads\/2026\/02\/vacunacion-oficinas-centrales-sev1.jpeg?w=1280&amp;ssl=1 1280w\" sizes=\"auto, (max-width: 640px) 100vw, 640px\" \/><\/figure>\n<\/figure>\n\n\n\n<p><strong>Xalapa, Ver., martes 17 de febrero de 2026.-<\/strong> Como parte del compromiso con la prevenci\u00f3n y el cuidado de la salud, las secretar\u00edas de Educaci\u00f3n de Veracruz (SEV) y de Salud realizaron una jornada de vacunaci\u00f3n en la que se aplicaron 704 dosis contra influenza, neumococo y sarampi\u00f3n.<\/p>\n\n\n\n<p>La jornada se desarroll\u00f3 del 11 al 13 de febrero, en un horario de 09:00 a 13:00 horas, mediante un m\u00f3dulo instalado en la explanada central de la dependencia educativa, con la participaci\u00f3n de personal de la Jurisdicci\u00f3n Sanitaria V.<\/p>\n\n\n\n<p>La actividad fue posible gracias a las gestiones de la Coordinaci\u00f3n para la Difusi\u00f3n y Optimizaci\u00f3n de los Servicios Educativos.<\/p>\n\n\n\n<p>La atenci\u00f3n estuvo dirigida a trabajadores, familiares y personas que acudieron a realizar tr\u00e1mites, con el prop\u00f3sito de fortalecer sus esquemas preventivos y ampliar la cobertura de inmunizaci\u00f3n.<\/p>\n","protected":false},"excerpt":{"rendered":"<p>Xalapa, Ver., martes 17 de febrero de 2026.- Como parte del compromiso con la prevenci\u00f3n y el cuidado de la salud, las secretar\u00edas de Educaci\u00f3n de Veracruz (SEV) y de Salud realizaron una jornada de vacunaci\u00f3n en la que se aplicaron 704 dosis contra influenza, neumococo y sarampi\u00f3n. La jornada se desarroll\u00f3 del 11 al 13 de febrero, en un horario de 09:00 a 13:00 horas, mediante un m\u00f3dulo instalado en la explanada central de la dependencia educativa, con la participaci\u00f3n de personal de la Jurisdicci\u00f3n Sanitaria V. La actividad&hellip;<\/p>\n","protected":false},"author":1,"featured_media":120076,"comment_status":"open","ping_status":"closed","sticky":false,"template":"","format":"standard","meta":{"footnotes":""},"categories":[3,10619],"tags":[],"class_list":["post-120072","post","type-post","status-publish","format-standard","has-post-thumbnail","hentry","category-destacadas","category-salud"],"jetpack-related-posts":[],"_links":{"self":[{"href":"https:\/\/www.noticiasperfil.com\/index\/wp-json\/wp\/v2\/posts\/120072","targetHints":{"allow":["GET"]}}],"collection":[{"href":"https:\/\/www.noticiasperfil.com\/index\/wp-json\/wp\/v2\/posts"}],"about":[{"href":"https:\/\/www.noticiasperfil.com\/index\/wp-json\/wp\/v2\/types\/post"}],"author":[{"embeddable":true,"href":"https:\/\/www.noticiasperfil.com\/index\/wp-json\/wp\/v2\/users\/1"}],"replies":[{"embeddable":true,"href":"https:\/\/www.noticiasperfil.com\/index\/wp-json\/wp\/v2\/comments?post=120072"}],"version-history":[{"count":1,"href":"https:\/\/www.noticiasperfil.com\/index\/wp-json\/wp\/v2\/posts\/120072\/revisions"}],"predecessor-version":[{"id":120077,"href":"https:\/\/www.noticiasperfil.com\/index\/wp-json\/wp\/v2\/posts\/120072\/revisions\/120077"}],"wp:featuredmedia":[{"embeddable":true,"href":"https:\/\/www.noticiasperfil.com\/index\/wp-json\/wp\/v2\/media\/120076"}],"wp:attachment":[{"href":"https:\/\/www.noticiasperfil.com\/index\/wp-json\/wp\/v2\/media?parent=120072"}],"wp:term":[{"taxonomy":"category","embeddable":true,"href":"https:\/\/www.noticiasperfil.com\/index\/wp-json\/wp\/v2\/categories?post=120072"},{"taxonomy":"post_tag","embeddable":true,"href":"https:\/\/www.noticiasperfil.com\/index\/wp-json\/wp\/v2\/tags?post=120072"}],"curies":[{"name":"wp","href":"https:\/\/api.w.org\/{rel}","templated":true}]}}