{"id":120104,"date":"2026-02-17T19:36:30","date_gmt":"2026-02-18T01:36:30","guid":{"rendered":"https:\/\/www.noticiasperfil.com\/index\/?p=120104"},"modified":"2026-02-17T19:36:33","modified_gmt":"2026-02-18T01:36:33","slug":"obras-veracruzanas-seleccionadas-por-el-premio-nacional-de-danza-guillermo-arriaga-xlii-llegan-al-teatro-del-estado","status":"publish","type":"post","link":"https:\/\/www.noticiasperfil.com\/index\/2026\/02\/17\/obras-veracruzanas-seleccionadas-por-el-premio-nacional-de-danza-guillermo-arriaga-xlii-llegan-al-teatro-del-estado\/","title":{"rendered":"Obras Veracruzanas seleccionadas por el Premio Nacional de Danza Guillermo Arriaga XLII llegan al Teatro del Estado"},"content":{"rendered":"\n<figure class=\"wp-block-image size-large\"><img loading=\"lazy\" decoding=\"async\" width=\"640\" height=\"366\" data-attachment-id=\"120105\" data-permalink=\"https:\/\/www.noticiasperfil.com\/index\/2026\/02\/17\/obras-veracruzanas-seleccionadas-por-el-premio-nacional-de-danza-guillermo-arriaga-xlii-llegan-al-teatro-del-estado\/premio-nacional-danza-guillermo-arriaga-2\/\" data-orig-file=\"https:\/\/i0.wp.com\/www.noticiasperfil.com\/index\/wp-content\/uploads\/2026\/02\/premio-nacional-danza-guillermo-arriaga.jpeg?fit=1600%2C1600&amp;ssl=1\" data-orig-size=\"1600,1600\" data-comments-opened=\"1\" data-image-meta=\"{&quot;aperture&quot;:&quot;0&quot;,&quot;credit&quot;:&quot;&quot;,&quot;camera&quot;:&quot;&quot;,&quot;caption&quot;:&quot;&quot;,&quot;created_timestamp&quot;:&quot;0&quot;,&quot;copyright&quot;:&quot;&quot;,&quot;focal_length&quot;:&quot;0&quot;,&quot;iso&quot;:&quot;0&quot;,&quot;shutter_speed&quot;:&quot;0&quot;,&quot;title&quot;:&quot;&quot;,&quot;orientation&quot;:&quot;0&quot;}\" data-image-title=\"premio-nacional-danza-guillermo-arriaga\" data-image-description=\"\" data-medium-file=\"https:\/\/i0.wp.com\/www.noticiasperfil.com\/index\/wp-content\/uploads\/2026\/02\/premio-nacional-danza-guillermo-arriaga.jpeg?fit=660%2C365&amp;ssl=1\" data-large-file=\"https:\/\/i0.wp.com\/www.noticiasperfil.com\/index\/wp-content\/uploads\/2026\/02\/premio-nacional-danza-guillermo-arriaga.jpeg?fit=640%2C366&amp;ssl=1\" src=\"https:\/\/i0.wp.com\/www.noticiasperfil.com\/index\/wp-content\/uploads\/2026\/02\/premio-nacional-danza-guillermo-arriaga.jpeg?resize=640%2C366&#038;ssl=1\" alt=\"\" class=\"wp-image-120105\" data-recalc-dims=\"1\"\/><\/figure>\n\n\n\n<p><strong>Xalapa, Ver., martes 17 de febrero de 2026.-<\/strong> La Secretar\u00eda de Cultura de Veracruz (SECVER), en colaboraci\u00f3n con el portal movco.mx, invita al p\u00fablico a disfrutar de las Obras Veracruzanas seleccionadas en el XLII Concurso de Creaci\u00f3n Coreogr\u00e1fica Contempor\u00e1nea INBAL-UAM, este viernes 20 de febrero de 2026, a las 20:00 horas, en la Sala Emilio Carballido del Teatro del Estado General Ignacio de la Llave. Podr\u00e1n descargar sus boletos de control gratis en: <a href=\"https:\/\/bit.ly\/cartelerateatrodelestado2026\">https:\/\/bit.ly\/cartelerateatrodelestado2026<\/a>.<\/p>\n\n\n\n<p>Este programa re\u00fane el trabajo de cinco compa\u00f1\u00edas con destacada trayectoria profesional, seleccionadas como semifinalistas del Premio Nacional de Danza Guillermo Arriaga 2025, en la Ciudad de M\u00e9xico. Las agrupaciones y core\u00f3grafos participantes son: Pulso C\u00eda., con coreograf\u00eda de Mijail Rojas; Plataforma UV, bajo la direcci\u00f3n de Abigail Jara; Refractos Arte Esc\u00e9nico, con propuesta de Aar\u00f3n Romero; Colectivo de Juguete, con obra de Jorgito C\u00f3rdoba; y movco.mx, con coreograf\u00eda de Luis Hern\u00e1ndez.<\/p>\n\n\n\n<p>El programa se integra por cinco obras que transitan por diversas l\u00edneas tem\u00e1ticas, desde la historia de la danza y el mito como reflexi\u00f3n contempor\u00e1nea hasta planteamientos filos\u00f3ficos y problem\u00e1ticas sociales. La gala contar\u00e1 con la participaci\u00f3n de destacados int\u00e9rpretes como Karina Medina, Luis Vallejo (Termi), Aar\u00f3n Romero, Juana Minerva y Maximiliano Madrigal, acompa\u00f1ados por nuevas generaciones de artistas que aseguran la continuidad de la creaci\u00f3n esc\u00e9nica en el estado.<\/p>\n\n\n\n<p>Conoce m\u00e1s detalles sobre esta y otras actividades del recinto en las redes sociales de @TeatroDelEstado. Sigue la cuenta de @SECVERoficial para conocer todas las actividades que confirman por qu\u00e9 #VeracruzEst\u00e1DeModa.<\/p>\n","protected":false},"excerpt":{"rendered":"<p>Xalapa, Ver., martes 17 de febrero de 2026.- La Secretar\u00eda de Cultura de Veracruz (SECVER), en colaboraci\u00f3n con el portal movco.mx, invita al p\u00fablico a disfrutar de las Obras Veracruzanas seleccionadas en el XLII Concurso de Creaci\u00f3n Coreogr\u00e1fica Contempor\u00e1nea INBAL-UAM, este viernes 20 de febrero de 2026, a las 20:00 horas, en la Sala Emilio Carballido del Teatro del Estado General Ignacio de la Llave. Podr\u00e1n descargar sus boletos de control gratis en: https:\/\/bit.ly\/cartelerateatrodelestado2026. Este programa re\u00fane el trabajo de cinco compa\u00f1\u00edas con destacada trayectoria profesional, seleccionadas como semifinalistas del&hellip;<\/p>\n","protected":false},"author":1,"featured_media":120105,"comment_status":"open","ping_status":"closed","sticky":false,"template":"","format":"standard","meta":{"footnotes":""},"categories":[3,10618],"tags":[],"class_list":["post-120104","post","type-post","status-publish","format-standard","has-post-thumbnail","hentry","category-destacadas","category-eventos-culturales"],"jetpack-related-posts":[],"_links":{"self":[{"href":"https:\/\/www.noticiasperfil.com\/index\/wp-json\/wp\/v2\/posts\/120104","targetHints":{"allow":["GET"]}}],"collection":[{"href":"https:\/\/www.noticiasperfil.com\/index\/wp-json\/wp\/v2\/posts"}],"about":[{"href":"https:\/\/www.noticiasperfil.com\/index\/wp-json\/wp\/v2\/types\/post"}],"author":[{"embeddable":true,"href":"https:\/\/www.noticiasperfil.com\/index\/wp-json\/wp\/v2\/users\/1"}],"replies":[{"embeddable":true,"href":"https:\/\/www.noticiasperfil.com\/index\/wp-json\/wp\/v2\/comments?post=120104"}],"version-history":[{"count":1,"href":"https:\/\/www.noticiasperfil.com\/index\/wp-json\/wp\/v2\/posts\/120104\/revisions"}],"predecessor-version":[{"id":120106,"href":"https:\/\/www.noticiasperfil.com\/index\/wp-json\/wp\/v2\/posts\/120104\/revisions\/120106"}],"wp:featuredmedia":[{"embeddable":true,"href":"https:\/\/www.noticiasperfil.com\/index\/wp-json\/wp\/v2\/media\/120105"}],"wp:attachment":[{"href":"https:\/\/www.noticiasperfil.com\/index\/wp-json\/wp\/v2\/media?parent=120104"}],"wp:term":[{"taxonomy":"category","embeddable":true,"href":"https:\/\/www.noticiasperfil.com\/index\/wp-json\/wp\/v2\/categories?post=120104"},{"taxonomy":"post_tag","embeddable":true,"href":"https:\/\/www.noticiasperfil.com\/index\/wp-json\/wp\/v2\/tags?post=120104"}],"curies":[{"name":"wp","href":"https:\/\/api.w.org\/{rel}","templated":true}]}}