{"id":120107,"date":"2026-02-17T19:39:14","date_gmt":"2026-02-18T01:39:14","guid":{"rendered":"https:\/\/www.noticiasperfil.com\/index\/?p=120107"},"modified":"2026-02-17T19:39:17","modified_gmt":"2026-02-18T01:39:17","slug":"invita-secver-a-la-conferencia-magistral-mujer-y-poder-impartida-por-sabina-berman","status":"publish","type":"post","link":"https:\/\/www.noticiasperfil.com\/index\/2026\/02\/17\/invita-secver-a-la-conferencia-magistral-mujer-y-poder-impartida-por-sabina-berman\/","title":{"rendered":"Invita SECVER a la conferencia magistral Mujer y Poder, impartida por Sabina Berman"},"content":{"rendered":"\n<figure class=\"wp-block-image alignwide size-full\"><img loading=\"lazy\" decoding=\"async\" width=\"1600\" height=\"1600\" data-attachment-id=\"120108\" data-permalink=\"https:\/\/www.noticiasperfil.com\/index\/2026\/02\/17\/invita-secver-a-la-conferencia-magistral-mujer-y-poder-impartida-por-sabina-berman\/sabina-berman\/\" data-orig-file=\"https:\/\/i1.wp.com\/www.noticiasperfil.com\/index\/wp-content\/uploads\/2026\/02\/sabina-berman.jpeg?fit=1600%2C1600&amp;ssl=1\" data-orig-size=\"1600,1600\" data-comments-opened=\"1\" data-image-meta=\"{&quot;aperture&quot;:&quot;0&quot;,&quot;credit&quot;:&quot;&quot;,&quot;camera&quot;:&quot;&quot;,&quot;caption&quot;:&quot;&quot;,&quot;created_timestamp&quot;:&quot;0&quot;,&quot;copyright&quot;:&quot;&quot;,&quot;focal_length&quot;:&quot;0&quot;,&quot;iso&quot;:&quot;0&quot;,&quot;shutter_speed&quot;:&quot;0&quot;,&quot;title&quot;:&quot;&quot;,&quot;orientation&quot;:&quot;0&quot;}\" data-image-title=\"sabina-berman\" data-image-description=\"\" data-medium-file=\"https:\/\/i1.wp.com\/www.noticiasperfil.com\/index\/wp-content\/uploads\/2026\/02\/sabina-berman.jpeg?fit=660%2C365&amp;ssl=1\" data-large-file=\"https:\/\/i1.wp.com\/www.noticiasperfil.com\/index\/wp-content\/uploads\/2026\/02\/sabina-berman.jpeg?fit=640%2C366&amp;ssl=1\" src=\"https:\/\/i1.wp.com\/www.noticiasperfil.com\/index\/wp-content\/uploads\/2026\/02\/sabina-berman.jpeg?fit=1600%2C1600&amp;ssl=1\" alt=\"\" class=\"wp-image-120108\" srcset=\"https:\/\/i1.wp.com\/www.noticiasperfil.com\/index\/wp-content\/uploads\/2026\/02\/sabina-berman.jpeg?w=1600&amp;ssl=1 1600w, https:\/\/i1.wp.com\/www.noticiasperfil.com\/index\/wp-content\/uploads\/2026\/02\/sabina-berman.jpeg?resize=1536%2C1536&amp;ssl=1 1536w, https:\/\/i1.wp.com\/www.noticiasperfil.com\/index\/wp-content\/uploads\/2026\/02\/sabina-berman.jpeg?w=1280&amp;ssl=1 1280w\" sizes=\"auto, (max-width: 640px) 100vw, 640px\" \/><\/figure>\n\n\n\n<p><strong>Xalapa, Ver., martes 17 de febrero de 2026.-<\/strong> La Secretar\u00eda de Cultura (SECVER) invita a la ciudadan\u00eda a asistir a la conferencia magistral Mujer y Poder, impartida por la reconocida escritora, dramaturga y periodista mexicana Sabina Berman, que se llevar\u00e1 a cabo el jueves 19 y viernes 20 de febrero a las 10:00 horas en Boca del R\u00edo y Xalapa.<\/p>\n\n\n\n<p>En esta conferencia, la autora profundiza en el concepto del poder como una capacidad de acci\u00f3n y transformaci\u00f3n, analizando los retos que enfrentan las mujeres en el M\u00e9xico del siglo XXI.<\/p>\n\n\n\n<p>Se realizar\u00e1 el jueves 19 de febrero en el World Trade Center Veracruz (WTC Veracruz), en Boca del R\u00edo, y el viernes 20 de febrero en el \u00c1gora de la Ciudad, recinto de la SECVER ubicado en los Bajos del Parque Ju\u00e1rez, en Xalapa. El acceso a ambas sedes ser\u00e1 gratuito y abierto al p\u00fablico en general. Se recomienda llegar con anticipaci\u00f3n debido al cupo limitado de cada recinto.<\/p>\n\n\n\n<p>Esta iniciativa tiene como objetivo fomentar espacios de reflexi\u00f3n sobre la participaci\u00f3n femenina en la vida p\u00fablica y las din\u00e1micas de liderazgo en la sociedad contempor\u00e1nea. Sabina Berman, Premio Nacional de Dramaturgia y Premio Nacional de Periodismo, es una de las voces m\u00e1s cr\u00edticas y l\u00facidas de la literatura actual.<\/p>\n\n\n\n<p>Su obra, que incluye piezas fundamentales como Entre Pancho Villa y una mujer desnuda (1993) y la novela La mujer que buce\u00f3 dentro del coraz\u00f3n del mundo (2010), se ha caracterizado por cuestionar las estructuras tradicionales del poder y la identidad.<\/p>\n\n\n\n<p>La SECVER reafirma su compromiso con el acceso universal a la cultura y la promoci\u00f3n de di\u00e1logos que impulsen una sociedad m\u00e1s equitativa e informada. Sigue la cuenta de la @SECVERoficial para conocer todas las actividades que confirman por qu\u00e9 #VeracruzEst\u00e1DeModa.<\/p>\n","protected":false},"excerpt":{"rendered":"<p>Xalapa, Ver., martes 17 de febrero de 2026.- La Secretar\u00eda de Cultura (SECVER) invita a la ciudadan\u00eda a asistir a la conferencia magistral Mujer y Poder, impartida por la reconocida escritora, dramaturga y periodista mexicana Sabina Berman, que se llevar\u00e1 a cabo el jueves 19 y viernes 20 de febrero a las 10:00 horas en Boca del R\u00edo y Xalapa. En esta conferencia, la autora profundiza en el concepto del poder como una capacidad de acci\u00f3n y transformaci\u00f3n, analizando los retos que enfrentan las mujeres en el M\u00e9xico del siglo&hellip;<\/p>\n","protected":false},"author":1,"featured_media":120108,"comment_status":"open","ping_status":"closed","sticky":false,"template":"","format":"standard","meta":{"footnotes":""},"categories":[3,10647],"tags":[],"class_list":["post-120107","post","type-post","status-publish","format-standard","has-post-thumbnail","hentry","category-destacadas","category-zona-centro"],"jetpack-related-posts":[],"_links":{"self":[{"href":"https:\/\/www.noticiasperfil.com\/index\/wp-json\/wp\/v2\/posts\/120107","targetHints":{"allow":["GET"]}}],"collection":[{"href":"https:\/\/www.noticiasperfil.com\/index\/wp-json\/wp\/v2\/posts"}],"about":[{"href":"https:\/\/www.noticiasperfil.com\/index\/wp-json\/wp\/v2\/types\/post"}],"author":[{"embeddable":true,"href":"https:\/\/www.noticiasperfil.com\/index\/wp-json\/wp\/v2\/users\/1"}],"replies":[{"embeddable":true,"href":"https:\/\/www.noticiasperfil.com\/index\/wp-json\/wp\/v2\/comments?post=120107"}],"version-history":[{"count":1,"href":"https:\/\/www.noticiasperfil.com\/index\/wp-json\/wp\/v2\/posts\/120107\/revisions"}],"predecessor-version":[{"id":120109,"href":"https:\/\/www.noticiasperfil.com\/index\/wp-json\/wp\/v2\/posts\/120107\/revisions\/120109"}],"wp:featuredmedia":[{"embeddable":true,"href":"https:\/\/www.noticiasperfil.com\/index\/wp-json\/wp\/v2\/media\/120108"}],"wp:attachment":[{"href":"https:\/\/www.noticiasperfil.com\/index\/wp-json\/wp\/v2\/media?parent=120107"}],"wp:term":[{"taxonomy":"category","embeddable":true,"href":"https:\/\/www.noticiasperfil.com\/index\/wp-json\/wp\/v2\/categories?post=120107"},{"taxonomy":"post_tag","embeddable":true,"href":"https:\/\/www.noticiasperfil.com\/index\/wp-json\/wp\/v2\/tags?post=120107"}],"curies":[{"name":"wp","href":"https:\/\/api.w.org\/{rel}","templated":true}]}}