{"id":120132,"date":"2026-02-18T12:49:39","date_gmt":"2026-02-18T18:49:39","guid":{"rendered":"https:\/\/www.noticiasperfil.com\/index\/?p=120132"},"modified":"2026-02-18T12:49:45","modified_gmt":"2026-02-18T18:49:45","slug":"fortalece-sev-la-agenda-de-igualdad-sustantiva-con-vision-estrategica","status":"publish","type":"post","link":"https:\/\/www.noticiasperfil.com\/index\/2026\/02\/18\/fortalece-sev-la-agenda-de-igualdad-sustantiva-con-vision-estrategica\/","title":{"rendered":"Fortalece SEV la agenda de igualdad sustantiva con visi\u00f3n estrat\u00e9gica"},"content":{"rendered":"\n<figure class=\"wp-block-gallery has-nested-images columns-default is-cropped wp-block-gallery-1 is-layout-flex wp-block-gallery-is-layout-flex\">\n<figure class=\"wp-block-image size-large\"><img loading=\"lazy\" decoding=\"async\" width=\"1600\" height=\"779\" data-attachment-id=\"120134\" data-permalink=\"https:\/\/www.noticiasperfil.com\/index\/2026\/02\/18\/fortalece-sev-la-agenda-de-igualdad-sustantiva-con-vision-estrategica\/sustantiva-con-vision-estrategica2\/\" data-orig-file=\"https:\/\/i0.wp.com\/www.noticiasperfil.com\/index\/wp-content\/uploads\/2026\/02\/sustantiva-con-vision-estrategica2.jpeg?fit=1600%2C779&amp;ssl=1\" data-orig-size=\"1600,779\" data-comments-opened=\"1\" data-image-meta=\"{&quot;aperture&quot;:&quot;0&quot;,&quot;credit&quot;:&quot;&quot;,&quot;camera&quot;:&quot;&quot;,&quot;caption&quot;:&quot;&quot;,&quot;created_timestamp&quot;:&quot;0&quot;,&quot;copyright&quot;:&quot;&quot;,&quot;focal_length&quot;:&quot;0&quot;,&quot;iso&quot;:&quot;0&quot;,&quot;shutter_speed&quot;:&quot;0&quot;,&quot;title&quot;:&quot;&quot;,&quot;orientation&quot;:&quot;0&quot;}\" data-image-title=\"sustantiva con visi\u00f3n estrat\u00e9gica2\" data-image-description=\"\" data-medium-file=\"https:\/\/i0.wp.com\/www.noticiasperfil.com\/index\/wp-content\/uploads\/2026\/02\/sustantiva-con-vision-estrategica2.jpeg?fit=660%2C365&amp;ssl=1\" data-large-file=\"https:\/\/i0.wp.com\/www.noticiasperfil.com\/index\/wp-content\/uploads\/2026\/02\/sustantiva-con-vision-estrategica2.jpeg?fit=640%2C366&amp;ssl=1\" data-id=\"120134\" src=\"https:\/\/i0.wp.com\/www.noticiasperfil.com\/index\/wp-content\/uploads\/2026\/02\/sustantiva-con-vision-estrategica2.jpeg?fit=640%2C366&amp;ssl=1\" alt=\"\" class=\"wp-image-120134\" srcset=\"https:\/\/i0.wp.com\/www.noticiasperfil.com\/index\/wp-content\/uploads\/2026\/02\/sustantiva-con-vision-estrategica2.jpeg?w=1600&amp;ssl=1 1600w, https:\/\/i0.wp.com\/www.noticiasperfil.com\/index\/wp-content\/uploads\/2026\/02\/sustantiva-con-vision-estrategica2.jpeg?resize=1536%2C748&amp;ssl=1 1536w, https:\/\/i0.wp.com\/www.noticiasperfil.com\/index\/wp-content\/uploads\/2026\/02\/sustantiva-con-vision-estrategica2.jpeg?w=1280&amp;ssl=1 1280w\" sizes=\"auto, (max-width: 640px) 100vw, 640px\" \/><\/figure>\n\n\n\n<figure class=\"wp-block-image size-large\"><img loading=\"lazy\" decoding=\"async\" width=\"1280\" height=\"556\" data-attachment-id=\"120133\" data-permalink=\"https:\/\/www.noticiasperfil.com\/index\/2026\/02\/18\/fortalece-sev-la-agenda-de-igualdad-sustantiva-con-vision-estrategica\/sustantiva-con-vision-estrategica1\/\" data-orig-file=\"https:\/\/i1.wp.com\/www.noticiasperfil.com\/index\/wp-content\/uploads\/2026\/02\/sustantiva-con-vision-estrategica1.jpeg?fit=1280%2C556&amp;ssl=1\" data-orig-size=\"1280,556\" data-comments-opened=\"1\" data-image-meta=\"{&quot;aperture&quot;:&quot;0&quot;,&quot;credit&quot;:&quot;&quot;,&quot;camera&quot;:&quot;&quot;,&quot;caption&quot;:&quot;&quot;,&quot;created_timestamp&quot;:&quot;0&quot;,&quot;copyright&quot;:&quot;&quot;,&quot;focal_length&quot;:&quot;0&quot;,&quot;iso&quot;:&quot;0&quot;,&quot;shutter_speed&quot;:&quot;0&quot;,&quot;title&quot;:&quot;&quot;,&quot;orientation&quot;:&quot;0&quot;}\" data-image-title=\"sustantiva con visi\u00f3n estrat\u00e9gica1\" data-image-description=\"\" data-medium-file=\"https:\/\/i1.wp.com\/www.noticiasperfil.com\/index\/wp-content\/uploads\/2026\/02\/sustantiva-con-vision-estrategica1.jpeg?fit=660%2C365&amp;ssl=1\" data-large-file=\"https:\/\/i1.wp.com\/www.noticiasperfil.com\/index\/wp-content\/uploads\/2026\/02\/sustantiva-con-vision-estrategica1.jpeg?fit=640%2C366&amp;ssl=1\" data-id=\"120133\" src=\"https:\/\/i1.wp.com\/www.noticiasperfil.com\/index\/wp-content\/uploads\/2026\/02\/sustantiva-con-vision-estrategica1.jpeg?fit=640%2C366&amp;ssl=1\" alt=\"\" class=\"wp-image-120133\"\/><\/figure>\n<\/figure>\n\n\n\n<p><strong>Xalapa, Ver., mi\u00e9rcoles 18 de febrero de 2026.-<\/strong> En reuni\u00f3n de coordinaci\u00f3n institucional, titulares de las distintas \u00e1reas de la Secretar\u00eda de Educaci\u00f3n y enlaces designados ante la Unidad de G\u00e9nero acordaron los mecanismos de trabajo que se implementar\u00e1n en 2026, con el objetivo de fortalecer la igualdad sustantiva, la inclusi\u00f3n y la no discriminaci\u00f3n al interior de la dependencia.<\/p>\n\n\n\n<p>Durante el encuentro se establecieron ejes estrat\u00e9gicos prioritarios como la institucionalizaci\u00f3n de la perspectiva de g\u00e9nero en los procesos de planeaci\u00f3n y evaluaci\u00f3n; el fortalecimiento institucional mediante capacitaciones especializadas; la prevenci\u00f3n y atenci\u00f3n de la Alerta de Violencia de G\u00e9nero contra las Mujeres; y el seguimiento de indicadores que permitan medir avances concretos.<\/p>\n\n\n\n<p>La Unidad de G\u00e9nero refrend\u00f3 su papel como instancia t\u00e9cnica y transversal, al se\u00f1alar que la igualdad sustantiva requiere coordinaci\u00f3n interinstitucional, corresponsabilidad entre \u00e1reas y la incorporaci\u00f3n efectiva de la perspectiva de g\u00e9nero en los procesos sustantivos y administrativos.<\/p>\n\n\n\n<p>La reuni\u00f3n permiti\u00f3 alinear acciones, identificar \u00e1reas de oportunidad y consolidar una ruta de trabajo estrat\u00e9gica y medible, orientada a generar cambios sostenibles en la cultura organizacional y en las condiciones laborales del personal de la Secretar\u00eda.<\/p>\n","protected":false},"excerpt":{"rendered":"<p>Xalapa, Ver., mi\u00e9rcoles 18 de febrero de 2026.- En reuni\u00f3n de coordinaci\u00f3n institucional, titulares de las distintas \u00e1reas de la Secretar\u00eda de Educaci\u00f3n y enlaces designados ante la Unidad de G\u00e9nero acordaron los mecanismos de trabajo que se implementar\u00e1n en 2026, con el objetivo de fortalecer la igualdad sustantiva, la inclusi\u00f3n y la no discriminaci\u00f3n al interior de la dependencia. Durante el encuentro se establecieron ejes estrat\u00e9gicos prioritarios como la institucionalizaci\u00f3n de la perspectiva de g\u00e9nero en los procesos de planeaci\u00f3n y evaluaci\u00f3n; el fortalecimiento institucional mediante capacitaciones especializadas; la&hellip;<\/p>\n","protected":false},"author":1,"featured_media":120134,"comment_status":"open","ping_status":"closed","sticky":false,"template":"","format":"standard","meta":{"footnotes":""},"categories":[3,10617],"tags":[],"class_list":["post-120132","post","type-post","status-publish","format-standard","has-post-thumbnail","hentry","category-destacadas","category-sev"],"jetpack-related-posts":[],"_links":{"self":[{"href":"https:\/\/www.noticiasperfil.com\/index\/wp-json\/wp\/v2\/posts\/120132","targetHints":{"allow":["GET"]}}],"collection":[{"href":"https:\/\/www.noticiasperfil.com\/index\/wp-json\/wp\/v2\/posts"}],"about":[{"href":"https:\/\/www.noticiasperfil.com\/index\/wp-json\/wp\/v2\/types\/post"}],"author":[{"embeddable":true,"href":"https:\/\/www.noticiasperfil.com\/index\/wp-json\/wp\/v2\/users\/1"}],"replies":[{"embeddable":true,"href":"https:\/\/www.noticiasperfil.com\/index\/wp-json\/wp\/v2\/comments?post=120132"}],"version-history":[{"count":1,"href":"https:\/\/www.noticiasperfil.com\/index\/wp-json\/wp\/v2\/posts\/120132\/revisions"}],"predecessor-version":[{"id":120135,"href":"https:\/\/www.noticiasperfil.com\/index\/wp-json\/wp\/v2\/posts\/120132\/revisions\/120135"}],"wp:featuredmedia":[{"embeddable":true,"href":"https:\/\/www.noticiasperfil.com\/index\/wp-json\/wp\/v2\/media\/120134"}],"wp:attachment":[{"href":"https:\/\/www.noticiasperfil.com\/index\/wp-json\/wp\/v2\/media?parent=120132"}],"wp:term":[{"taxonomy":"category","embeddable":true,"href":"https:\/\/www.noticiasperfil.com\/index\/wp-json\/wp\/v2\/categories?post=120132"},{"taxonomy":"post_tag","embeddable":true,"href":"https:\/\/www.noticiasperfil.com\/index\/wp-json\/wp\/v2\/tags?post=120132"}],"curies":[{"name":"wp","href":"https:\/\/api.w.org\/{rel}","templated":true}]}}