{"id":122846,"date":"2026-04-27T12:33:36","date_gmt":"2026-04-27T17:33:36","guid":{"rendered":"https:\/\/www.noticiasperfil.com\/index\/?p=122846"},"modified":"2026-04-27T12:33:39","modified_gmt":"2026-04-27T17:33:39","slug":"festival-de-la-ninez-lleva-alegria-aprendizaje-y-convivencia-a-colonias-de-poza-rica","status":"publish","type":"post","link":"https:\/\/www.noticiasperfil.com\/index\/2026\/04\/27\/festival-de-la-ninez-lleva-alegria-aprendizaje-y-convivencia-a-colonias-de-poza-rica\/","title":{"rendered":"Festival de la Ni\u00f1ez lleva alegr\u00eda, aprendizaje y convivencia a colonias de Poza Rica"},"content":{"rendered":"\n<figure class=\"wp-block-gallery has-nested-images columns-default is-cropped wp-block-gallery-1 is-layout-flex wp-block-gallery-is-layout-flex\">\n<figure class=\"wp-block-image size-large\"><img loading=\"lazy\" decoding=\"async\" width=\"1600\" height=\"1069\" data-attachment-id=\"122863\" data-permalink=\"https:\/\/www.noticiasperfil.com\/index\/2026\/04\/27\/festival-de-la-ninez-lleva-alegria-aprendizaje-y-convivencia-a-colonias-de-poza-rica\/festival-ninez-poza-rica-013\/\" data-orig-file=\"https:\/\/i2.wp.com\/www.noticiasperfil.com\/index\/wp-content\/uploads\/2026\/04\/festival-ninez-poza-rica-013.jpeg?fit=1600%2C1069&amp;ssl=1\" data-orig-size=\"1600,1069\" data-comments-opened=\"1\" data-image-meta=\"{&quot;aperture&quot;:&quot;0&quot;,&quot;credit&quot;:&quot;&quot;,&quot;camera&quot;:&quot;&quot;,&quot;caption&quot;:&quot;&quot;,&quot;created_timestamp&quot;:&quot;0&quot;,&quot;copyright&quot;:&quot;&quot;,&quot;focal_length&quot;:&quot;0&quot;,&quot;iso&quot;:&quot;0&quot;,&quot;shutter_speed&quot;:&quot;0&quot;,&quot;title&quot;:&quot;&quot;,&quot;orientation&quot;:&quot;0&quot;}\" data-image-title=\"festival-ninez-poza-rica-013\" data-image-description=\"\" data-medium-file=\"https:\/\/i2.wp.com\/www.noticiasperfil.com\/index\/wp-content\/uploads\/2026\/04\/festival-ninez-poza-rica-013.jpeg?fit=660%2C365&amp;ssl=1\" data-large-file=\"https:\/\/i2.wp.com\/www.noticiasperfil.com\/index\/wp-content\/uploads\/2026\/04\/festival-ninez-poza-rica-013.jpeg?fit=640%2C366&amp;ssl=1\" data-id=\"122863\" src=\"https:\/\/i2.wp.com\/www.noticiasperfil.com\/index\/wp-content\/uploads\/2026\/04\/festival-ninez-poza-rica-013.jpeg?fit=640%2C366&amp;ssl=1\" alt=\"\" class=\"wp-image-122863\" srcset=\"https:\/\/i2.wp.com\/www.noticiasperfil.com\/index\/wp-content\/uploads\/2026\/04\/festival-ninez-poza-rica-013.jpeg?w=1600&amp;ssl=1 1600w, https:\/\/i2.wp.com\/www.noticiasperfil.com\/index\/wp-content\/uploads\/2026\/04\/festival-ninez-poza-rica-013.jpeg?resize=1536%2C1026&amp;ssl=1 1536w, https:\/\/i2.wp.com\/www.noticiasperfil.com\/index\/wp-content\/uploads\/2026\/04\/festival-ninez-poza-rica-013.jpeg?w=1280&amp;ssl=1 1280w\" sizes=\"auto, (max-width: 640px) 100vw, 640px\" \/><\/figure>\n\n\n\n<figure class=\"wp-block-image size-large\"><img loading=\"lazy\" decoding=\"async\" width=\"1600\" height=\"1069\" data-attachment-id=\"122862\" data-permalink=\"https:\/\/www.noticiasperfil.com\/index\/2026\/04\/27\/festival-de-la-ninez-lleva-alegria-aprendizaje-y-convivencia-a-colonias-de-poza-rica\/festival-ninez-poza-rica-012\/\" data-orig-file=\"https:\/\/i2.wp.com\/www.noticiasperfil.com\/index\/wp-content\/uploads\/2026\/04\/festival-ninez-poza-rica-012.jpeg?fit=1600%2C1069&amp;ssl=1\" data-orig-size=\"1600,1069\" data-comments-opened=\"1\" data-image-meta=\"{&quot;aperture&quot;:&quot;0&quot;,&quot;credit&quot;:&quot;&quot;,&quot;camera&quot;:&quot;&quot;,&quot;caption&quot;:&quot;&quot;,&quot;created_timestamp&quot;:&quot;0&quot;,&quot;copyright&quot;:&quot;&quot;,&quot;focal_length&quot;:&quot;0&quot;,&quot;iso&quot;:&quot;0&quot;,&quot;shutter_speed&quot;:&quot;0&quot;,&quot;title&quot;:&quot;&quot;,&quot;orientation&quot;:&quot;0&quot;}\" data-image-title=\"festival-ninez-poza-rica-012\" data-image-description=\"\" data-medium-file=\"https:\/\/i2.wp.com\/www.noticiasperfil.com\/index\/wp-content\/uploads\/2026\/04\/festival-ninez-poza-rica-012.jpeg?fit=660%2C365&amp;ssl=1\" data-large-file=\"https:\/\/i2.wp.com\/www.noticiasperfil.com\/index\/wp-content\/uploads\/2026\/04\/festival-ninez-poza-rica-012.jpeg?fit=640%2C366&amp;ssl=1\" data-id=\"122862\" src=\"https:\/\/i2.wp.com\/www.noticiasperfil.com\/index\/wp-content\/uploads\/2026\/04\/festival-ninez-poza-rica-012.jpeg?fit=640%2C366&amp;ssl=1\" alt=\"\" class=\"wp-image-122862\" srcset=\"https:\/\/i2.wp.com\/www.noticiasperfil.com\/index\/wp-content\/uploads\/2026\/04\/festival-ninez-poza-rica-012.jpeg?w=1600&amp;ssl=1 1600w, https:\/\/i2.wp.com\/www.noticiasperfil.com\/index\/wp-content\/uploads\/2026\/04\/festival-ninez-poza-rica-012.jpeg?resize=1536%2C1026&amp;ssl=1 1536w, https:\/\/i2.wp.com\/www.noticiasperfil.com\/index\/wp-content\/uploads\/2026\/04\/festival-ninez-poza-rica-012.jpeg?w=1280&amp;ssl=1 1280w\" sizes=\"auto, (max-width: 640px) 100vw, 640px\" \/><\/figure>\n\n\n\n<figure class=\"wp-block-image size-large\"><img loading=\"lazy\" decoding=\"async\" width=\"1600\" height=\"1069\" data-attachment-id=\"122861\" data-permalink=\"https:\/\/www.noticiasperfil.com\/index\/2026\/04\/27\/festival-de-la-ninez-lleva-alegria-aprendizaje-y-convivencia-a-colonias-de-poza-rica\/festival-ninez-poza-rica-011\/\" data-orig-file=\"https:\/\/i2.wp.com\/www.noticiasperfil.com\/index\/wp-content\/uploads\/2026\/04\/festival-ninez-poza-rica-011.jpeg?fit=1600%2C1069&amp;ssl=1\" data-orig-size=\"1600,1069\" data-comments-opened=\"1\" data-image-meta=\"{&quot;aperture&quot;:&quot;0&quot;,&quot;credit&quot;:&quot;&quot;,&quot;camera&quot;:&quot;&quot;,&quot;caption&quot;:&quot;&quot;,&quot;created_timestamp&quot;:&quot;0&quot;,&quot;copyright&quot;:&quot;&quot;,&quot;focal_length&quot;:&quot;0&quot;,&quot;iso&quot;:&quot;0&quot;,&quot;shutter_speed&quot;:&quot;0&quot;,&quot;title&quot;:&quot;&quot;,&quot;orientation&quot;:&quot;0&quot;}\" data-image-title=\"festival-ninez-poza-rica-011\" data-image-description=\"\" data-medium-file=\"https:\/\/i2.wp.com\/www.noticiasperfil.com\/index\/wp-content\/uploads\/2026\/04\/festival-ninez-poza-rica-011.jpeg?fit=660%2C365&amp;ssl=1\" data-large-file=\"https:\/\/i2.wp.com\/www.noticiasperfil.com\/index\/wp-content\/uploads\/2026\/04\/festival-ninez-poza-rica-011.jpeg?fit=640%2C366&amp;ssl=1\" data-id=\"122861\" src=\"https:\/\/i2.wp.com\/www.noticiasperfil.com\/index\/wp-content\/uploads\/2026\/04\/festival-ninez-poza-rica-011.jpeg?fit=640%2C366&amp;ssl=1\" alt=\"\" class=\"wp-image-122861\" srcset=\"https:\/\/i2.wp.com\/www.noticiasperfil.com\/index\/wp-content\/uploads\/2026\/04\/festival-ninez-poza-rica-011.jpeg?w=1600&amp;ssl=1 1600w, https:\/\/i2.wp.com\/www.noticiasperfil.com\/index\/wp-content\/uploads\/2026\/04\/festival-ninez-poza-rica-011.jpeg?resize=1536%2C1026&amp;ssl=1 1536w, https:\/\/i2.wp.com\/www.noticiasperfil.com\/index\/wp-content\/uploads\/2026\/04\/festival-ninez-poza-rica-011.jpeg?w=1280&amp;ssl=1 1280w\" sizes=\"auto, (max-width: 640px) 100vw, 640px\" \/><\/figure>\n\n\n\n<figure class=\"wp-block-image size-large\"><img loading=\"lazy\" decoding=\"async\" width=\"1600\" height=\"1069\" data-attachment-id=\"122860\" data-permalink=\"https:\/\/www.noticiasperfil.com\/index\/2026\/04\/27\/festival-de-la-ninez-lleva-alegria-aprendizaje-y-convivencia-a-colonias-de-poza-rica\/festival-ninez-poza-rica-010\/\" data-orig-file=\"https:\/\/i2.wp.com\/www.noticiasperfil.com\/index\/wp-content\/uploads\/2026\/04\/festival-ninez-poza-rica-010.jpeg?fit=1600%2C1069&amp;ssl=1\" data-orig-size=\"1600,1069\" data-comments-opened=\"1\" data-image-meta=\"{&quot;aperture&quot;:&quot;0&quot;,&quot;credit&quot;:&quot;&quot;,&quot;camera&quot;:&quot;&quot;,&quot;caption&quot;:&quot;&quot;,&quot;created_timestamp&quot;:&quot;0&quot;,&quot;copyright&quot;:&quot;&quot;,&quot;focal_length&quot;:&quot;0&quot;,&quot;iso&quot;:&quot;0&quot;,&quot;shutter_speed&quot;:&quot;0&quot;,&quot;title&quot;:&quot;&quot;,&quot;orientation&quot;:&quot;0&quot;}\" data-image-title=\"festival-ninez-poza-rica-010\" data-image-description=\"\" data-medium-file=\"https:\/\/i2.wp.com\/www.noticiasperfil.com\/index\/wp-content\/uploads\/2026\/04\/festival-ninez-poza-rica-010.jpeg?fit=660%2C365&amp;ssl=1\" data-large-file=\"https:\/\/i2.wp.com\/www.noticiasperfil.com\/index\/wp-content\/uploads\/2026\/04\/festival-ninez-poza-rica-010.jpeg?fit=640%2C366&amp;ssl=1\" data-id=\"122860\" src=\"https:\/\/i2.wp.com\/www.noticiasperfil.com\/index\/wp-content\/uploads\/2026\/04\/festival-ninez-poza-rica-010.jpeg?fit=640%2C366&amp;ssl=1\" alt=\"\" class=\"wp-image-122860\" srcset=\"https:\/\/i2.wp.com\/www.noticiasperfil.com\/index\/wp-content\/uploads\/2026\/04\/festival-ninez-poza-rica-010.jpeg?w=1600&amp;ssl=1 1600w, https:\/\/i2.wp.com\/www.noticiasperfil.com\/index\/wp-content\/uploads\/2026\/04\/festival-ninez-poza-rica-010.jpeg?resize=1536%2C1026&amp;ssl=1 1536w, https:\/\/i2.wp.com\/www.noticiasperfil.com\/index\/wp-content\/uploads\/2026\/04\/festival-ninez-poza-rica-010.jpeg?w=1280&amp;ssl=1 1280w\" sizes=\"auto, (max-width: 640px) 100vw, 640px\" \/><\/figure>\n\n\n\n<figure class=\"wp-block-image size-large\"><img loading=\"lazy\" decoding=\"async\" width=\"1600\" height=\"1069\" data-attachment-id=\"122859\" data-permalink=\"https:\/\/www.noticiasperfil.com\/index\/2026\/04\/27\/festival-de-la-ninez-lleva-alegria-aprendizaje-y-convivencia-a-colonias-de-poza-rica\/festival-ninez-poza-rica-009\/\" data-orig-file=\"https:\/\/i2.wp.com\/www.noticiasperfil.com\/index\/wp-content\/uploads\/2026\/04\/festival-ninez-poza-rica-009.jpeg?fit=1600%2C1069&amp;ssl=1\" data-orig-size=\"1600,1069\" data-comments-opened=\"1\" data-image-meta=\"{&quot;aperture&quot;:&quot;0&quot;,&quot;credit&quot;:&quot;&quot;,&quot;camera&quot;:&quot;&quot;,&quot;caption&quot;:&quot;&quot;,&quot;created_timestamp&quot;:&quot;0&quot;,&quot;copyright&quot;:&quot;&quot;,&quot;focal_length&quot;:&quot;0&quot;,&quot;iso&quot;:&quot;0&quot;,&quot;shutter_speed&quot;:&quot;0&quot;,&quot;title&quot;:&quot;&quot;,&quot;orientation&quot;:&quot;0&quot;}\" data-image-title=\"festival-ninez-poza-rica-009\" data-image-description=\"\" data-medium-file=\"https:\/\/i2.wp.com\/www.noticiasperfil.com\/index\/wp-content\/uploads\/2026\/04\/festival-ninez-poza-rica-009.jpeg?fit=660%2C365&amp;ssl=1\" data-large-file=\"https:\/\/i2.wp.com\/www.noticiasperfil.com\/index\/wp-content\/uploads\/2026\/04\/festival-ninez-poza-rica-009.jpeg?fit=640%2C366&amp;ssl=1\" data-id=\"122859\" src=\"https:\/\/i2.wp.com\/www.noticiasperfil.com\/index\/wp-content\/uploads\/2026\/04\/festival-ninez-poza-rica-009.jpeg?fit=640%2C366&amp;ssl=1\" alt=\"\" class=\"wp-image-122859\" srcset=\"https:\/\/i2.wp.com\/www.noticiasperfil.com\/index\/wp-content\/uploads\/2026\/04\/festival-ninez-poza-rica-009.jpeg?w=1600&amp;ssl=1 1600w, https:\/\/i2.wp.com\/www.noticiasperfil.com\/index\/wp-content\/uploads\/2026\/04\/festival-ninez-poza-rica-009.jpeg?resize=1536%2C1026&amp;ssl=1 1536w, https:\/\/i2.wp.com\/www.noticiasperfil.com\/index\/wp-content\/uploads\/2026\/04\/festival-ninez-poza-rica-009.jpeg?w=1280&amp;ssl=1 1280w\" sizes=\"auto, (max-width: 640px) 100vw, 640px\" \/><\/figure>\n\n\n\n<figure class=\"wp-block-image size-large\"><img loading=\"lazy\" decoding=\"async\" width=\"1600\" height=\"1069\" data-attachment-id=\"122858\" data-permalink=\"https:\/\/www.noticiasperfil.com\/index\/2026\/04\/27\/festival-de-la-ninez-lleva-alegria-aprendizaje-y-convivencia-a-colonias-de-poza-rica\/festival-ninez-poza-rica-008\/\" data-orig-file=\"https:\/\/i0.wp.com\/www.noticiasperfil.com\/index\/wp-content\/uploads\/2026\/04\/festival-ninez-poza-rica-008.jpeg?fit=1600%2C1069&amp;ssl=1\" data-orig-size=\"1600,1069\" data-comments-opened=\"1\" data-image-meta=\"{&quot;aperture&quot;:&quot;0&quot;,&quot;credit&quot;:&quot;&quot;,&quot;camera&quot;:&quot;&quot;,&quot;caption&quot;:&quot;&quot;,&quot;created_timestamp&quot;:&quot;0&quot;,&quot;copyright&quot;:&quot;&quot;,&quot;focal_length&quot;:&quot;0&quot;,&quot;iso&quot;:&quot;0&quot;,&quot;shutter_speed&quot;:&quot;0&quot;,&quot;title&quot;:&quot;&quot;,&quot;orientation&quot;:&quot;0&quot;}\" data-image-title=\"festival-ninez-poza-rica-008\" data-image-description=\"\" data-medium-file=\"https:\/\/i0.wp.com\/www.noticiasperfil.com\/index\/wp-content\/uploads\/2026\/04\/festival-ninez-poza-rica-008.jpeg?fit=660%2C365&amp;ssl=1\" data-large-file=\"https:\/\/i0.wp.com\/www.noticiasperfil.com\/index\/wp-content\/uploads\/2026\/04\/festival-ninez-poza-rica-008.jpeg?fit=640%2C366&amp;ssl=1\" data-id=\"122858\" src=\"https:\/\/i0.wp.com\/www.noticiasperfil.com\/index\/wp-content\/uploads\/2026\/04\/festival-ninez-poza-rica-008.jpeg?fit=640%2C366&amp;ssl=1\" alt=\"\" class=\"wp-image-122858\" srcset=\"https:\/\/i0.wp.com\/www.noticiasperfil.com\/index\/wp-content\/uploads\/2026\/04\/festival-ninez-poza-rica-008.jpeg?w=1600&amp;ssl=1 1600w, https:\/\/i0.wp.com\/www.noticiasperfil.com\/index\/wp-content\/uploads\/2026\/04\/festival-ninez-poza-rica-008.jpeg?resize=1536%2C1026&amp;ssl=1 1536w, https:\/\/i0.wp.com\/www.noticiasperfil.com\/index\/wp-content\/uploads\/2026\/04\/festival-ninez-poza-rica-008.jpeg?w=1280&amp;ssl=1 1280w\" sizes=\"auto, (max-width: 640px) 100vw, 640px\" \/><\/figure>\n<\/figure>\n\n\n\n<p>Poza Rica, Ver.\u2014 Con gran entusiasmo y una amplia participaci\u00f3n ciudadana, el Gobierno de Poza Rica, encabezado por la Presidenta Municipal Adanely Rodr\u00edguez, dio inicio al Festival de la Ni\u00f1ez en tu Colonia, un programa dise\u00f1ado para celebrar, reconocer y fortalecer el desarrollo integral de las ni\u00f1as y ni\u00f1os del municipio.<\/p>\n\n\n\n<p>El arranque de esta importante iniciativa se llev\u00f3 a cabo en el Campo Deportivo Gaviotas, donde m\u00e1s de 500 ni\u00f1as y ni\u00f1os disfrutaron de una jornada llena de actividades recreativas, educativas y de sana convivencia. Durante el evento, las infancias participaron en din\u00e1micas como futbolito, talleres de pintura, espacios interactivos para aprender el manejo de drones, toro mec\u00e1nico, inflables, concursos y diversas actividades de animaci\u00f3n, adem\u00e1s de recibir premios que incentivaron su participaci\u00f3n.<\/p>\n\n\n\n<p>Adem\u00e1s, las ni\u00f1as y ni\u00f1os disfrutaron de alimentos como hot dogs, raspados, esquites, palomitas, algodones de az\u00facar, jugos y aguas frescas, complementando una experiencia integral de alegr\u00eda y convivencia familiar.<\/p>\n\n\n\n<p>Este festival refleja el compromiso del Gobierno Municipal con la ni\u00f1ez Pozarricense, promoviendo espacios seguros donde puedan aprender, jugar y desarrollarse plenamente.<\/p>\n\n\n\n<p>Asimismo, se inform\u00f3 que durante toda la semana el Festival de la Ni\u00f1ez en tu Colonia continuar\u00e1 recorriendo distintos puntos de la ciudad, acercando estas actividades a m\u00e1s familias y fortaleciendo el tejido social en cada sector.<\/p>\n\n\n\n<p>Como parte de esta gran celebraci\u00f3n, el Sistema DIF Municipal invita a todas las familias al evento principal que se llevar\u00e1 a cabo el pr\u00f3ximo 30 de abril en la Plaza C\u00edvica, a partir de las 16:00 horas, donde se vivir\u00e1 una tarde llena de sorpresas, juegos y actividades especiales para festejar a las ni\u00f1as y ni\u00f1os de Poza Rica.<\/p>\n\n\n\n<figure class=\"wp-block-gallery has-nested-images columns-default is-cropped wp-block-gallery-2 is-layout-flex wp-block-gallery-is-layout-flex\">\n<figure class=\"wp-block-image size-large\"><img loading=\"lazy\" decoding=\"async\" width=\"1600\" height=\"1069\" data-attachment-id=\"122857\" data-permalink=\"https:\/\/www.noticiasperfil.com\/index\/2026\/04\/27\/festival-de-la-ninez-lleva-alegria-aprendizaje-y-convivencia-a-colonias-de-poza-rica\/festival-ninez-poza-rica-007\/\" data-orig-file=\"https:\/\/i2.wp.com\/www.noticiasperfil.com\/index\/wp-content\/uploads\/2026\/04\/festival-ninez-poza-rica-007.jpeg?fit=1600%2C1069&amp;ssl=1\" data-orig-size=\"1600,1069\" data-comments-opened=\"1\" data-image-meta=\"{&quot;aperture&quot;:&quot;0&quot;,&quot;credit&quot;:&quot;&quot;,&quot;camera&quot;:&quot;&quot;,&quot;caption&quot;:&quot;&quot;,&quot;created_timestamp&quot;:&quot;0&quot;,&quot;copyright&quot;:&quot;&quot;,&quot;focal_length&quot;:&quot;0&quot;,&quot;iso&quot;:&quot;0&quot;,&quot;shutter_speed&quot;:&quot;0&quot;,&quot;title&quot;:&quot;&quot;,&quot;orientation&quot;:&quot;0&quot;}\" data-image-title=\"festival-ninez-poza-rica-007\" data-image-description=\"\" data-medium-file=\"https:\/\/i2.wp.com\/www.noticiasperfil.com\/index\/wp-content\/uploads\/2026\/04\/festival-ninez-poza-rica-007.jpeg?fit=660%2C365&amp;ssl=1\" data-large-file=\"https:\/\/i2.wp.com\/www.noticiasperfil.com\/index\/wp-content\/uploads\/2026\/04\/festival-ninez-poza-rica-007.jpeg?fit=640%2C366&amp;ssl=1\" data-id=\"122857\" src=\"https:\/\/i2.wp.com\/www.noticiasperfil.com\/index\/wp-content\/uploads\/2026\/04\/festival-ninez-poza-rica-007.jpeg?fit=640%2C366&amp;ssl=1\" alt=\"\" class=\"wp-image-122857\" srcset=\"https:\/\/i2.wp.com\/www.noticiasperfil.com\/index\/wp-content\/uploads\/2026\/04\/festival-ninez-poza-rica-007.jpeg?w=1600&amp;ssl=1 1600w, https:\/\/i2.wp.com\/www.noticiasperfil.com\/index\/wp-content\/uploads\/2026\/04\/festival-ninez-poza-rica-007.jpeg?resize=1536%2C1026&amp;ssl=1 1536w, https:\/\/i2.wp.com\/www.noticiasperfil.com\/index\/wp-content\/uploads\/2026\/04\/festival-ninez-poza-rica-007.jpeg?w=1280&amp;ssl=1 1280w\" sizes=\"auto, (max-width: 640px) 100vw, 640px\" \/><\/figure>\n\n\n\n<figure class=\"wp-block-image size-large\"><img loading=\"lazy\" decoding=\"async\" width=\"1600\" height=\"1069\" data-attachment-id=\"122856\" data-permalink=\"https:\/\/www.noticiasperfil.com\/index\/2026\/04\/27\/festival-de-la-ninez-lleva-alegria-aprendizaje-y-convivencia-a-colonias-de-poza-rica\/festival-ninez-poza-rica-006\/\" data-orig-file=\"https:\/\/i0.wp.com\/www.noticiasperfil.com\/index\/wp-content\/uploads\/2026\/04\/festival-ninez-poza-rica-006.jpeg?fit=1600%2C1069&amp;ssl=1\" data-orig-size=\"1600,1069\" data-comments-opened=\"1\" data-image-meta=\"{&quot;aperture&quot;:&quot;0&quot;,&quot;credit&quot;:&quot;&quot;,&quot;camera&quot;:&quot;&quot;,&quot;caption&quot;:&quot;&quot;,&quot;created_timestamp&quot;:&quot;0&quot;,&quot;copyright&quot;:&quot;&quot;,&quot;focal_length&quot;:&quot;0&quot;,&quot;iso&quot;:&quot;0&quot;,&quot;shutter_speed&quot;:&quot;0&quot;,&quot;title&quot;:&quot;&quot;,&quot;orientation&quot;:&quot;0&quot;}\" data-image-title=\"festival-ninez-poza-rica-006\" data-image-description=\"\" data-medium-file=\"https:\/\/i0.wp.com\/www.noticiasperfil.com\/index\/wp-content\/uploads\/2026\/04\/festival-ninez-poza-rica-006.jpeg?fit=660%2C365&amp;ssl=1\" data-large-file=\"https:\/\/i0.wp.com\/www.noticiasperfil.com\/index\/wp-content\/uploads\/2026\/04\/festival-ninez-poza-rica-006.jpeg?fit=640%2C366&amp;ssl=1\" data-id=\"122856\" src=\"https:\/\/i0.wp.com\/www.noticiasperfil.com\/index\/wp-content\/uploads\/2026\/04\/festival-ninez-poza-rica-006.jpeg?fit=640%2C366&amp;ssl=1\" alt=\"\" class=\"wp-image-122856\" srcset=\"https:\/\/i0.wp.com\/www.noticiasperfil.com\/index\/wp-content\/uploads\/2026\/04\/festival-ninez-poza-rica-006.jpeg?w=1600&amp;ssl=1 1600w, https:\/\/i0.wp.com\/www.noticiasperfil.com\/index\/wp-content\/uploads\/2026\/04\/festival-ninez-poza-rica-006.jpeg?resize=1536%2C1026&amp;ssl=1 1536w, https:\/\/i0.wp.com\/www.noticiasperfil.com\/index\/wp-content\/uploads\/2026\/04\/festival-ninez-poza-rica-006.jpeg?w=1280&amp;ssl=1 1280w\" sizes=\"auto, (max-width: 640px) 100vw, 640px\" \/><\/figure>\n\n\n\n<figure class=\"wp-block-image size-large\"><img loading=\"lazy\" decoding=\"async\" width=\"1600\" height=\"1069\" data-attachment-id=\"122855\" data-permalink=\"https:\/\/www.noticiasperfil.com\/index\/2026\/04\/27\/festival-de-la-ninez-lleva-alegria-aprendizaje-y-convivencia-a-colonias-de-poza-rica\/festival-ninez-poza-rica-005\/\" data-orig-file=\"https:\/\/i2.wp.com\/www.noticiasperfil.com\/index\/wp-content\/uploads\/2026\/04\/festival-ninez-poza-rica-005.jpeg?fit=1600%2C1069&amp;ssl=1\" data-orig-size=\"1600,1069\" data-comments-opened=\"1\" data-image-meta=\"{&quot;aperture&quot;:&quot;0&quot;,&quot;credit&quot;:&quot;&quot;,&quot;camera&quot;:&quot;&quot;,&quot;caption&quot;:&quot;&quot;,&quot;created_timestamp&quot;:&quot;0&quot;,&quot;copyright&quot;:&quot;&quot;,&quot;focal_length&quot;:&quot;0&quot;,&quot;iso&quot;:&quot;0&quot;,&quot;shutter_speed&quot;:&quot;0&quot;,&quot;title&quot;:&quot;&quot;,&quot;orientation&quot;:&quot;0&quot;}\" data-image-title=\"festival-ninez-poza-rica-005\" data-image-description=\"\" data-medium-file=\"https:\/\/i2.wp.com\/www.noticiasperfil.com\/index\/wp-content\/uploads\/2026\/04\/festival-ninez-poza-rica-005.jpeg?fit=660%2C365&amp;ssl=1\" data-large-file=\"https:\/\/i2.wp.com\/www.noticiasperfil.com\/index\/wp-content\/uploads\/2026\/04\/festival-ninez-poza-rica-005.jpeg?fit=640%2C366&amp;ssl=1\" data-id=\"122855\" src=\"https:\/\/i2.wp.com\/www.noticiasperfil.com\/index\/wp-content\/uploads\/2026\/04\/festival-ninez-poza-rica-005.jpeg?fit=640%2C366&amp;ssl=1\" alt=\"\" class=\"wp-image-122855\" srcset=\"https:\/\/i2.wp.com\/www.noticiasperfil.com\/index\/wp-content\/uploads\/2026\/04\/festival-ninez-poza-rica-005.jpeg?w=1600&amp;ssl=1 1600w, https:\/\/i2.wp.com\/www.noticiasperfil.com\/index\/wp-content\/uploads\/2026\/04\/festival-ninez-poza-rica-005.jpeg?resize=1536%2C1026&amp;ssl=1 1536w, https:\/\/i2.wp.com\/www.noticiasperfil.com\/index\/wp-content\/uploads\/2026\/04\/festival-ninez-poza-rica-005.jpeg?w=1280&amp;ssl=1 1280w\" sizes=\"auto, (max-width: 640px) 100vw, 640px\" \/><\/figure>\n\n\n\n<figure class=\"wp-block-image size-large\"><img loading=\"lazy\" decoding=\"async\" width=\"1600\" height=\"1069\" data-attachment-id=\"122854\" data-permalink=\"https:\/\/www.noticiasperfil.com\/index\/2026\/04\/27\/festival-de-la-ninez-lleva-alegria-aprendizaje-y-convivencia-a-colonias-de-poza-rica\/festival-ninez-poza-rica-004\/\" data-orig-file=\"https:\/\/i1.wp.com\/www.noticiasperfil.com\/index\/wp-content\/uploads\/2026\/04\/festival-ninez-poza-rica-004.jpeg?fit=1600%2C1069&amp;ssl=1\" data-orig-size=\"1600,1069\" data-comments-opened=\"1\" data-image-meta=\"{&quot;aperture&quot;:&quot;0&quot;,&quot;credit&quot;:&quot;&quot;,&quot;camera&quot;:&quot;&quot;,&quot;caption&quot;:&quot;&quot;,&quot;created_timestamp&quot;:&quot;0&quot;,&quot;copyright&quot;:&quot;&quot;,&quot;focal_length&quot;:&quot;0&quot;,&quot;iso&quot;:&quot;0&quot;,&quot;shutter_speed&quot;:&quot;0&quot;,&quot;title&quot;:&quot;&quot;,&quot;orientation&quot;:&quot;0&quot;}\" data-image-title=\"festival-ninez-poza-rica-004\" data-image-description=\"\" data-medium-file=\"https:\/\/i1.wp.com\/www.noticiasperfil.com\/index\/wp-content\/uploads\/2026\/04\/festival-ninez-poza-rica-004.jpeg?fit=660%2C365&amp;ssl=1\" data-large-file=\"https:\/\/i1.wp.com\/www.noticiasperfil.com\/index\/wp-content\/uploads\/2026\/04\/festival-ninez-poza-rica-004.jpeg?fit=640%2C366&amp;ssl=1\" data-id=\"122854\" src=\"https:\/\/i1.wp.com\/www.noticiasperfil.com\/index\/wp-content\/uploads\/2026\/04\/festival-ninez-poza-rica-004.jpeg?fit=640%2C366&amp;ssl=1\" alt=\"\" class=\"wp-image-122854\" srcset=\"https:\/\/i1.wp.com\/www.noticiasperfil.com\/index\/wp-content\/uploads\/2026\/04\/festival-ninez-poza-rica-004.jpeg?w=1600&amp;ssl=1 1600w, https:\/\/i1.wp.com\/www.noticiasperfil.com\/index\/wp-content\/uploads\/2026\/04\/festival-ninez-poza-rica-004.jpeg?resize=1536%2C1026&amp;ssl=1 1536w, https:\/\/i1.wp.com\/www.noticiasperfil.com\/index\/wp-content\/uploads\/2026\/04\/festival-ninez-poza-rica-004.jpeg?w=1280&amp;ssl=1 1280w\" sizes=\"auto, (max-width: 640px) 100vw, 640px\" \/><\/figure>\n\n\n\n<figure class=\"wp-block-image size-large\"><img loading=\"lazy\" decoding=\"async\" width=\"1600\" height=\"1069\" data-attachment-id=\"122853\" data-permalink=\"https:\/\/www.noticiasperfil.com\/index\/2026\/04\/27\/festival-de-la-ninez-lleva-alegria-aprendizaje-y-convivencia-a-colonias-de-poza-rica\/festival-ninez-poza-rica-003\/\" data-orig-file=\"https:\/\/i1.wp.com\/www.noticiasperfil.com\/index\/wp-content\/uploads\/2026\/04\/festival-ninez-poza-rica-003.jpeg?fit=1600%2C1069&amp;ssl=1\" data-orig-size=\"1600,1069\" data-comments-opened=\"1\" data-image-meta=\"{&quot;aperture&quot;:&quot;0&quot;,&quot;credit&quot;:&quot;&quot;,&quot;camera&quot;:&quot;&quot;,&quot;caption&quot;:&quot;&quot;,&quot;created_timestamp&quot;:&quot;0&quot;,&quot;copyright&quot;:&quot;&quot;,&quot;focal_length&quot;:&quot;0&quot;,&quot;iso&quot;:&quot;0&quot;,&quot;shutter_speed&quot;:&quot;0&quot;,&quot;title&quot;:&quot;&quot;,&quot;orientation&quot;:&quot;0&quot;}\" data-image-title=\"festival-ninez-poza-rica-003\" data-image-description=\"\" data-medium-file=\"https:\/\/i1.wp.com\/www.noticiasperfil.com\/index\/wp-content\/uploads\/2026\/04\/festival-ninez-poza-rica-003.jpeg?fit=660%2C365&amp;ssl=1\" data-large-file=\"https:\/\/i1.wp.com\/www.noticiasperfil.com\/index\/wp-content\/uploads\/2026\/04\/festival-ninez-poza-rica-003.jpeg?fit=640%2C366&amp;ssl=1\" data-id=\"122853\" src=\"https:\/\/i1.wp.com\/www.noticiasperfil.com\/index\/wp-content\/uploads\/2026\/04\/festival-ninez-poza-rica-003.jpeg?fit=640%2C366&amp;ssl=1\" alt=\"\" class=\"wp-image-122853\" srcset=\"https:\/\/i1.wp.com\/www.noticiasperfil.com\/index\/wp-content\/uploads\/2026\/04\/festival-ninez-poza-rica-003.jpeg?w=1600&amp;ssl=1 1600w, https:\/\/i1.wp.com\/www.noticiasperfil.com\/index\/wp-content\/uploads\/2026\/04\/festival-ninez-poza-rica-003.jpeg?resize=1536%2C1026&amp;ssl=1 1536w, https:\/\/i1.wp.com\/www.noticiasperfil.com\/index\/wp-content\/uploads\/2026\/04\/festival-ninez-poza-rica-003.jpeg?w=1280&amp;ssl=1 1280w\" sizes=\"auto, (max-width: 640px) 100vw, 640px\" \/><\/figure>\n\n\n\n<figure class=\"wp-block-image size-large\"><img loading=\"lazy\" decoding=\"async\" width=\"1600\" height=\"1069\" data-attachment-id=\"122852\" data-permalink=\"https:\/\/www.noticiasperfil.com\/index\/2026\/04\/27\/festival-de-la-ninez-lleva-alegria-aprendizaje-y-convivencia-a-colonias-de-poza-rica\/festival-ninez-poza-rica-002\/\" data-orig-file=\"https:\/\/i0.wp.com\/www.noticiasperfil.com\/index\/wp-content\/uploads\/2026\/04\/festival-ninez-poza-rica-002.jpeg?fit=1600%2C1069&amp;ssl=1\" data-orig-size=\"1600,1069\" data-comments-opened=\"1\" data-image-meta=\"{&quot;aperture&quot;:&quot;0&quot;,&quot;credit&quot;:&quot;&quot;,&quot;camera&quot;:&quot;&quot;,&quot;caption&quot;:&quot;&quot;,&quot;created_timestamp&quot;:&quot;0&quot;,&quot;copyright&quot;:&quot;&quot;,&quot;focal_length&quot;:&quot;0&quot;,&quot;iso&quot;:&quot;0&quot;,&quot;shutter_speed&quot;:&quot;0&quot;,&quot;title&quot;:&quot;&quot;,&quot;orientation&quot;:&quot;0&quot;}\" data-image-title=\"festival-ninez-poza-rica-002\" data-image-description=\"\" data-medium-file=\"https:\/\/i0.wp.com\/www.noticiasperfil.com\/index\/wp-content\/uploads\/2026\/04\/festival-ninez-poza-rica-002.jpeg?fit=660%2C365&amp;ssl=1\" data-large-file=\"https:\/\/i0.wp.com\/www.noticiasperfil.com\/index\/wp-content\/uploads\/2026\/04\/festival-ninez-poza-rica-002.jpeg?fit=640%2C366&amp;ssl=1\" data-id=\"122852\" src=\"https:\/\/i0.wp.com\/www.noticiasperfil.com\/index\/wp-content\/uploads\/2026\/04\/festival-ninez-poza-rica-002.jpeg?fit=640%2C366&amp;ssl=1\" alt=\"\" class=\"wp-image-122852\" srcset=\"https:\/\/i0.wp.com\/www.noticiasperfil.com\/index\/wp-content\/uploads\/2026\/04\/festival-ninez-poza-rica-002.jpeg?w=1600&amp;ssl=1 1600w, https:\/\/i0.wp.com\/www.noticiasperfil.com\/index\/wp-content\/uploads\/2026\/04\/festival-ninez-poza-rica-002.jpeg?resize=1536%2C1026&amp;ssl=1 1536w, https:\/\/i0.wp.com\/www.noticiasperfil.com\/index\/wp-content\/uploads\/2026\/04\/festival-ninez-poza-rica-002.jpeg?w=1280&amp;ssl=1 1280w\" sizes=\"auto, (max-width: 640px) 100vw, 640px\" \/><\/figure>\n\n\n\n<figure class=\"wp-block-image size-large\"><img loading=\"lazy\" decoding=\"async\" width=\"1600\" height=\"1069\" data-attachment-id=\"122851\" data-permalink=\"https:\/\/www.noticiasperfil.com\/index\/2026\/04\/27\/festival-de-la-ninez-lleva-alegria-aprendizaje-y-convivencia-a-colonias-de-poza-rica\/festival-ninez-poza-rica-001\/\" data-orig-file=\"https:\/\/i2.wp.com\/www.noticiasperfil.com\/index\/wp-content\/uploads\/2026\/04\/festival-ninez-poza-rica-001.jpeg?fit=1600%2C1069&amp;ssl=1\" data-orig-size=\"1600,1069\" data-comments-opened=\"1\" data-image-meta=\"{&quot;aperture&quot;:&quot;0&quot;,&quot;credit&quot;:&quot;&quot;,&quot;camera&quot;:&quot;&quot;,&quot;caption&quot;:&quot;&quot;,&quot;created_timestamp&quot;:&quot;0&quot;,&quot;copyright&quot;:&quot;&quot;,&quot;focal_length&quot;:&quot;0&quot;,&quot;iso&quot;:&quot;0&quot;,&quot;shutter_speed&quot;:&quot;0&quot;,&quot;title&quot;:&quot;&quot;,&quot;orientation&quot;:&quot;0&quot;}\" data-image-title=\"festival-ninez-poza-rica-001\" data-image-description=\"\" data-medium-file=\"https:\/\/i2.wp.com\/www.noticiasperfil.com\/index\/wp-content\/uploads\/2026\/04\/festival-ninez-poza-rica-001.jpeg?fit=660%2C365&amp;ssl=1\" data-large-file=\"https:\/\/i2.wp.com\/www.noticiasperfil.com\/index\/wp-content\/uploads\/2026\/04\/festival-ninez-poza-rica-001.jpeg?fit=640%2C366&amp;ssl=1\" data-id=\"122851\" src=\"https:\/\/i2.wp.com\/www.noticiasperfil.com\/index\/wp-content\/uploads\/2026\/04\/festival-ninez-poza-rica-001.jpeg?fit=640%2C366&amp;ssl=1\" alt=\"\" class=\"wp-image-122851\" srcset=\"https:\/\/i2.wp.com\/www.noticiasperfil.com\/index\/wp-content\/uploads\/2026\/04\/festival-ninez-poza-rica-001.jpeg?w=1600&amp;ssl=1 1600w, https:\/\/i2.wp.com\/www.noticiasperfil.com\/index\/wp-content\/uploads\/2026\/04\/festival-ninez-poza-rica-001.jpeg?resize=1536%2C1026&amp;ssl=1 1536w, https:\/\/i2.wp.com\/www.noticiasperfil.com\/index\/wp-content\/uploads\/2026\/04\/festival-ninez-poza-rica-001.jpeg?w=1280&amp;ssl=1 1280w\" sizes=\"auto, (max-width: 640px) 100vw, 640px\" \/><\/figure>\n<\/figure>\n","protected":false},"excerpt":{"rendered":"<p>Poza Rica, Ver.\u2014 Con gran entusiasmo y una amplia participaci\u00f3n ciudadana, el Gobierno de Poza Rica, encabezado por la Presidenta Municipal Adanely Rodr\u00edguez, dio inicio al Festival de la Ni\u00f1ez en tu Colonia, un programa dise\u00f1ado para celebrar, reconocer y fortalecer el desarrollo integral de las ni\u00f1as y ni\u00f1os del municipio. El arranque de esta importante iniciativa se llev\u00f3 a cabo en el Campo Deportivo Gaviotas, donde m\u00e1s de 500 ni\u00f1as y ni\u00f1os disfrutaron de una jornada llena de actividades recreativas, educativas y de sana convivencia. Durante el evento, las&hellip;<\/p>\n","protected":false},"author":1,"featured_media":122858,"comment_status":"open","ping_status":"closed","sticky":false,"template":"","format":"standard","meta":{"footnotes":""},"categories":[3,10679,10603],"tags":[],"class_list":["post-122846","post","type-post","status-publish","format-standard","has-post-thumbnail","hentry","category-destacadas","category-poza-rica","category-zona-norte"],"jetpack-related-posts":[],"_links":{"self":[{"href":"https:\/\/www.noticiasperfil.com\/index\/wp-json\/wp\/v2\/posts\/122846","targetHints":{"allow":["GET"]}}],"collection":[{"href":"https:\/\/www.noticiasperfil.com\/index\/wp-json\/wp\/v2\/posts"}],"about":[{"href":"https:\/\/www.noticiasperfil.com\/index\/wp-json\/wp\/v2\/types\/post"}],"author":[{"embeddable":true,"href":"https:\/\/www.noticiasperfil.com\/index\/wp-json\/wp\/v2\/users\/1"}],"replies":[{"embeddable":true,"href":"https:\/\/www.noticiasperfil.com\/index\/wp-json\/wp\/v2\/comments?post=122846"}],"version-history":[{"count":1,"href":"https:\/\/www.noticiasperfil.com\/index\/wp-json\/wp\/v2\/posts\/122846\/revisions"}],"predecessor-version":[{"id":122864,"href":"https:\/\/www.noticiasperfil.com\/index\/wp-json\/wp\/v2\/posts\/122846\/revisions\/122864"}],"wp:featuredmedia":[{"embeddable":true,"href":"https:\/\/www.noticiasperfil.com\/index\/wp-json\/wp\/v2\/media\/122858"}],"wp:attachment":[{"href":"https:\/\/www.noticiasperfil.com\/index\/wp-json\/wp\/v2\/media?parent=122846"}],"wp:term":[{"taxonomy":"category","embeddable":true,"href":"https:\/\/www.noticiasperfil.com\/index\/wp-json\/wp\/v2\/categories?post=122846"},{"taxonomy":"post_tag","embeddable":true,"href":"https:\/\/www.noticiasperfil.com\/index\/wp-json\/wp\/v2\/tags?post=122846"}],"curies":[{"name":"wp","href":"https:\/\/api.w.org\/{rel}","templated":true}]}}