{"id":122865,"date":"2026-04-27T12:40:46","date_gmt":"2026-04-27T17:40:46","guid":{"rendered":"https:\/\/www.noticiasperfil.com\/index\/?p=122865"},"modified":"2026-04-27T13:00:29","modified_gmt":"2026-04-27T18:00:29","slug":"se-concreta-primer-dia-de-la-participacion-de-veracruz-en-ventana-a-mexico","status":"publish","type":"post","link":"https:\/\/www.noticiasperfil.com\/index\/2026\/04\/27\/se-concreta-primer-dia-de-la-participacion-de-veracruz-en-ventana-a-mexico\/","title":{"rendered":"Se concreta primer d\u00eda de la participaci\u00f3n de Veracruz en Ventana a M\u00e9xico"},"content":{"rendered":"\n<figure class=\"wp-block-gallery has-nested-images columns-default is-cropped wp-block-gallery-1 is-layout-flex wp-block-gallery-is-layout-flex\">\n<figure class=\"wp-block-image size-large\"><img loading=\"lazy\" decoding=\"async\" width=\"2560\" height=\"1706\" data-attachment-id=\"122873\" data-permalink=\"https:\/\/www.noticiasperfil.com\/index\/2026\/04\/27\/se-concreta-primer-dia-de-la-participacion-de-veracruz-en-ventana-a-mexico\/veracruz-ventana-mexico-006\/\" data-orig-file=\"https:\/\/i1.wp.com\/www.noticiasperfil.com\/index\/wp-content\/uploads\/2026\/04\/veracruz-ventana-mexico-006-scaled.jpeg?fit=2560%2C1706&amp;ssl=1\" data-orig-size=\"2560,1706\" data-comments-opened=\"1\" data-image-meta=\"{&quot;aperture&quot;:&quot;0&quot;,&quot;credit&quot;:&quot;&quot;,&quot;camera&quot;:&quot;&quot;,&quot;caption&quot;:&quot;&quot;,&quot;created_timestamp&quot;:&quot;0&quot;,&quot;copyright&quot;:&quot;&quot;,&quot;focal_length&quot;:&quot;0&quot;,&quot;iso&quot;:&quot;0&quot;,&quot;shutter_speed&quot;:&quot;0&quot;,&quot;title&quot;:&quot;&quot;,&quot;orientation&quot;:&quot;0&quot;}\" data-image-title=\"veracruz-ventana-mexico-006\" data-image-description=\"\" data-medium-file=\"https:\/\/i1.wp.com\/www.noticiasperfil.com\/index\/wp-content\/uploads\/2026\/04\/veracruz-ventana-mexico-006-scaled.jpeg?fit=660%2C365&amp;ssl=1\" data-large-file=\"https:\/\/i1.wp.com\/www.noticiasperfil.com\/index\/wp-content\/uploads\/2026\/04\/veracruz-ventana-mexico-006-scaled.jpeg?fit=640%2C366&amp;ssl=1\" data-id=\"122873\" src=\"https:\/\/i1.wp.com\/www.noticiasperfil.com\/index\/wp-content\/uploads\/2026\/04\/veracruz-ventana-mexico-006-scaled.jpeg?fit=640%2C366&amp;ssl=1\" alt=\"\" class=\"wp-image-122873\" srcset=\"https:\/\/i1.wp.com\/www.noticiasperfil.com\/index\/wp-content\/uploads\/2026\/04\/veracruz-ventana-mexico-006-scaled.jpeg?w=2560&amp;ssl=1 2560w, https:\/\/i1.wp.com\/www.noticiasperfil.com\/index\/wp-content\/uploads\/2026\/04\/veracruz-ventana-mexico-006-scaled.jpeg?resize=1536%2C1024&amp;ssl=1 1536w, https:\/\/i1.wp.com\/www.noticiasperfil.com\/index\/wp-content\/uploads\/2026\/04\/veracruz-ventana-mexico-006-scaled.jpeg?resize=2048%2C1365&amp;ssl=1 2048w, https:\/\/i1.wp.com\/www.noticiasperfil.com\/index\/wp-content\/uploads\/2026\/04\/veracruz-ventana-mexico-006-scaled.jpeg?w=1280&amp;ssl=1 1280w, https:\/\/i1.wp.com\/www.noticiasperfil.com\/index\/wp-content\/uploads\/2026\/04\/veracruz-ventana-mexico-006-scaled.jpeg?w=1920&amp;ssl=1 1920w\" sizes=\"auto, (max-width: 640px) 100vw, 640px\" \/><\/figure>\n\n\n\n<figure class=\"wp-block-image size-large\"><img loading=\"lazy\" decoding=\"async\" width=\"2560\" height=\"1706\" data-attachment-id=\"122872\" data-permalink=\"https:\/\/www.noticiasperfil.com\/index\/2026\/04\/27\/se-concreta-primer-dia-de-la-participacion-de-veracruz-en-ventana-a-mexico\/veracruz-ventana-mexico-005\/\" data-orig-file=\"https:\/\/i0.wp.com\/www.noticiasperfil.com\/index\/wp-content\/uploads\/2026\/04\/veracruz-ventana-mexico-005-scaled.jpeg?fit=2560%2C1706&amp;ssl=1\" data-orig-size=\"2560,1706\" data-comments-opened=\"1\" data-image-meta=\"{&quot;aperture&quot;:&quot;0&quot;,&quot;credit&quot;:&quot;&quot;,&quot;camera&quot;:&quot;&quot;,&quot;caption&quot;:&quot;&quot;,&quot;created_timestamp&quot;:&quot;0&quot;,&quot;copyright&quot;:&quot;&quot;,&quot;focal_length&quot;:&quot;0&quot;,&quot;iso&quot;:&quot;0&quot;,&quot;shutter_speed&quot;:&quot;0&quot;,&quot;title&quot;:&quot;&quot;,&quot;orientation&quot;:&quot;0&quot;}\" data-image-title=\"veracruz-ventana-mexico-005\" data-image-description=\"\" data-medium-file=\"https:\/\/i0.wp.com\/www.noticiasperfil.com\/index\/wp-content\/uploads\/2026\/04\/veracruz-ventana-mexico-005-scaled.jpeg?fit=660%2C365&amp;ssl=1\" data-large-file=\"https:\/\/i0.wp.com\/www.noticiasperfil.com\/index\/wp-content\/uploads\/2026\/04\/veracruz-ventana-mexico-005-scaled.jpeg?fit=640%2C366&amp;ssl=1\" data-id=\"122872\" src=\"https:\/\/i0.wp.com\/www.noticiasperfil.com\/index\/wp-content\/uploads\/2026\/04\/veracruz-ventana-mexico-005-scaled.jpeg?fit=640%2C366&amp;ssl=1\" alt=\"\" class=\"wp-image-122872\" srcset=\"https:\/\/i0.wp.com\/www.noticiasperfil.com\/index\/wp-content\/uploads\/2026\/04\/veracruz-ventana-mexico-005-scaled.jpeg?w=2560&amp;ssl=1 2560w, https:\/\/i0.wp.com\/www.noticiasperfil.com\/index\/wp-content\/uploads\/2026\/04\/veracruz-ventana-mexico-005-scaled.jpeg?resize=1536%2C1024&amp;ssl=1 1536w, https:\/\/i0.wp.com\/www.noticiasperfil.com\/index\/wp-content\/uploads\/2026\/04\/veracruz-ventana-mexico-005-scaled.jpeg?resize=2048%2C1365&amp;ssl=1 2048w, https:\/\/i0.wp.com\/www.noticiasperfil.com\/index\/wp-content\/uploads\/2026\/04\/veracruz-ventana-mexico-005-scaled.jpeg?w=1280&amp;ssl=1 1280w, https:\/\/i0.wp.com\/www.noticiasperfil.com\/index\/wp-content\/uploads\/2026\/04\/veracruz-ventana-mexico-005-scaled.jpeg?w=1920&amp;ssl=1 1920w\" sizes=\"auto, (max-width: 640px) 100vw, 640px\" \/><\/figure>\n\n\n\n<figure class=\"wp-block-image size-large\"><img loading=\"lazy\" decoding=\"async\" width=\"2560\" height=\"1706\" data-attachment-id=\"122871\" data-permalink=\"https:\/\/www.noticiasperfil.com\/index\/2026\/04\/27\/se-concreta-primer-dia-de-la-participacion-de-veracruz-en-ventana-a-mexico\/veracruz-ventana-mexico-004\/\" data-orig-file=\"https:\/\/i2.wp.com\/www.noticiasperfil.com\/index\/wp-content\/uploads\/2026\/04\/veracruz-ventana-mexico-004-scaled.jpeg?fit=2560%2C1706&amp;ssl=1\" data-orig-size=\"2560,1706\" data-comments-opened=\"1\" data-image-meta=\"{&quot;aperture&quot;:&quot;0&quot;,&quot;credit&quot;:&quot;&quot;,&quot;camera&quot;:&quot;&quot;,&quot;caption&quot;:&quot;&quot;,&quot;created_timestamp&quot;:&quot;0&quot;,&quot;copyright&quot;:&quot;&quot;,&quot;focal_length&quot;:&quot;0&quot;,&quot;iso&quot;:&quot;0&quot;,&quot;shutter_speed&quot;:&quot;0&quot;,&quot;title&quot;:&quot;&quot;,&quot;orientation&quot;:&quot;0&quot;}\" data-image-title=\"veracruz-ventana-mexico-004\" data-image-description=\"\" data-medium-file=\"https:\/\/i2.wp.com\/www.noticiasperfil.com\/index\/wp-content\/uploads\/2026\/04\/veracruz-ventana-mexico-004-scaled.jpeg?fit=660%2C365&amp;ssl=1\" data-large-file=\"https:\/\/i2.wp.com\/www.noticiasperfil.com\/index\/wp-content\/uploads\/2026\/04\/veracruz-ventana-mexico-004-scaled.jpeg?fit=640%2C366&amp;ssl=1\" data-id=\"122871\" src=\"https:\/\/i2.wp.com\/www.noticiasperfil.com\/index\/wp-content\/uploads\/2026\/04\/veracruz-ventana-mexico-004-scaled.jpeg?fit=640%2C366&amp;ssl=1\" alt=\"\" class=\"wp-image-122871\" srcset=\"https:\/\/i2.wp.com\/www.noticiasperfil.com\/index\/wp-content\/uploads\/2026\/04\/veracruz-ventana-mexico-004-scaled.jpeg?w=2560&amp;ssl=1 2560w, https:\/\/i2.wp.com\/www.noticiasperfil.com\/index\/wp-content\/uploads\/2026\/04\/veracruz-ventana-mexico-004-scaled.jpeg?resize=1536%2C1024&amp;ssl=1 1536w, https:\/\/i2.wp.com\/www.noticiasperfil.com\/index\/wp-content\/uploads\/2026\/04\/veracruz-ventana-mexico-004-scaled.jpeg?resize=2048%2C1365&amp;ssl=1 2048w, https:\/\/i2.wp.com\/www.noticiasperfil.com\/index\/wp-content\/uploads\/2026\/04\/veracruz-ventana-mexico-004-scaled.jpeg?w=1280&amp;ssl=1 1280w, https:\/\/i2.wp.com\/www.noticiasperfil.com\/index\/wp-content\/uploads\/2026\/04\/veracruz-ventana-mexico-004-scaled.jpeg?w=1920&amp;ssl=1 1920w\" sizes=\"auto, (max-width: 640px) 100vw, 640px\" \/><\/figure>\n\n\n\n<figure class=\"wp-block-image size-large\"><img loading=\"lazy\" decoding=\"async\" width=\"1707\" height=\"2560\" data-attachment-id=\"122870\" data-permalink=\"https:\/\/www.noticiasperfil.com\/index\/2026\/04\/27\/se-concreta-primer-dia-de-la-participacion-de-veracruz-en-ventana-a-mexico\/veracruz-ventana-mexico-003\/\" data-orig-file=\"https:\/\/i2.wp.com\/www.noticiasperfil.com\/index\/wp-content\/uploads\/2026\/04\/veracruz-ventana-mexico-003-scaled.jpeg?fit=1707%2C2560&amp;ssl=1\" data-orig-size=\"1707,2560\" data-comments-opened=\"1\" data-image-meta=\"{&quot;aperture&quot;:&quot;0&quot;,&quot;credit&quot;:&quot;&quot;,&quot;camera&quot;:&quot;&quot;,&quot;caption&quot;:&quot;&quot;,&quot;created_timestamp&quot;:&quot;0&quot;,&quot;copyright&quot;:&quot;&quot;,&quot;focal_length&quot;:&quot;0&quot;,&quot;iso&quot;:&quot;0&quot;,&quot;shutter_speed&quot;:&quot;0&quot;,&quot;title&quot;:&quot;&quot;,&quot;orientation&quot;:&quot;0&quot;}\" data-image-title=\"veracruz-ventana-mexico-003\" data-image-description=\"\" data-medium-file=\"https:\/\/i2.wp.com\/www.noticiasperfil.com\/index\/wp-content\/uploads\/2026\/04\/veracruz-ventana-mexico-003-scaled.jpeg?fit=660%2C365&amp;ssl=1\" data-large-file=\"https:\/\/i2.wp.com\/www.noticiasperfil.com\/index\/wp-content\/uploads\/2026\/04\/veracruz-ventana-mexico-003-scaled.jpeg?fit=640%2C366&amp;ssl=1\" data-id=\"122870\" src=\"https:\/\/i2.wp.com\/www.noticiasperfil.com\/index\/wp-content\/uploads\/2026\/04\/veracruz-ventana-mexico-003-scaled.jpeg?fit=640%2C366&amp;ssl=1\" alt=\"\" class=\"wp-image-122870\" srcset=\"https:\/\/i2.wp.com\/www.noticiasperfil.com\/index\/wp-content\/uploads\/2026\/04\/veracruz-ventana-mexico-003-scaled.jpeg?w=1707&amp;ssl=1 1707w, https:\/\/i2.wp.com\/www.noticiasperfil.com\/index\/wp-content\/uploads\/2026\/04\/veracruz-ventana-mexico-003-scaled.jpeg?resize=1024%2C1536&amp;ssl=1 1024w, https:\/\/i2.wp.com\/www.noticiasperfil.com\/index\/wp-content\/uploads\/2026\/04\/veracruz-ventana-mexico-003-scaled.jpeg?resize=1366%2C2048&amp;ssl=1 1366w, https:\/\/i2.wp.com\/www.noticiasperfil.com\/index\/wp-content\/uploads\/2026\/04\/veracruz-ventana-mexico-003-scaled.jpeg?w=1280&amp;ssl=1 1280w\" sizes=\"auto, (max-width: 640px) 100vw, 640px\" \/><\/figure>\n\n\n\n<figure class=\"wp-block-image size-large\"><img loading=\"lazy\" decoding=\"async\" width=\"2560\" height=\"1706\" data-attachment-id=\"122869\" data-permalink=\"https:\/\/www.noticiasperfil.com\/index\/2026\/04\/27\/se-concreta-primer-dia-de-la-participacion-de-veracruz-en-ventana-a-mexico\/veracruz-ventana-mexico-002\/\" data-orig-file=\"https:\/\/i2.wp.com\/www.noticiasperfil.com\/index\/wp-content\/uploads\/2026\/04\/veracruz-ventana-mexico-002-scaled.jpeg?fit=2560%2C1706&amp;ssl=1\" data-orig-size=\"2560,1706\" data-comments-opened=\"1\" data-image-meta=\"{&quot;aperture&quot;:&quot;0&quot;,&quot;credit&quot;:&quot;&quot;,&quot;camera&quot;:&quot;&quot;,&quot;caption&quot;:&quot;&quot;,&quot;created_timestamp&quot;:&quot;0&quot;,&quot;copyright&quot;:&quot;&quot;,&quot;focal_length&quot;:&quot;0&quot;,&quot;iso&quot;:&quot;0&quot;,&quot;shutter_speed&quot;:&quot;0&quot;,&quot;title&quot;:&quot;&quot;,&quot;orientation&quot;:&quot;0&quot;}\" data-image-title=\"veracruz-ventana-mexico-002\" data-image-description=\"\" data-medium-file=\"https:\/\/i2.wp.com\/www.noticiasperfil.com\/index\/wp-content\/uploads\/2026\/04\/veracruz-ventana-mexico-002-scaled.jpeg?fit=660%2C365&amp;ssl=1\" data-large-file=\"https:\/\/i2.wp.com\/www.noticiasperfil.com\/index\/wp-content\/uploads\/2026\/04\/veracruz-ventana-mexico-002-scaled.jpeg?fit=640%2C366&amp;ssl=1\" data-id=\"122869\" src=\"https:\/\/i2.wp.com\/www.noticiasperfil.com\/index\/wp-content\/uploads\/2026\/04\/veracruz-ventana-mexico-002-scaled.jpeg?fit=640%2C366&amp;ssl=1\" alt=\"\" class=\"wp-image-122869\" srcset=\"https:\/\/i2.wp.com\/www.noticiasperfil.com\/index\/wp-content\/uploads\/2026\/04\/veracruz-ventana-mexico-002-scaled.jpeg?w=2560&amp;ssl=1 2560w, https:\/\/i2.wp.com\/www.noticiasperfil.com\/index\/wp-content\/uploads\/2026\/04\/veracruz-ventana-mexico-002-scaled.jpeg?resize=1536%2C1024&amp;ssl=1 1536w, https:\/\/i2.wp.com\/www.noticiasperfil.com\/index\/wp-content\/uploads\/2026\/04\/veracruz-ventana-mexico-002-scaled.jpeg?resize=2048%2C1365&amp;ssl=1 2048w, https:\/\/i2.wp.com\/www.noticiasperfil.com\/index\/wp-content\/uploads\/2026\/04\/veracruz-ventana-mexico-002-scaled.jpeg?w=1280&amp;ssl=1 1280w, https:\/\/i2.wp.com\/www.noticiasperfil.com\/index\/wp-content\/uploads\/2026\/04\/veracruz-ventana-mexico-002-scaled.jpeg?w=1920&amp;ssl=1 1920w\" sizes=\"auto, (max-width: 640px) 100vw, 640px\" \/><\/figure>\n\n\n\n<figure class=\"wp-block-image size-large\"><img loading=\"lazy\" decoding=\"async\" width=\"2560\" height=\"1706\" data-attachment-id=\"122868\" data-permalink=\"https:\/\/www.noticiasperfil.com\/index\/2026\/04\/27\/se-concreta-primer-dia-de-la-participacion-de-veracruz-en-ventana-a-mexico\/veracruz-ventana-mexico-001\/\" data-orig-file=\"https:\/\/i1.wp.com\/www.noticiasperfil.com\/index\/wp-content\/uploads\/2026\/04\/veracruz-ventana-mexico-001-scaled.jpeg?fit=2560%2C1706&amp;ssl=1\" data-orig-size=\"2560,1706\" data-comments-opened=\"1\" data-image-meta=\"{&quot;aperture&quot;:&quot;0&quot;,&quot;credit&quot;:&quot;&quot;,&quot;camera&quot;:&quot;&quot;,&quot;caption&quot;:&quot;&quot;,&quot;created_timestamp&quot;:&quot;0&quot;,&quot;copyright&quot;:&quot;&quot;,&quot;focal_length&quot;:&quot;0&quot;,&quot;iso&quot;:&quot;0&quot;,&quot;shutter_speed&quot;:&quot;0&quot;,&quot;title&quot;:&quot;&quot;,&quot;orientation&quot;:&quot;0&quot;}\" data-image-title=\"veracruz-ventana-mexico-001\" data-image-description=\"\" data-medium-file=\"https:\/\/i1.wp.com\/www.noticiasperfil.com\/index\/wp-content\/uploads\/2026\/04\/veracruz-ventana-mexico-001-scaled.jpeg?fit=660%2C365&amp;ssl=1\" data-large-file=\"https:\/\/i1.wp.com\/www.noticiasperfil.com\/index\/wp-content\/uploads\/2026\/04\/veracruz-ventana-mexico-001-scaled.jpeg?fit=640%2C366&amp;ssl=1\" data-id=\"122868\" src=\"https:\/\/i1.wp.com\/www.noticiasperfil.com\/index\/wp-content\/uploads\/2026\/04\/veracruz-ventana-mexico-001-scaled.jpeg?fit=640%2C366&amp;ssl=1\" alt=\"\" class=\"wp-image-122868\" srcset=\"https:\/\/i1.wp.com\/www.noticiasperfil.com\/index\/wp-content\/uploads\/2026\/04\/veracruz-ventana-mexico-001-scaled.jpeg?w=2560&amp;ssl=1 2560w, https:\/\/i1.wp.com\/www.noticiasperfil.com\/index\/wp-content\/uploads\/2026\/04\/veracruz-ventana-mexico-001-scaled.jpeg?resize=1536%2C1024&amp;ssl=1 1536w, https:\/\/i1.wp.com\/www.noticiasperfil.com\/index\/wp-content\/uploads\/2026\/04\/veracruz-ventana-mexico-001-scaled.jpeg?resize=2048%2C1365&amp;ssl=1 2048w, https:\/\/i1.wp.com\/www.noticiasperfil.com\/index\/wp-content\/uploads\/2026\/04\/veracruz-ventana-mexico-001-scaled.jpeg?w=1280&amp;ssl=1 1280w, https:\/\/i1.wp.com\/www.noticiasperfil.com\/index\/wp-content\/uploads\/2026\/04\/veracruz-ventana-mexico-001-scaled.jpeg?w=1920&amp;ssl=1 1920w\" sizes=\"auto, (max-width: 640px) 100vw, 640px\" \/><\/figure>\n\n\n\n<figure class=\"wp-block-image size-large\"><img loading=\"lazy\" decoding=\"async\" width=\"1280\" height=\"854\" data-attachment-id=\"122867\" data-permalink=\"https:\/\/www.noticiasperfil.com\/index\/2026\/04\/27\/se-concreta-primer-dia-de-la-participacion-de-veracruz-en-ventana-a-mexico\/veracruz-ventana-mexico-008\/\" data-orig-file=\"https:\/\/i0.wp.com\/www.noticiasperfil.com\/index\/wp-content\/uploads\/2026\/04\/veracruz-ventana-mexico-008.jpeg?fit=1280%2C854&amp;ssl=1\" data-orig-size=\"1280,854\" data-comments-opened=\"1\" data-image-meta=\"{&quot;aperture&quot;:&quot;0&quot;,&quot;credit&quot;:&quot;&quot;,&quot;camera&quot;:&quot;&quot;,&quot;caption&quot;:&quot;&quot;,&quot;created_timestamp&quot;:&quot;0&quot;,&quot;copyright&quot;:&quot;&quot;,&quot;focal_length&quot;:&quot;0&quot;,&quot;iso&quot;:&quot;0&quot;,&quot;shutter_speed&quot;:&quot;0&quot;,&quot;title&quot;:&quot;&quot;,&quot;orientation&quot;:&quot;0&quot;}\" data-image-title=\"veracruz-ventana-mexico-008\" data-image-description=\"\" data-medium-file=\"https:\/\/i0.wp.com\/www.noticiasperfil.com\/index\/wp-content\/uploads\/2026\/04\/veracruz-ventana-mexico-008.jpeg?fit=660%2C365&amp;ssl=1\" data-large-file=\"https:\/\/i0.wp.com\/www.noticiasperfil.com\/index\/wp-content\/uploads\/2026\/04\/veracruz-ventana-mexico-008.jpeg?fit=640%2C366&amp;ssl=1\" data-id=\"122867\" src=\"https:\/\/i0.wp.com\/www.noticiasperfil.com\/index\/wp-content\/uploads\/2026\/04\/veracruz-ventana-mexico-008.jpeg?fit=640%2C366&amp;ssl=1\" alt=\"\" class=\"wp-image-122867\"\/><\/figure>\n\n\n\n<figure class=\"wp-block-image size-large\"><img loading=\"lazy\" decoding=\"async\" width=\"1386\" height=\"1367\" data-attachment-id=\"122866\" data-permalink=\"https:\/\/www.noticiasperfil.com\/index\/2026\/04\/27\/se-concreta-primer-dia-de-la-participacion-de-veracruz-en-ventana-a-mexico\/veracruz-ventana-mexico-007\/\" data-orig-file=\"https:\/\/i1.wp.com\/www.noticiasperfil.com\/index\/wp-content\/uploads\/2026\/04\/veracruz-ventana-mexico-007.jpeg?fit=1386%2C1367&amp;ssl=1\" data-orig-size=\"1386,1367\" data-comments-opened=\"1\" data-image-meta=\"{&quot;aperture&quot;:&quot;0&quot;,&quot;credit&quot;:&quot;&quot;,&quot;camera&quot;:&quot;&quot;,&quot;caption&quot;:&quot;&quot;,&quot;created_timestamp&quot;:&quot;0&quot;,&quot;copyright&quot;:&quot;&quot;,&quot;focal_length&quot;:&quot;0&quot;,&quot;iso&quot;:&quot;0&quot;,&quot;shutter_speed&quot;:&quot;0&quot;,&quot;title&quot;:&quot;&quot;,&quot;orientation&quot;:&quot;0&quot;}\" data-image-title=\"veracruz-ventana-mexico-007\" data-image-description=\"\" data-medium-file=\"https:\/\/i1.wp.com\/www.noticiasperfil.com\/index\/wp-content\/uploads\/2026\/04\/veracruz-ventana-mexico-007.jpeg?fit=660%2C365&amp;ssl=1\" data-large-file=\"https:\/\/i1.wp.com\/www.noticiasperfil.com\/index\/wp-content\/uploads\/2026\/04\/veracruz-ventana-mexico-007.jpeg?fit=640%2C366&amp;ssl=1\" data-id=\"122866\" src=\"https:\/\/i1.wp.com\/www.noticiasperfil.com\/index\/wp-content\/uploads\/2026\/04\/veracruz-ventana-mexico-007.jpeg?fit=640%2C366&amp;ssl=1\" alt=\"\" class=\"wp-image-122866\" srcset=\"https:\/\/i1.wp.com\/www.noticiasperfil.com\/index\/wp-content\/uploads\/2026\/04\/veracruz-ventana-mexico-007.jpeg?w=1386&amp;ssl=1 1386w, https:\/\/i1.wp.com\/www.noticiasperfil.com\/index\/wp-content\/uploads\/2026\/04\/veracruz-ventana-mexico-007.jpeg?w=1280&amp;ssl=1 1280w\" sizes=\"auto, (max-width: 640px) 100vw, 640px\" \/><\/figure>\n<\/figure>\n\n\n\n<p><strong>Acapulco, Gro.-<\/strong> El Gobierno del Estado, a trav\u00e9s de la Secretar\u00eda de Cultura de Veracruz, particip\u00f3 en el encuentro Ventana M\u00e9xico, realizado en la Plaza Quebec, en Acapulco de Ju\u00e1rez, Guerrero.<\/p>\n\n\n\n<p>En el apartado art\u00edstico, la delegaci\u00f3n veracruzana destac\u00f3 con la participaci\u00f3n de los artesanos Nahum Hern\u00e1ndez y Diana Cuacotla, quienes presentaron productos de sombrerer\u00eda de palma y la t\u00e9cnica de telar de cintura.<\/p>\n\n\n\n<p>Asimismo, se cont\u00f3 con la actuaci\u00f3n del Ballet Folkl\u00f3rico de la Universidad Veracruzana y el grupo Zenzontle de la Secretar\u00eda de Educaci\u00f3n de Veracruz. En el \u00e1rea gastron\u00f3mica, cocineros y baristas locales posicionaron a la entidad mediante muestras culinarias y exhibiciones de caf\u00e9 y vainilla.<\/p>\n\n\n\n<p>La ceremonia inaugural fue encabezada por la presidenta municipal de Acapulco, Abelina L\u00f3pez Rodr\u00edguez, &nbsp;quien destac\u00f3 que Ventana M\u00e9xico es un espacio dedicado al trabajo de artesanas y artesanos, donde el pa\u00eds se proyecta no solo como un destino tur\u00edstico, sino como una expresi\u00f3n de cultura viva.<\/p>\n\n\n\n<p>Por su parte, el titular de la Secretar\u00eda de Turismo de Guerrero, Sim\u00f3n Qui\u00f1ones Orozco resalt\u00f3 la evoluci\u00f3n del Tianguis Tur\u00edstico como un punto de encuentro de aromas, sabores y tradiciones que proyectan la identidad de M\u00e9xico.<\/p>\n\n\n\n<p>Tambi\u00e9n asistieron la titular de la Secretar\u00eda de Turismo del Gobierno de M\u00e9xico, Josefina Rodr\u00edguez Zamora; la subsecretaria de Turismo del Gobierno de M\u00e9xico, Nathalie Desplas Puel, representantes de cocineras tradicionales, as\u00ed como autoridades de los tres \u00f3rdenes de gobierno.<\/p>\n\n\n\n<p>Conoce m\u00e1s sobre esta actividad en las redes sociales de @Tianguis-Tur\u00edstico-de-M\u00e9xico-Oficial y en la p\u00e1gina web <a href=\"https:\/\/www.tianguisturistico.com\">https:\/\/www.tianguisturistico.com<\/a>. Sigue la cuenta de la @SECVERoficial para descubrir todas las actividades que confirman por qu\u00e9 Veracruz est\u00e1 de moda.<\/p>\n","protected":false},"excerpt":{"rendered":"<p>Acapulco, Gro.- El Gobierno del Estado, a trav\u00e9s de la Secretar\u00eda de Cultura de Veracruz, particip\u00f3 en el encuentro Ventana M\u00e9xico, realizado en la Plaza Quebec, en Acapulco de Ju\u00e1rez, Guerrero. En el apartado art\u00edstico, la delegaci\u00f3n veracruzana destac\u00f3 con la participaci\u00f3n de los artesanos Nahum Hern\u00e1ndez y Diana Cuacotla, quienes presentaron productos de sombrerer\u00eda de palma y la t\u00e9cnica de telar de cintura. Asimismo, se cont\u00f3 con la actuaci\u00f3n del Ballet Folkl\u00f3rico de la Universidad Veracruzana y el grupo Zenzontle de la Secretar\u00eda de Educaci\u00f3n de Veracruz. En el&hellip;<\/p>\n","protected":false},"author":1,"featured_media":122873,"comment_status":"open","ping_status":"closed","sticky":false,"template":"","format":"standard","meta":{"footnotes":""},"categories":[3,7],"tags":[],"class_list":["post-122865","post","type-post","status-publish","format-standard","has-post-thumbnail","hentry","category-destacadas","category-nacional"],"jetpack-related-posts":[],"_links":{"self":[{"href":"https:\/\/www.noticiasperfil.com\/index\/wp-json\/wp\/v2\/posts\/122865","targetHints":{"allow":["GET"]}}],"collection":[{"href":"https:\/\/www.noticiasperfil.com\/index\/wp-json\/wp\/v2\/posts"}],"about":[{"href":"https:\/\/www.noticiasperfil.com\/index\/wp-json\/wp\/v2\/types\/post"}],"author":[{"embeddable":true,"href":"https:\/\/www.noticiasperfil.com\/index\/wp-json\/wp\/v2\/users\/1"}],"replies":[{"embeddable":true,"href":"https:\/\/www.noticiasperfil.com\/index\/wp-json\/wp\/v2\/comments?post=122865"}],"version-history":[{"count":2,"href":"https:\/\/www.noticiasperfil.com\/index\/wp-json\/wp\/v2\/posts\/122865\/revisions"}],"predecessor-version":[{"id":122875,"href":"https:\/\/www.noticiasperfil.com\/index\/wp-json\/wp\/v2\/posts\/122865\/revisions\/122875"}],"wp:featuredmedia":[{"embeddable":true,"href":"https:\/\/www.noticiasperfil.com\/index\/wp-json\/wp\/v2\/media\/122873"}],"wp:attachment":[{"href":"https:\/\/www.noticiasperfil.com\/index\/wp-json\/wp\/v2\/media?parent=122865"}],"wp:term":[{"taxonomy":"category","embeddable":true,"href":"https:\/\/www.noticiasperfil.com\/index\/wp-json\/wp\/v2\/categories?post=122865"},{"taxonomy":"post_tag","embeddable":true,"href":"https:\/\/www.noticiasperfil.com\/index\/wp-json\/wp\/v2\/tags?post=122865"}],"curies":[{"name":"wp","href":"https:\/\/api.w.org\/{rel}","templated":true}]}}