{"id":122876,"date":"2026-04-26T13:00:58","date_gmt":"2026-04-26T18:00:58","guid":{"rendered":"https:\/\/www.noticiasperfil.com\/index\/?p=122876"},"modified":"2026-04-27T13:35:45","modified_gmt":"2026-04-27T18:35:45","slug":"trabajo-interinstitucional-permite-ubicar-a-menor-sana-y-salva-en-coscomatepec","status":"publish","type":"post","link":"https:\/\/www.noticiasperfil.com\/index\/2026\/04\/26\/trabajo-interinstitucional-permite-ubicar-a-menor-sana-y-salva-en-coscomatepec\/","title":{"rendered":"Trabajo interinstitucional permite ubicar a menor sana y salva en Coscomatepec"},"content":{"rendered":"\n<figure class=\"wp-block-image size-full\"><img loading=\"lazy\" decoding=\"async\" width=\"2048\" height=\"2048\" data-attachment-id=\"122659\" data-permalink=\"https:\/\/www.noticiasperfil.com\/index\/2026\/04\/21\/rinde-ssp-informe-de-hechos-ocurridos-en-el-norte-del-estado\/rinde-ssp-informe\/\" data-orig-file=\"https:\/\/i0.wp.com\/www.noticiasperfil.com\/index\/wp-content\/uploads\/2026\/04\/rinde-ssp-informe.jpeg?fit=2048%2C2048&amp;ssl=1\" data-orig-size=\"2048,2048\" data-comments-opened=\"1\" data-image-meta=\"{&quot;aperture&quot;:&quot;0&quot;,&quot;credit&quot;:&quot;&quot;,&quot;camera&quot;:&quot;&quot;,&quot;caption&quot;:&quot;&quot;,&quot;created_timestamp&quot;:&quot;0&quot;,&quot;copyright&quot;:&quot;&quot;,&quot;focal_length&quot;:&quot;0&quot;,&quot;iso&quot;:&quot;0&quot;,&quot;shutter_speed&quot;:&quot;0&quot;,&quot;title&quot;:&quot;&quot;,&quot;orientation&quot;:&quot;0&quot;}\" data-image-title=\"rinde-ssp-informe\" data-image-description=\"\" data-medium-file=\"https:\/\/i0.wp.com\/www.noticiasperfil.com\/index\/wp-content\/uploads\/2026\/04\/rinde-ssp-informe.jpeg?fit=660%2C365&amp;ssl=1\" data-large-file=\"https:\/\/i0.wp.com\/www.noticiasperfil.com\/index\/wp-content\/uploads\/2026\/04\/rinde-ssp-informe.jpeg?fit=640%2C366&amp;ssl=1\" src=\"https:\/\/i0.wp.com\/www.noticiasperfil.com\/index\/wp-content\/uploads\/2026\/04\/rinde-ssp-informe.jpeg?fit=2048%2C2048&amp;ssl=1\" alt=\"\" class=\"wp-image-122659\" srcset=\"https:\/\/i0.wp.com\/www.noticiasperfil.com\/index\/wp-content\/uploads\/2026\/04\/rinde-ssp-informe.jpeg?w=2048&amp;ssl=1 2048w, https:\/\/i0.wp.com\/www.noticiasperfil.com\/index\/wp-content\/uploads\/2026\/04\/rinde-ssp-informe.jpeg?resize=1536%2C1536&amp;ssl=1 1536w, https:\/\/i0.wp.com\/www.noticiasperfil.com\/index\/wp-content\/uploads\/2026\/04\/rinde-ssp-informe.jpeg?w=1280&amp;ssl=1 1280w, https:\/\/i0.wp.com\/www.noticiasperfil.com\/index\/wp-content\/uploads\/2026\/04\/rinde-ssp-informe.jpeg?w=1920&amp;ssl=1 1920w\" sizes=\"auto, (max-width: 640px) 100vw, 640px\" \/><\/figure>\n\n\n\n<p><strong>Xalapa, Ver., domingo 26 de abril de 2026.\u2013<\/strong> La Secretar\u00eda de Seguridad P\u00fablica en coordinaci\u00f3n con la Guardia Nacional, la Secretar\u00eda de Marina y la Fiscal\u00eda General del Estado, informa que, derivado de trabajos de campo y gabinete, fue localizada en el municipio de Coscomatepec una menor de 15 a\u00f1os, quien hab\u00eda sido reportada como no localizada en el estado de Morelos.<\/p>\n\n\n\n<p>De manera inmediata, el personal operativo activ\u00f3 los protocolos correspondientes para corroborar su identidad, conforme a la informaci\u00f3n proporcionada por sus familiares.<\/p>\n\n\n\n<p>La menor refiri\u00f3 haber viajado por sus propios medios en transporte p\u00fablico, con el prop\u00f3sito de visitar a una persona de su confianza.<\/p>\n\n\n\n<p>La SSP reafirma su compromiso de actuar con eficacia mediante la coordinaci\u00f3n interinstitucional, as\u00ed como con la integraci\u00f3n de labores de gabinete y campo, para brindar una atenci\u00f3n oportuna a la ciudadan\u00eda.<\/p>\n","protected":false},"excerpt":{"rendered":"<p>Xalapa, Ver., domingo 26 de abril de 2026.\u2013 La Secretar\u00eda de Seguridad P\u00fablica en coordinaci\u00f3n con la Guardia Nacional, la Secretar\u00eda de Marina y la Fiscal\u00eda General del Estado, informa que, derivado de trabajos de campo y gabinete, fue localizada en el municipio de Coscomatepec una menor de 15 a\u00f1os, quien hab\u00eda sido reportada como no localizada en el estado de Morelos. De manera inmediata, el personal operativo activ\u00f3 los protocolos correspondientes para corroborar su identidad, conforme a la informaci\u00f3n proporcionada por sus familiares. La menor refiri\u00f3 haber viajado por&hellip;<\/p>\n","protected":false},"author":1,"featured_media":122659,"comment_status":"open","ping_status":"closed","sticky":false,"template":"","format":"standard","meta":{"footnotes":""},"categories":[3,13],"tags":[],"class_list":["post-122876","post","type-post","status-publish","format-standard","has-post-thumbnail","hentry","category-destacadas","category-seguridad"],"jetpack-related-posts":[],"_links":{"self":[{"href":"https:\/\/www.noticiasperfil.com\/index\/wp-json\/wp\/v2\/posts\/122876","targetHints":{"allow":["GET"]}}],"collection":[{"href":"https:\/\/www.noticiasperfil.com\/index\/wp-json\/wp\/v2\/posts"}],"about":[{"href":"https:\/\/www.noticiasperfil.com\/index\/wp-json\/wp\/v2\/types\/post"}],"author":[{"embeddable":true,"href":"https:\/\/www.noticiasperfil.com\/index\/wp-json\/wp\/v2\/users\/1"}],"replies":[{"embeddable":true,"href":"https:\/\/www.noticiasperfil.com\/index\/wp-json\/wp\/v2\/comments?post=122876"}],"version-history":[{"count":1,"href":"https:\/\/www.noticiasperfil.com\/index\/wp-json\/wp\/v2\/posts\/122876\/revisions"}],"predecessor-version":[{"id":122877,"href":"https:\/\/www.noticiasperfil.com\/index\/wp-json\/wp\/v2\/posts\/122876\/revisions\/122877"}],"wp:featuredmedia":[{"embeddable":true,"href":"https:\/\/www.noticiasperfil.com\/index\/wp-json\/wp\/v2\/media\/122659"}],"wp:attachment":[{"href":"https:\/\/www.noticiasperfil.com\/index\/wp-json\/wp\/v2\/media?parent=122876"}],"wp:term":[{"taxonomy":"category","embeddable":true,"href":"https:\/\/www.noticiasperfil.com\/index\/wp-json\/wp\/v2\/categories?post=122876"},{"taxonomy":"post_tag","embeddable":true,"href":"https:\/\/www.noticiasperfil.com\/index\/wp-json\/wp\/v2\/tags?post=122876"}],"curies":[{"name":"wp","href":"https:\/\/api.w.org\/{rel}","templated":true}]}}