{"id":122878,"date":"2026-04-27T13:45:12","date_gmt":"2026-04-27T18:45:12","guid":{"rendered":"https:\/\/www.noticiasperfil.com\/index\/?p=122878"},"modified":"2026-04-27T13:45:19","modified_gmt":"2026-04-27T18:45:19","slug":"valida-gobierno-federal-actualizacion-de-plan-de-estudios-de-la-escuela-de-enfermeria-de-coatepec","status":"publish","type":"post","link":"https:\/\/www.noticiasperfil.com\/index\/2026\/04\/27\/valida-gobierno-federal-actualizacion-de-plan-de-estudios-de-la-escuela-de-enfermeria-de-coatepec\/","title":{"rendered":"Valida Gobierno Federal actualizaci\u00f3n de plan de estudios de la Escuela de Enfermer\u00eda de Coatepec"},"content":{"rendered":"\n<figure class=\"wp-block-image size-large\"><img loading=\"lazy\" decoding=\"async\" width=\"640\" height=\"366\" data-attachment-id=\"122879\" data-permalink=\"https:\/\/www.noticiasperfil.com\/index\/2026\/04\/27\/valida-gobierno-federal-actualizacion-de-plan-de-estudios-de-la-escuela-de-enfermeria-de-coatepec\/escuela-enfermeria-coatepec\/\" data-orig-file=\"https:\/\/i1.wp.com\/www.noticiasperfil.com\/index\/wp-content\/uploads\/2026\/04\/escuela-enfermeria-coatepec.jpeg?fit=1600%2C1066&amp;ssl=1\" data-orig-size=\"1600,1066\" data-comments-opened=\"1\" data-image-meta=\"{&quot;aperture&quot;:&quot;0&quot;,&quot;credit&quot;:&quot;&quot;,&quot;camera&quot;:&quot;&quot;,&quot;caption&quot;:&quot;&quot;,&quot;created_timestamp&quot;:&quot;0&quot;,&quot;copyright&quot;:&quot;&quot;,&quot;focal_length&quot;:&quot;0&quot;,&quot;iso&quot;:&quot;0&quot;,&quot;shutter_speed&quot;:&quot;0&quot;,&quot;title&quot;:&quot;&quot;,&quot;orientation&quot;:&quot;0&quot;}\" data-image-title=\"escuela-enfermeria-coatepec\" data-image-description=\"\" data-medium-file=\"https:\/\/i1.wp.com\/www.noticiasperfil.com\/index\/wp-content\/uploads\/2026\/04\/escuela-enfermeria-coatepec.jpeg?fit=660%2C365&amp;ssl=1\" data-large-file=\"https:\/\/i1.wp.com\/www.noticiasperfil.com\/index\/wp-content\/uploads\/2026\/04\/escuela-enfermeria-coatepec.jpeg?fit=640%2C366&amp;ssl=1\" src=\"https:\/\/i1.wp.com\/www.noticiasperfil.com\/index\/wp-content\/uploads\/2026\/04\/escuela-enfermeria-coatepec.jpeg?resize=640%2C366&#038;ssl=1\" alt=\"\" class=\"wp-image-122879\" data-recalc-dims=\"1\"\/><\/figure>\n\n\n\n<p><strong>Coatepec, Ver.- <\/strong>La Escuela de Enfermer\u00eda de Coatepec, adscrita a la Direcci\u00f3n General de Bachillerato (DGB), obtuvo el dictamen favorable de la Opini\u00f3n T\u00e9cnico Acad\u00e9mica (OTA) para su Plan y Programa de Estudios, tras las gestiones realizadas ante la Direcci\u00f3n General de Calidad y Educaci\u00f3n en Salud, de la Secretar\u00eda de Salud federal.<\/p>\n\n\n\n<p>El dictamen fue emitido por la Comisi\u00f3n Interinstitucional para la Formaci\u00f3n de Recursos Humanos para la Salud, instancia encargada de evaluar la pertinencia y calidad de los programas educativos en el \u00e1rea, garantizando el cumplimiento de est\u00e1ndares acad\u00e9micos y profesionales.<\/p>\n\n\n\n<p>Este resultado valida la actualizaci\u00f3n del plan de estudios conforme a las necesidades actuales del sector salud y a los lineamientos nacionales para la formaci\u00f3n de personal especializado, fortaleciendo la preparaci\u00f3n de las y los estudiantes.<\/p>\n\n\n\n<p>Adem\u00e1s, contar con la OTA facilita el acceso del alumnado a pr\u00e1cticas cl\u00ednicas y servicio social, elementos clave para su formaci\u00f3n integral y su contribuci\u00f3n al bienestar de la comunidad.<\/p>\n","protected":false},"excerpt":{"rendered":"<p>Coatepec, Ver.- La Escuela de Enfermer\u00eda de Coatepec, adscrita a la Direcci\u00f3n General de Bachillerato (DGB), obtuvo el dictamen favorable de la Opini\u00f3n T\u00e9cnico Acad\u00e9mica (OTA) para su Plan y Programa de Estudios, tras las gestiones realizadas ante la Direcci\u00f3n General de Calidad y Educaci\u00f3n en Salud, de la Secretar\u00eda de Salud federal. El dictamen fue emitido por la Comisi\u00f3n Interinstitucional para la Formaci\u00f3n de Recursos Humanos para la Salud, instancia encargada de evaluar la pertinencia y calidad de los programas educativos en el \u00e1rea, garantizando el cumplimiento de est\u00e1ndares&hellip;<\/p>\n","protected":false},"author":1,"featured_media":122879,"comment_status":"open","ping_status":"closed","sticky":false,"template":"","format":"standard","meta":{"footnotes":""},"categories":[3,10647],"tags":[],"class_list":["post-122878","post","type-post","status-publish","format-standard","has-post-thumbnail","hentry","category-destacadas","category-zona-centro"],"jetpack-related-posts":[],"_links":{"self":[{"href":"https:\/\/www.noticiasperfil.com\/index\/wp-json\/wp\/v2\/posts\/122878","targetHints":{"allow":["GET"]}}],"collection":[{"href":"https:\/\/www.noticiasperfil.com\/index\/wp-json\/wp\/v2\/posts"}],"about":[{"href":"https:\/\/www.noticiasperfil.com\/index\/wp-json\/wp\/v2\/types\/post"}],"author":[{"embeddable":true,"href":"https:\/\/www.noticiasperfil.com\/index\/wp-json\/wp\/v2\/users\/1"}],"replies":[{"embeddable":true,"href":"https:\/\/www.noticiasperfil.com\/index\/wp-json\/wp\/v2\/comments?post=122878"}],"version-history":[{"count":2,"href":"https:\/\/www.noticiasperfil.com\/index\/wp-json\/wp\/v2\/posts\/122878\/revisions"}],"predecessor-version":[{"id":122881,"href":"https:\/\/www.noticiasperfil.com\/index\/wp-json\/wp\/v2\/posts\/122878\/revisions\/122881"}],"wp:featuredmedia":[{"embeddable":true,"href":"https:\/\/www.noticiasperfil.com\/index\/wp-json\/wp\/v2\/media\/122879"}],"wp:attachment":[{"href":"https:\/\/www.noticiasperfil.com\/index\/wp-json\/wp\/v2\/media?parent=122878"}],"wp:term":[{"taxonomy":"category","embeddable":true,"href":"https:\/\/www.noticiasperfil.com\/index\/wp-json\/wp\/v2\/categories?post=122878"},{"taxonomy":"post_tag","embeddable":true,"href":"https:\/\/www.noticiasperfil.com\/index\/wp-json\/wp\/v2\/tags?post=122878"}],"curies":[{"name":"wp","href":"https:\/\/api.w.org\/{rel}","templated":true}]}}