{"id":122908,"date":"2026-04-27T19:02:49","date_gmt":"2026-04-28T00:02:49","guid":{"rendered":"https:\/\/www.noticiasperfil.com\/index\/?p=122908"},"modified":"2026-04-27T19:02:52","modified_gmt":"2026-04-28T00:02:52","slug":"veracruz-con-una-de-las-delegaciones-mas-activas-del-tianguis-turistico-rocio-nahle","status":"publish","type":"post","link":"https:\/\/www.noticiasperfil.com\/index\/2026\/04\/27\/veracruz-con-una-de-las-delegaciones-mas-activas-del-tianguis-turistico-rocio-nahle\/","title":{"rendered":"Veracruz, con una de las delegaciones m\u00e1s activas del Tianguis Tur\u00edstico: Roc\u00edo Nahle"},"content":{"rendered":"\n<figure class=\"wp-block-gallery has-nested-images columns-default is-cropped wp-block-gallery-1 is-layout-flex wp-block-gallery-is-layout-flex\">\n<figure class=\"wp-block-image size-large\"><img loading=\"lazy\" decoding=\"async\" width=\"2560\" height=\"1706\" data-attachment-id=\"122919\" data-permalink=\"https:\/\/www.noticiasperfil.com\/index\/2026\/04\/27\/veracruz-con-una-de-las-delegaciones-mas-activas-del-tianguis-turistico-rocio-nahle\/tianguis-turistico-veracruz-005\/\" data-orig-file=\"https:\/\/i0.wp.com\/www.noticiasperfil.com\/index\/wp-content\/uploads\/2026\/04\/tianguis-turistico-veracruz-005-scaled.jpeg?fit=2560%2C1706&amp;ssl=1\" data-orig-size=\"2560,1706\" data-comments-opened=\"1\" data-image-meta=\"{&quot;aperture&quot;:&quot;0&quot;,&quot;credit&quot;:&quot;&quot;,&quot;camera&quot;:&quot;&quot;,&quot;caption&quot;:&quot;&quot;,&quot;created_timestamp&quot;:&quot;0&quot;,&quot;copyright&quot;:&quot;&quot;,&quot;focal_length&quot;:&quot;0&quot;,&quot;iso&quot;:&quot;0&quot;,&quot;shutter_speed&quot;:&quot;0&quot;,&quot;title&quot;:&quot;&quot;,&quot;orientation&quot;:&quot;0&quot;}\" data-image-title=\"tianguis-turistico-veracruz-005\" data-image-description=\"\" data-medium-file=\"https:\/\/i0.wp.com\/www.noticiasperfil.com\/index\/wp-content\/uploads\/2026\/04\/tianguis-turistico-veracruz-005-scaled.jpeg?fit=660%2C365&amp;ssl=1\" data-large-file=\"https:\/\/i0.wp.com\/www.noticiasperfil.com\/index\/wp-content\/uploads\/2026\/04\/tianguis-turistico-veracruz-005-scaled.jpeg?fit=640%2C366&amp;ssl=1\" data-id=\"122919\" src=\"https:\/\/i0.wp.com\/www.noticiasperfil.com\/index\/wp-content\/uploads\/2026\/04\/tianguis-turistico-veracruz-005-scaled.jpeg?fit=640%2C366&amp;ssl=1\" alt=\"\" class=\"wp-image-122919\" srcset=\"https:\/\/i0.wp.com\/www.noticiasperfil.com\/index\/wp-content\/uploads\/2026\/04\/tianguis-turistico-veracruz-005-scaled.jpeg?w=2560&amp;ssl=1 2560w, https:\/\/i0.wp.com\/www.noticiasperfil.com\/index\/wp-content\/uploads\/2026\/04\/tianguis-turistico-veracruz-005-scaled.jpeg?resize=1536%2C1024&amp;ssl=1 1536w, https:\/\/i0.wp.com\/www.noticiasperfil.com\/index\/wp-content\/uploads\/2026\/04\/tianguis-turistico-veracruz-005-scaled.jpeg?resize=2048%2C1365&amp;ssl=1 2048w, https:\/\/i0.wp.com\/www.noticiasperfil.com\/index\/wp-content\/uploads\/2026\/04\/tianguis-turistico-veracruz-005-scaled.jpeg?w=1280&amp;ssl=1 1280w, https:\/\/i0.wp.com\/www.noticiasperfil.com\/index\/wp-content\/uploads\/2026\/04\/tianguis-turistico-veracruz-005-scaled.jpeg?w=1920&amp;ssl=1 1920w\" sizes=\"auto, (max-width: 640px) 100vw, 640px\" \/><\/figure>\n\n\n\n<figure class=\"wp-block-image size-large\"><img loading=\"lazy\" decoding=\"async\" width=\"2560\" height=\"1706\" data-attachment-id=\"122918\" data-permalink=\"https:\/\/www.noticiasperfil.com\/index\/2026\/04\/27\/veracruz-con-una-de-las-delegaciones-mas-activas-del-tianguis-turistico-rocio-nahle\/tianguis-turistico-veracruz-004\/\" data-orig-file=\"https:\/\/i2.wp.com\/www.noticiasperfil.com\/index\/wp-content\/uploads\/2026\/04\/tianguis-turistico-veracruz-004-scaled.jpeg?fit=2560%2C1706&amp;ssl=1\" data-orig-size=\"2560,1706\" data-comments-opened=\"1\" data-image-meta=\"{&quot;aperture&quot;:&quot;0&quot;,&quot;credit&quot;:&quot;&quot;,&quot;camera&quot;:&quot;&quot;,&quot;caption&quot;:&quot;&quot;,&quot;created_timestamp&quot;:&quot;0&quot;,&quot;copyright&quot;:&quot;&quot;,&quot;focal_length&quot;:&quot;0&quot;,&quot;iso&quot;:&quot;0&quot;,&quot;shutter_speed&quot;:&quot;0&quot;,&quot;title&quot;:&quot;&quot;,&quot;orientation&quot;:&quot;0&quot;}\" data-image-title=\"tianguis-turistico-veracruz-004\" data-image-description=\"\" data-medium-file=\"https:\/\/i2.wp.com\/www.noticiasperfil.com\/index\/wp-content\/uploads\/2026\/04\/tianguis-turistico-veracruz-004-scaled.jpeg?fit=660%2C365&amp;ssl=1\" data-large-file=\"https:\/\/i2.wp.com\/www.noticiasperfil.com\/index\/wp-content\/uploads\/2026\/04\/tianguis-turistico-veracruz-004-scaled.jpeg?fit=640%2C366&amp;ssl=1\" data-id=\"122918\" src=\"https:\/\/i2.wp.com\/www.noticiasperfil.com\/index\/wp-content\/uploads\/2026\/04\/tianguis-turistico-veracruz-004-scaled.jpeg?fit=640%2C366&amp;ssl=1\" alt=\"\" class=\"wp-image-122918\" srcset=\"https:\/\/i2.wp.com\/www.noticiasperfil.com\/index\/wp-content\/uploads\/2026\/04\/tianguis-turistico-veracruz-004-scaled.jpeg?w=2560&amp;ssl=1 2560w, https:\/\/i2.wp.com\/www.noticiasperfil.com\/index\/wp-content\/uploads\/2026\/04\/tianguis-turistico-veracruz-004-scaled.jpeg?resize=1536%2C1024&amp;ssl=1 1536w, https:\/\/i2.wp.com\/www.noticiasperfil.com\/index\/wp-content\/uploads\/2026\/04\/tianguis-turistico-veracruz-004-scaled.jpeg?resize=2048%2C1365&amp;ssl=1 2048w, https:\/\/i2.wp.com\/www.noticiasperfil.com\/index\/wp-content\/uploads\/2026\/04\/tianguis-turistico-veracruz-004-scaled.jpeg?w=1280&amp;ssl=1 1280w, https:\/\/i2.wp.com\/www.noticiasperfil.com\/index\/wp-content\/uploads\/2026\/04\/tianguis-turistico-veracruz-004-scaled.jpeg?w=1920&amp;ssl=1 1920w\" sizes=\"auto, (max-width: 640px) 100vw, 640px\" \/><\/figure>\n\n\n\n<figure class=\"wp-block-image size-large\"><img loading=\"lazy\" decoding=\"async\" width=\"2560\" height=\"1706\" data-attachment-id=\"122917\" data-permalink=\"https:\/\/www.noticiasperfil.com\/index\/2026\/04\/27\/veracruz-con-una-de-las-delegaciones-mas-activas-del-tianguis-turistico-rocio-nahle\/tianguis-turistico-veracruz-003\/\" data-orig-file=\"https:\/\/i2.wp.com\/www.noticiasperfil.com\/index\/wp-content\/uploads\/2026\/04\/tianguis-turistico-veracruz-003-scaled.jpeg?fit=2560%2C1706&amp;ssl=1\" data-orig-size=\"2560,1706\" data-comments-opened=\"1\" data-image-meta=\"{&quot;aperture&quot;:&quot;0&quot;,&quot;credit&quot;:&quot;&quot;,&quot;camera&quot;:&quot;&quot;,&quot;caption&quot;:&quot;&quot;,&quot;created_timestamp&quot;:&quot;0&quot;,&quot;copyright&quot;:&quot;&quot;,&quot;focal_length&quot;:&quot;0&quot;,&quot;iso&quot;:&quot;0&quot;,&quot;shutter_speed&quot;:&quot;0&quot;,&quot;title&quot;:&quot;&quot;,&quot;orientation&quot;:&quot;0&quot;}\" data-image-title=\"tianguis-turistico-veracruz-003\" data-image-description=\"\" data-medium-file=\"https:\/\/i2.wp.com\/www.noticiasperfil.com\/index\/wp-content\/uploads\/2026\/04\/tianguis-turistico-veracruz-003-scaled.jpeg?fit=660%2C365&amp;ssl=1\" data-large-file=\"https:\/\/i2.wp.com\/www.noticiasperfil.com\/index\/wp-content\/uploads\/2026\/04\/tianguis-turistico-veracruz-003-scaled.jpeg?fit=640%2C366&amp;ssl=1\" data-id=\"122917\" src=\"https:\/\/i2.wp.com\/www.noticiasperfil.com\/index\/wp-content\/uploads\/2026\/04\/tianguis-turistico-veracruz-003-scaled.jpeg?fit=640%2C366&amp;ssl=1\" alt=\"\" class=\"wp-image-122917\" srcset=\"https:\/\/i2.wp.com\/www.noticiasperfil.com\/index\/wp-content\/uploads\/2026\/04\/tianguis-turistico-veracruz-003-scaled.jpeg?w=2560&amp;ssl=1 2560w, https:\/\/i2.wp.com\/www.noticiasperfil.com\/index\/wp-content\/uploads\/2026\/04\/tianguis-turistico-veracruz-003-scaled.jpeg?resize=1536%2C1024&amp;ssl=1 1536w, https:\/\/i2.wp.com\/www.noticiasperfil.com\/index\/wp-content\/uploads\/2026\/04\/tianguis-turistico-veracruz-003-scaled.jpeg?resize=2048%2C1365&amp;ssl=1 2048w, https:\/\/i2.wp.com\/www.noticiasperfil.com\/index\/wp-content\/uploads\/2026\/04\/tianguis-turistico-veracruz-003-scaled.jpeg?w=1280&amp;ssl=1 1280w, https:\/\/i2.wp.com\/www.noticiasperfil.com\/index\/wp-content\/uploads\/2026\/04\/tianguis-turistico-veracruz-003-scaled.jpeg?w=1920&amp;ssl=1 1920w\" sizes=\"auto, (max-width: 640px) 100vw, 640px\" \/><\/figure>\n\n\n\n<figure class=\"wp-block-image size-large\"><img loading=\"lazy\" decoding=\"async\" width=\"2560\" height=\"1706\" data-attachment-id=\"122916\" data-permalink=\"https:\/\/www.noticiasperfil.com\/index\/2026\/04\/27\/veracruz-con-una-de-las-delegaciones-mas-activas-del-tianguis-turistico-rocio-nahle\/tianguis-turistico-veracruz-002\/\" data-orig-file=\"https:\/\/i0.wp.com\/www.noticiasperfil.com\/index\/wp-content\/uploads\/2026\/04\/tianguis-turistico-veracruz-002-scaled.jpeg?fit=2560%2C1706&amp;ssl=1\" data-orig-size=\"2560,1706\" data-comments-opened=\"1\" data-image-meta=\"{&quot;aperture&quot;:&quot;0&quot;,&quot;credit&quot;:&quot;&quot;,&quot;camera&quot;:&quot;&quot;,&quot;caption&quot;:&quot;&quot;,&quot;created_timestamp&quot;:&quot;0&quot;,&quot;copyright&quot;:&quot;&quot;,&quot;focal_length&quot;:&quot;0&quot;,&quot;iso&quot;:&quot;0&quot;,&quot;shutter_speed&quot;:&quot;0&quot;,&quot;title&quot;:&quot;&quot;,&quot;orientation&quot;:&quot;0&quot;}\" data-image-title=\"tianguis-turistico-veracruz-002\" data-image-description=\"\" data-medium-file=\"https:\/\/i0.wp.com\/www.noticiasperfil.com\/index\/wp-content\/uploads\/2026\/04\/tianguis-turistico-veracruz-002-scaled.jpeg?fit=660%2C365&amp;ssl=1\" data-large-file=\"https:\/\/i0.wp.com\/www.noticiasperfil.com\/index\/wp-content\/uploads\/2026\/04\/tianguis-turistico-veracruz-002-scaled.jpeg?fit=640%2C366&amp;ssl=1\" data-id=\"122916\" src=\"https:\/\/i0.wp.com\/www.noticiasperfil.com\/index\/wp-content\/uploads\/2026\/04\/tianguis-turistico-veracruz-002-scaled.jpeg?fit=640%2C366&amp;ssl=1\" alt=\"\" class=\"wp-image-122916\" srcset=\"https:\/\/i0.wp.com\/www.noticiasperfil.com\/index\/wp-content\/uploads\/2026\/04\/tianguis-turistico-veracruz-002-scaled.jpeg?w=2560&amp;ssl=1 2560w, https:\/\/i0.wp.com\/www.noticiasperfil.com\/index\/wp-content\/uploads\/2026\/04\/tianguis-turistico-veracruz-002-scaled.jpeg?resize=1536%2C1024&amp;ssl=1 1536w, https:\/\/i0.wp.com\/www.noticiasperfil.com\/index\/wp-content\/uploads\/2026\/04\/tianguis-turistico-veracruz-002-scaled.jpeg?resize=2048%2C1365&amp;ssl=1 2048w, https:\/\/i0.wp.com\/www.noticiasperfil.com\/index\/wp-content\/uploads\/2026\/04\/tianguis-turistico-veracruz-002-scaled.jpeg?w=1280&amp;ssl=1 1280w, https:\/\/i0.wp.com\/www.noticiasperfil.com\/index\/wp-content\/uploads\/2026\/04\/tianguis-turistico-veracruz-002-scaled.jpeg?w=1920&amp;ssl=1 1920w\" sizes=\"auto, (max-width: 640px) 100vw, 640px\" \/><\/figure>\n\n\n\n<figure class=\"wp-block-image size-large\"><img loading=\"lazy\" decoding=\"async\" width=\"2560\" height=\"1706\" data-attachment-id=\"122915\" data-permalink=\"https:\/\/www.noticiasperfil.com\/index\/2026\/04\/27\/veracruz-con-una-de-las-delegaciones-mas-activas-del-tianguis-turistico-rocio-nahle\/tianguis-turistico-veracruz-001\/\" data-orig-file=\"https:\/\/i0.wp.com\/www.noticiasperfil.com\/index\/wp-content\/uploads\/2026\/04\/tianguis-turistico-veracruz-001-scaled.jpeg?fit=2560%2C1706&amp;ssl=1\" data-orig-size=\"2560,1706\" data-comments-opened=\"1\" data-image-meta=\"{&quot;aperture&quot;:&quot;0&quot;,&quot;credit&quot;:&quot;&quot;,&quot;camera&quot;:&quot;&quot;,&quot;caption&quot;:&quot;&quot;,&quot;created_timestamp&quot;:&quot;0&quot;,&quot;copyright&quot;:&quot;&quot;,&quot;focal_length&quot;:&quot;0&quot;,&quot;iso&quot;:&quot;0&quot;,&quot;shutter_speed&quot;:&quot;0&quot;,&quot;title&quot;:&quot;&quot;,&quot;orientation&quot;:&quot;0&quot;}\" data-image-title=\"tianguis-turistico-veracruz-001\" data-image-description=\"\" data-medium-file=\"https:\/\/i0.wp.com\/www.noticiasperfil.com\/index\/wp-content\/uploads\/2026\/04\/tianguis-turistico-veracruz-001-scaled.jpeg?fit=660%2C365&amp;ssl=1\" data-large-file=\"https:\/\/i0.wp.com\/www.noticiasperfil.com\/index\/wp-content\/uploads\/2026\/04\/tianguis-turistico-veracruz-001-scaled.jpeg?fit=640%2C366&amp;ssl=1\" data-id=\"122915\" src=\"https:\/\/i0.wp.com\/www.noticiasperfil.com\/index\/wp-content\/uploads\/2026\/04\/tianguis-turistico-veracruz-001-scaled.jpeg?fit=640%2C366&amp;ssl=1\" alt=\"\" class=\"wp-image-122915\" srcset=\"https:\/\/i0.wp.com\/www.noticiasperfil.com\/index\/wp-content\/uploads\/2026\/04\/tianguis-turistico-veracruz-001-scaled.jpeg?w=2560&amp;ssl=1 2560w, https:\/\/i0.wp.com\/www.noticiasperfil.com\/index\/wp-content\/uploads\/2026\/04\/tianguis-turistico-veracruz-001-scaled.jpeg?resize=1536%2C1024&amp;ssl=1 1536w, https:\/\/i0.wp.com\/www.noticiasperfil.com\/index\/wp-content\/uploads\/2026\/04\/tianguis-turistico-veracruz-001-scaled.jpeg?resize=2048%2C1365&amp;ssl=1 2048w, https:\/\/i0.wp.com\/www.noticiasperfil.com\/index\/wp-content\/uploads\/2026\/04\/tianguis-turistico-veracruz-001-scaled.jpeg?w=1280&amp;ssl=1 1280w, https:\/\/i0.wp.com\/www.noticiasperfil.com\/index\/wp-content\/uploads\/2026\/04\/tianguis-turistico-veracruz-001-scaled.jpeg?w=1920&amp;ssl=1 1920w\" sizes=\"auto, (max-width: 640px) 100vw, 640px\" \/><\/figure>\n\n\n\n<figure class=\"wp-block-image size-large\"><img loading=\"lazy\" decoding=\"async\" width=\"2560\" height=\"1706\" data-id=\"122914\" src=\"https:\/\/i0.wp.com\/www.noticiasperfil.com\/index\/wp-content\/uploads\/2026\/04\/tianguis-turistico-veracruz-011-scaled.jpeg?fit=640%2C366&amp;ssl=1\" alt=\"\" class=\"wp-image-122914\" srcset=\"https:\/\/i0.wp.com\/www.noticiasperfil.com\/index\/wp-content\/uploads\/2026\/04\/tianguis-turistico-veracruz-011-scaled.jpeg?w=2560&amp;ssl=1 2560w, https:\/\/i0.wp.com\/www.noticiasperfil.com\/index\/wp-content\/uploads\/2026\/04\/tianguis-turistico-veracruz-011-scaled.jpeg?resize=1536%2C1024&amp;ssl=1 1536w, https:\/\/i0.wp.com\/www.noticiasperfil.com\/index\/wp-content\/uploads\/2026\/04\/tianguis-turistico-veracruz-011-scaled.jpeg?resize=2048%2C1365&amp;ssl=1 2048w, https:\/\/i0.wp.com\/www.noticiasperfil.com\/index\/wp-content\/uploads\/2026\/04\/tianguis-turistico-veracruz-011-scaled.jpeg?w=1280&amp;ssl=1 1280w, https:\/\/i0.wp.com\/www.noticiasperfil.com\/index\/wp-content\/uploads\/2026\/04\/tianguis-turistico-veracruz-011-scaled.jpeg?w=1920&amp;ssl=1 1920w\" sizes=\"auto, (max-width: 640px) 100vw, 640px\" \/><\/figure>\n<\/figure>\n\n\n\n<p>&gt;Agenda de promoci\u00f3n, inversi\u00f3n y vinculaci\u00f3n comercial.<\/p>\n\n\n\n<p><strong>Acapulco, Gro., lunes 27 de abril de 2026.\u2013<\/strong> \u201cVeracruz ya despeg\u00f3, est\u00e1 sonando, ya est\u00e1 en los escaparates y lo estamos posicionando como un destino atractivo para vacacionar, invertir y desarrollar proyectos\u201d, afirm\u00f3 la gobernadora Roc\u00edo Nahle Garc\u00eda, previo al inicio de la participaci\u00f3n del estado en la edici\u00f3n 50 del Tianguis Tur\u00edstico M\u00e9xico, que se realiza en Acapulco.<\/p>\n\n\n\n<p>Con una de las agendas m\u00e1s activas del pa\u00eds, la Mandataria sostendr\u00e1 cinco reuniones estrat\u00e9gicas con aerol\u00edneas y cadenas hoteleras, mientras que los titulares de las secretar\u00edas de Turismo y Cultura tienen agendados 54 encuentros de negocios con operadores tur\u00edsticos.<\/p>\n\n\n\n<p>Del 27 al 30 de abril, Veracruz presenta una oferta diversificada que incluye turismo arqueol\u00f3gico, comunitario y cultural, con regiones como Zongolica, Orizaba y la Huasteca, adem\u00e1s de un stand destacado con una r\u00e9plica de la Pir\u00e1mide del Taj\u00edn.<\/p>\n\n\n\n<p>Como parte de la estrategia para posicionar a Veracruz como un destino competitivo, anunci\u00f3 que el pasado 14 de abril inici\u00f3 la licitaci\u00f3n para la ampliaci\u00f3n del World Trade Center, ante la creciente demanda de congresos y exposiciones.<\/p>\n\n\n\n<p>\u201cSi queremos turismo, tenemos que ofrecer servicios de calidad: infraestructura, movilidad y atenci\u00f3n adecuada. Estamos cerrando la pinza para lograrlo\u201d, subray\u00f3.<\/p>\n\n\n\n<p>La obra ser\u00e1 asignada a finales de mayo y se complementa con el desarrollo del puente de Boca del R\u00edo, as\u00ed como con mejoras en los servicios tur\u00edsticos, con \u00e9nfasis en movilidad y atenci\u00f3n al visitante.<\/p>\n\n\n\n<p>La participaci\u00f3n en el Tianguis Tur\u00edstico forma parte de una pol\u00edtica sostenida para impulsar la promoci\u00f3n del estado, fortalecer su presencia en los mercados nacional e internacional y detonar el desarrollo econ\u00f3mico a trav\u00e9s del turismo.<\/p>\n\n\n\n<p>\u201cYo dije que \u00edbamos a poner a Veracruz de moda, pero no es solo decirlo; implica desarrollar una serie de actividades. Desde el primer d\u00eda iniciamos con la promoci\u00f3n de Veracruz\u201d, afirm\u00f3.<\/p>\n\n\n\n<figure class=\"wp-block-gallery has-nested-images columns-default is-cropped wp-block-gallery-2 is-layout-flex wp-block-gallery-is-layout-flex\">\n<figure class=\"wp-block-image\"><img loading=\"lazy\" decoding=\"async\" width=\"640\" height=\"427\" data-attachment-id=\"122913\" data-permalink=\"https:\/\/www.noticiasperfil.com\/index\/2026\/04\/27\/veracruz-con-una-de-las-delegaciones-mas-activas-del-tianguis-turistico-rocio-nahle\/tianguis-turistico-veracruz-010\/\" data-orig-file=\"https:\/\/i2.wp.com\/www.noticiasperfil.com\/index\/wp-content\/uploads\/2026\/04\/tianguis-turistico-veracruz-010-scaled.jpeg?fit=2560%2C1706&amp;ssl=1\" data-orig-size=\"2560,1706\" data-comments-opened=\"1\" data-image-meta=\"{&quot;aperture&quot;:&quot;0&quot;,&quot;credit&quot;:&quot;&quot;,&quot;camera&quot;:&quot;&quot;,&quot;caption&quot;:&quot;&quot;,&quot;created_timestamp&quot;:&quot;0&quot;,&quot;copyright&quot;:&quot;&quot;,&quot;focal_length&quot;:&quot;0&quot;,&quot;iso&quot;:&quot;0&quot;,&quot;shutter_speed&quot;:&quot;0&quot;,&quot;title&quot;:&quot;&quot;,&quot;orientation&quot;:&quot;0&quot;}\" data-image-title=\"tianguis-turistico-veracruz-010\" data-image-description=\"\" data-medium-file=\"https:\/\/i2.wp.com\/www.noticiasperfil.com\/index\/wp-content\/uploads\/2026\/04\/tianguis-turistico-veracruz-010-scaled.jpeg?fit=660%2C365&amp;ssl=1\" data-large-file=\"https:\/\/i2.wp.com\/www.noticiasperfil.com\/index\/wp-content\/uploads\/2026\/04\/tianguis-turistico-veracruz-010-scaled.jpeg?fit=640%2C366&amp;ssl=1\" data-id=\"122913\" src=\"https:\/\/i2.wp.com\/www.noticiasperfil.com\/index\/wp-content\/uploads\/2026\/04\/tianguis-turistico-veracruz-010-scaled.jpeg?resize=640%2C427&#038;ssl=1\" alt=\"\" class=\"wp-image-122913\" srcset=\"https:\/\/i2.wp.com\/www.noticiasperfil.com\/index\/wp-content\/uploads\/2026\/04\/tianguis-turistico-veracruz-010-scaled.jpeg?w=2560&amp;ssl=1 2560w, https:\/\/i2.wp.com\/www.noticiasperfil.com\/index\/wp-content\/uploads\/2026\/04\/tianguis-turistico-veracruz-010-scaled.jpeg?resize=1536%2C1024&amp;ssl=1 1536w, https:\/\/i2.wp.com\/www.noticiasperfil.com\/index\/wp-content\/uploads\/2026\/04\/tianguis-turistico-veracruz-010-scaled.jpeg?resize=2048%2C1365&amp;ssl=1 2048w, https:\/\/i2.wp.com\/www.noticiasperfil.com\/index\/wp-content\/uploads\/2026\/04\/tianguis-turistico-veracruz-010-scaled.jpeg?w=1280&amp;ssl=1 1280w, https:\/\/i2.wp.com\/www.noticiasperfil.com\/index\/wp-content\/uploads\/2026\/04\/tianguis-turistico-veracruz-010-scaled.jpeg?w=1920&amp;ssl=1 1920w\" sizes=\"auto, (max-width: 640px) 100vw, 640px\" data-recalc-dims=\"1\" \/><\/figure>\n\n\n\n<figure class=\"wp-block-image\"><img loading=\"lazy\" decoding=\"async\" width=\"640\" height=\"427\" data-attachment-id=\"122912\" data-permalink=\"https:\/\/www.noticiasperfil.com\/index\/2026\/04\/27\/veracruz-con-una-de-las-delegaciones-mas-activas-del-tianguis-turistico-rocio-nahle\/tianguis-turistico-veracruz-009\/\" data-orig-file=\"https:\/\/i0.wp.com\/www.noticiasperfil.com\/index\/wp-content\/uploads\/2026\/04\/tianguis-turistico-veracruz-009-scaled.jpeg?fit=2560%2C1706&amp;ssl=1\" data-orig-size=\"2560,1706\" data-comments-opened=\"1\" data-image-meta=\"{&quot;aperture&quot;:&quot;0&quot;,&quot;credit&quot;:&quot;&quot;,&quot;camera&quot;:&quot;&quot;,&quot;caption&quot;:&quot;&quot;,&quot;created_timestamp&quot;:&quot;0&quot;,&quot;copyright&quot;:&quot;&quot;,&quot;focal_length&quot;:&quot;0&quot;,&quot;iso&quot;:&quot;0&quot;,&quot;shutter_speed&quot;:&quot;0&quot;,&quot;title&quot;:&quot;&quot;,&quot;orientation&quot;:&quot;0&quot;}\" data-image-title=\"tianguis-turistico-veracruz-009\" data-image-description=\"\" data-medium-file=\"https:\/\/i0.wp.com\/www.noticiasperfil.com\/index\/wp-content\/uploads\/2026\/04\/tianguis-turistico-veracruz-009-scaled.jpeg?fit=660%2C365&amp;ssl=1\" data-large-file=\"https:\/\/i0.wp.com\/www.noticiasperfil.com\/index\/wp-content\/uploads\/2026\/04\/tianguis-turistico-veracruz-009-scaled.jpeg?fit=640%2C366&amp;ssl=1\" data-id=\"122912\" src=\"https:\/\/i0.wp.com\/www.noticiasperfil.com\/index\/wp-content\/uploads\/2026\/04\/tianguis-turistico-veracruz-009-scaled.jpeg?resize=640%2C427&#038;ssl=1\" alt=\"\" class=\"wp-image-122912\" srcset=\"https:\/\/i0.wp.com\/www.noticiasperfil.com\/index\/wp-content\/uploads\/2026\/04\/tianguis-turistico-veracruz-009-scaled.jpeg?w=2560&amp;ssl=1 2560w, https:\/\/i0.wp.com\/www.noticiasperfil.com\/index\/wp-content\/uploads\/2026\/04\/tianguis-turistico-veracruz-009-scaled.jpeg?resize=1536%2C1024&amp;ssl=1 1536w, https:\/\/i0.wp.com\/www.noticiasperfil.com\/index\/wp-content\/uploads\/2026\/04\/tianguis-turistico-veracruz-009-scaled.jpeg?resize=2048%2C1365&amp;ssl=1 2048w, https:\/\/i0.wp.com\/www.noticiasperfil.com\/index\/wp-content\/uploads\/2026\/04\/tianguis-turistico-veracruz-009-scaled.jpeg?w=1280&amp;ssl=1 1280w, https:\/\/i0.wp.com\/www.noticiasperfil.com\/index\/wp-content\/uploads\/2026\/04\/tianguis-turistico-veracruz-009-scaled.jpeg?w=1920&amp;ssl=1 1920w\" sizes=\"auto, (max-width: 640px) 100vw, 640px\" data-recalc-dims=\"1\" \/><\/figure>\n\n\n\n<figure class=\"wp-block-image\"><img loading=\"lazy\" decoding=\"async\" width=\"640\" height=\"427\" data-attachment-id=\"122911\" data-permalink=\"https:\/\/www.noticiasperfil.com\/index\/2026\/04\/27\/veracruz-con-una-de-las-delegaciones-mas-activas-del-tianguis-turistico-rocio-nahle\/tianguis-turistico-veracruz-008\/\" data-orig-file=\"https:\/\/i1.wp.com\/www.noticiasperfil.com\/index\/wp-content\/uploads\/2026\/04\/tianguis-turistico-veracruz-008-scaled.jpeg?fit=2560%2C1706&amp;ssl=1\" data-orig-size=\"2560,1706\" data-comments-opened=\"1\" data-image-meta=\"{&quot;aperture&quot;:&quot;0&quot;,&quot;credit&quot;:&quot;&quot;,&quot;camera&quot;:&quot;&quot;,&quot;caption&quot;:&quot;&quot;,&quot;created_timestamp&quot;:&quot;0&quot;,&quot;copyright&quot;:&quot;&quot;,&quot;focal_length&quot;:&quot;0&quot;,&quot;iso&quot;:&quot;0&quot;,&quot;shutter_speed&quot;:&quot;0&quot;,&quot;title&quot;:&quot;&quot;,&quot;orientation&quot;:&quot;0&quot;}\" data-image-title=\"tianguis-turistico-veracruz-008\" data-image-description=\"\" data-medium-file=\"https:\/\/i1.wp.com\/www.noticiasperfil.com\/index\/wp-content\/uploads\/2026\/04\/tianguis-turistico-veracruz-008-scaled.jpeg?fit=660%2C365&amp;ssl=1\" data-large-file=\"https:\/\/i1.wp.com\/www.noticiasperfil.com\/index\/wp-content\/uploads\/2026\/04\/tianguis-turistico-veracruz-008-scaled.jpeg?fit=640%2C366&amp;ssl=1\" data-id=\"122911\" src=\"https:\/\/i1.wp.com\/www.noticiasperfil.com\/index\/wp-content\/uploads\/2026\/04\/tianguis-turistico-veracruz-008-scaled.jpeg?resize=640%2C427&#038;ssl=1\" alt=\"\" class=\"wp-image-122911\" srcset=\"https:\/\/i1.wp.com\/www.noticiasperfil.com\/index\/wp-content\/uploads\/2026\/04\/tianguis-turistico-veracruz-008-scaled.jpeg?w=2560&amp;ssl=1 2560w, https:\/\/i1.wp.com\/www.noticiasperfil.com\/index\/wp-content\/uploads\/2026\/04\/tianguis-turistico-veracruz-008-scaled.jpeg?resize=1536%2C1024&amp;ssl=1 1536w, https:\/\/i1.wp.com\/www.noticiasperfil.com\/index\/wp-content\/uploads\/2026\/04\/tianguis-turistico-veracruz-008-scaled.jpeg?resize=2048%2C1365&amp;ssl=1 2048w, https:\/\/i1.wp.com\/www.noticiasperfil.com\/index\/wp-content\/uploads\/2026\/04\/tianguis-turistico-veracruz-008-scaled.jpeg?w=1280&amp;ssl=1 1280w, https:\/\/i1.wp.com\/www.noticiasperfil.com\/index\/wp-content\/uploads\/2026\/04\/tianguis-turistico-veracruz-008-scaled.jpeg?w=1920&amp;ssl=1 1920w\" sizes=\"auto, (max-width: 640px) 100vw, 640px\" data-recalc-dims=\"1\" \/><\/figure>\n\n\n\n<figure class=\"wp-block-image\"><img loading=\"lazy\" decoding=\"async\" width=\"640\" height=\"427\" data-attachment-id=\"122910\" data-permalink=\"https:\/\/www.noticiasperfil.com\/index\/2026\/04\/27\/veracruz-con-una-de-las-delegaciones-mas-activas-del-tianguis-turistico-rocio-nahle\/tianguis-turistico-veracruz-007\/\" data-orig-file=\"https:\/\/i1.wp.com\/www.noticiasperfil.com\/index\/wp-content\/uploads\/2026\/04\/tianguis-turistico-veracruz-007-scaled.jpeg?fit=2560%2C1706&amp;ssl=1\" data-orig-size=\"2560,1706\" data-comments-opened=\"1\" data-image-meta=\"{&quot;aperture&quot;:&quot;0&quot;,&quot;credit&quot;:&quot;&quot;,&quot;camera&quot;:&quot;&quot;,&quot;caption&quot;:&quot;&quot;,&quot;created_timestamp&quot;:&quot;0&quot;,&quot;copyright&quot;:&quot;&quot;,&quot;focal_length&quot;:&quot;0&quot;,&quot;iso&quot;:&quot;0&quot;,&quot;shutter_speed&quot;:&quot;0&quot;,&quot;title&quot;:&quot;&quot;,&quot;orientation&quot;:&quot;0&quot;}\" data-image-title=\"tianguis-turistico-veracruz-007\" data-image-description=\"\" data-medium-file=\"https:\/\/i1.wp.com\/www.noticiasperfil.com\/index\/wp-content\/uploads\/2026\/04\/tianguis-turistico-veracruz-007-scaled.jpeg?fit=660%2C365&amp;ssl=1\" data-large-file=\"https:\/\/i1.wp.com\/www.noticiasperfil.com\/index\/wp-content\/uploads\/2026\/04\/tianguis-turistico-veracruz-007-scaled.jpeg?fit=640%2C366&amp;ssl=1\" data-id=\"122910\" src=\"https:\/\/i1.wp.com\/www.noticiasperfil.com\/index\/wp-content\/uploads\/2026\/04\/tianguis-turistico-veracruz-007-scaled.jpeg?resize=640%2C427&#038;ssl=1\" alt=\"\" class=\"wp-image-122910\" srcset=\"https:\/\/i1.wp.com\/www.noticiasperfil.com\/index\/wp-content\/uploads\/2026\/04\/tianguis-turistico-veracruz-007-scaled.jpeg?w=2560&amp;ssl=1 2560w, https:\/\/i1.wp.com\/www.noticiasperfil.com\/index\/wp-content\/uploads\/2026\/04\/tianguis-turistico-veracruz-007-scaled.jpeg?resize=1536%2C1024&amp;ssl=1 1536w, https:\/\/i1.wp.com\/www.noticiasperfil.com\/index\/wp-content\/uploads\/2026\/04\/tianguis-turistico-veracruz-007-scaled.jpeg?resize=2048%2C1365&amp;ssl=1 2048w, https:\/\/i1.wp.com\/www.noticiasperfil.com\/index\/wp-content\/uploads\/2026\/04\/tianguis-turistico-veracruz-007-scaled.jpeg?w=1280&amp;ssl=1 1280w, https:\/\/i1.wp.com\/www.noticiasperfil.com\/index\/wp-content\/uploads\/2026\/04\/tianguis-turistico-veracruz-007-scaled.jpeg?w=1920&amp;ssl=1 1920w\" sizes=\"auto, (max-width: 640px) 100vw, 640px\" data-recalc-dims=\"1\" \/><\/figure>\n\n\n\n<figure class=\"wp-block-image\"><img loading=\"lazy\" decoding=\"async\" width=\"640\" height=\"427\" data-attachment-id=\"122909\" data-permalink=\"https:\/\/www.noticiasperfil.com\/index\/2026\/04\/27\/veracruz-con-una-de-las-delegaciones-mas-activas-del-tianguis-turistico-rocio-nahle\/tianguis-turistico-veracruz-006\/\" data-orig-file=\"https:\/\/i2.wp.com\/www.noticiasperfil.com\/index\/wp-content\/uploads\/2026\/04\/tianguis-turistico-veracruz-006-scaled.jpeg?fit=2560%2C1707&amp;ssl=1\" data-orig-size=\"2560,1707\" data-comments-opened=\"1\" data-image-meta=\"{&quot;aperture&quot;:&quot;0&quot;,&quot;credit&quot;:&quot;&quot;,&quot;camera&quot;:&quot;&quot;,&quot;caption&quot;:&quot;&quot;,&quot;created_timestamp&quot;:&quot;0&quot;,&quot;copyright&quot;:&quot;&quot;,&quot;focal_length&quot;:&quot;0&quot;,&quot;iso&quot;:&quot;0&quot;,&quot;shutter_speed&quot;:&quot;0&quot;,&quot;title&quot;:&quot;&quot;,&quot;orientation&quot;:&quot;0&quot;}\" data-image-title=\"tianguis-turistico-veracruz-006\" data-image-description=\"\" data-medium-file=\"https:\/\/i2.wp.com\/www.noticiasperfil.com\/index\/wp-content\/uploads\/2026\/04\/tianguis-turistico-veracruz-006-scaled.jpeg?fit=660%2C365&amp;ssl=1\" data-large-file=\"https:\/\/i2.wp.com\/www.noticiasperfil.com\/index\/wp-content\/uploads\/2026\/04\/tianguis-turistico-veracruz-006-scaled.jpeg?fit=640%2C366&amp;ssl=1\" data-id=\"122909\" src=\"https:\/\/i2.wp.com\/www.noticiasperfil.com\/index\/wp-content\/uploads\/2026\/04\/tianguis-turistico-veracruz-006-scaled.jpeg?resize=640%2C427&#038;ssl=1\" alt=\"\" class=\"wp-image-122909\" srcset=\"https:\/\/i2.wp.com\/www.noticiasperfil.com\/index\/wp-content\/uploads\/2026\/04\/tianguis-turistico-veracruz-006-scaled.jpeg?w=2560&amp;ssl=1 2560w, https:\/\/i2.wp.com\/www.noticiasperfil.com\/index\/wp-content\/uploads\/2026\/04\/tianguis-turistico-veracruz-006-scaled.jpeg?resize=1536%2C1024&amp;ssl=1 1536w, https:\/\/i2.wp.com\/www.noticiasperfil.com\/index\/wp-content\/uploads\/2026\/04\/tianguis-turistico-veracruz-006-scaled.jpeg?resize=2048%2C1365&amp;ssl=1 2048w, https:\/\/i2.wp.com\/www.noticiasperfil.com\/index\/wp-content\/uploads\/2026\/04\/tianguis-turistico-veracruz-006-scaled.jpeg?w=1280&amp;ssl=1 1280w, https:\/\/i2.wp.com\/www.noticiasperfil.com\/index\/wp-content\/uploads\/2026\/04\/tianguis-turistico-veracruz-006-scaled.jpeg?w=1920&amp;ssl=1 1920w\" sizes=\"auto, (max-width: 640px) 100vw, 640px\" data-recalc-dims=\"1\" \/><\/figure>\n\n\n\n<figure class=\"wp-block-image\"><img loading=\"lazy\" decoding=\"async\" width=\"640\" height=\"427\" data-attachment-id=\"122914\" data-permalink=\"https:\/\/www.noticiasperfil.com\/index\/2026\/04\/27\/veracruz-con-una-de-las-delegaciones-mas-activas-del-tianguis-turistico-rocio-nahle\/tianguis-turistico-veracruz-011\/\" data-orig-file=\"https:\/\/i0.wp.com\/www.noticiasperfil.com\/index\/wp-content\/uploads\/2026\/04\/tianguis-turistico-veracruz-011-scaled.jpeg?fit=2560%2C1706&amp;ssl=1\" data-orig-size=\"2560,1706\" data-comments-opened=\"1\" data-image-meta=\"{&quot;aperture&quot;:&quot;0&quot;,&quot;credit&quot;:&quot;&quot;,&quot;camera&quot;:&quot;&quot;,&quot;caption&quot;:&quot;&quot;,&quot;created_timestamp&quot;:&quot;0&quot;,&quot;copyright&quot;:&quot;&quot;,&quot;focal_length&quot;:&quot;0&quot;,&quot;iso&quot;:&quot;0&quot;,&quot;shutter_speed&quot;:&quot;0&quot;,&quot;title&quot;:&quot;&quot;,&quot;orientation&quot;:&quot;0&quot;}\" data-image-title=\"tianguis-turistico-veracruz-011\" data-image-description=\"\" data-medium-file=\"https:\/\/i0.wp.com\/www.noticiasperfil.com\/index\/wp-content\/uploads\/2026\/04\/tianguis-turistico-veracruz-011-scaled.jpeg?fit=660%2C365&amp;ssl=1\" data-large-file=\"https:\/\/i0.wp.com\/www.noticiasperfil.com\/index\/wp-content\/uploads\/2026\/04\/tianguis-turistico-veracruz-011-scaled.jpeg?fit=640%2C366&amp;ssl=1\" data-id=\"122914\" src=\"https:\/\/i0.wp.com\/www.noticiasperfil.com\/index\/wp-content\/uploads\/2026\/04\/tianguis-turistico-veracruz-011-scaled.jpeg?resize=640%2C427&#038;ssl=1\" alt=\"\" class=\"wp-image-122914\" srcset=\"https:\/\/i0.wp.com\/www.noticiasperfil.com\/index\/wp-content\/uploads\/2026\/04\/tianguis-turistico-veracruz-011-scaled.jpeg?w=2560&amp;ssl=1 2560w, https:\/\/i0.wp.com\/www.noticiasperfil.com\/index\/wp-content\/uploads\/2026\/04\/tianguis-turistico-veracruz-011-scaled.jpeg?resize=1536%2C1024&amp;ssl=1 1536w, https:\/\/i0.wp.com\/www.noticiasperfil.com\/index\/wp-content\/uploads\/2026\/04\/tianguis-turistico-veracruz-011-scaled.jpeg?resize=2048%2C1365&amp;ssl=1 2048w, https:\/\/i0.wp.com\/www.noticiasperfil.com\/index\/wp-content\/uploads\/2026\/04\/tianguis-turistico-veracruz-011-scaled.jpeg?w=1280&amp;ssl=1 1280w, https:\/\/i0.wp.com\/www.noticiasperfil.com\/index\/wp-content\/uploads\/2026\/04\/tianguis-turistico-veracruz-011-scaled.jpeg?w=1920&amp;ssl=1 1920w\" sizes=\"auto, (max-width: 640px) 100vw, 640px\" data-recalc-dims=\"1\" \/><\/figure>\n<\/figure>\n","protected":false},"excerpt":{"rendered":"<p>&gt;Agenda de promoci\u00f3n, inversi\u00f3n y vinculaci\u00f3n comercial. Acapulco, Gro., lunes 27 de abril de 2026.\u2013 \u201cVeracruz ya despeg\u00f3, est\u00e1 sonando, ya est\u00e1 en los escaparates y lo estamos posicionando como un destino atractivo para vacacionar, invertir y desarrollar proyectos\u201d, afirm\u00f3 la gobernadora Roc\u00edo Nahle Garc\u00eda, previo al inicio de la participaci\u00f3n del estado en la edici\u00f3n 50 del Tianguis Tur\u00edstico M\u00e9xico, que se realiza en Acapulco. Con una de las agendas m\u00e1s activas del pa\u00eds, la Mandataria sostendr\u00e1 cinco reuniones estrat\u00e9gicas con aerol\u00edneas y cadenas hoteleras, mientras que los titulares&hellip;<\/p>\n","protected":false},"author":1,"featured_media":122919,"comment_status":"open","ping_status":"closed","sticky":false,"template":"","format":"standard","meta":{"footnotes":""},"categories":[3,10618],"tags":[],"class_list":["post-122908","post","type-post","status-publish","format-standard","has-post-thumbnail","hentry","category-destacadas","category-eventos-culturales"],"jetpack-related-posts":[],"_links":{"self":[{"href":"https:\/\/www.noticiasperfil.com\/index\/wp-json\/wp\/v2\/posts\/122908","targetHints":{"allow":["GET"]}}],"collection":[{"href":"https:\/\/www.noticiasperfil.com\/index\/wp-json\/wp\/v2\/posts"}],"about":[{"href":"https:\/\/www.noticiasperfil.com\/index\/wp-json\/wp\/v2\/types\/post"}],"author":[{"embeddable":true,"href":"https:\/\/www.noticiasperfil.com\/index\/wp-json\/wp\/v2\/users\/1"}],"replies":[{"embeddable":true,"href":"https:\/\/www.noticiasperfil.com\/index\/wp-json\/wp\/v2\/comments?post=122908"}],"version-history":[{"count":1,"href":"https:\/\/www.noticiasperfil.com\/index\/wp-json\/wp\/v2\/posts\/122908\/revisions"}],"predecessor-version":[{"id":122920,"href":"https:\/\/www.noticiasperfil.com\/index\/wp-json\/wp\/v2\/posts\/122908\/revisions\/122920"}],"wp:featuredmedia":[{"embeddable":true,"href":"https:\/\/www.noticiasperfil.com\/index\/wp-json\/wp\/v2\/media\/122919"}],"wp:attachment":[{"href":"https:\/\/www.noticiasperfil.com\/index\/wp-json\/wp\/v2\/media?parent=122908"}],"wp:term":[{"taxonomy":"category","embeddable":true,"href":"https:\/\/www.noticiasperfil.com\/index\/wp-json\/wp\/v2\/categories?post=122908"},{"taxonomy":"post_tag","embeddable":true,"href":"https:\/\/www.noticiasperfil.com\/index\/wp-json\/wp\/v2\/tags?post=122908"}],"curies":[{"name":"wp","href":"https:\/\/api.w.org\/{rel}","templated":true}]}}