{"id":122921,"date":"2026-04-27T20:12:41","date_gmt":"2026-04-28T01:12:41","guid":{"rendered":"https:\/\/www.noticiasperfil.com\/index\/?p=122921"},"modified":"2026-04-27T20:40:16","modified_gmt":"2026-04-28T01:40:16","slug":"los-yunes-en-aprietos-castagne-con-problemas-migratorios","status":"publish","type":"post","link":"https:\/\/www.noticiasperfil.com\/index\/2026\/04\/27\/los-yunes-en-aprietos-castagne-con-problemas-migratorios\/","title":{"rendered":"Los Yunes en aprietos-Castagn\u00e9 con problemas migratorios"},"content":{"rendered":"\n<p>Perfilando<\/p>\n\n\n\n<figure class=\"wp-block-image size-full\"><img loading=\"lazy\" decoding=\"async\" width=\"755\" height=\"384\" data-attachment-id=\"122922\" data-permalink=\"https:\/\/www.noticiasperfil.com\/index\/2026\/04\/27\/los-yunes-en-aprietos-castagne-con-problemas-migratorios\/yunes-marquez\/\" data-orig-file=\"https:\/\/i1.wp.com\/www.noticiasperfil.com\/index\/wp-content\/uploads\/2026\/04\/yunes-marquez.jpg?fit=755%2C384&amp;ssl=1\" data-orig-size=\"755,384\" data-comments-opened=\"1\" data-image-meta=\"{&quot;aperture&quot;:&quot;0&quot;,&quot;credit&quot;:&quot;&quot;,&quot;camera&quot;:&quot;&quot;,&quot;caption&quot;:&quot;&quot;,&quot;created_timestamp&quot;:&quot;0&quot;,&quot;copyright&quot;:&quot;&quot;,&quot;focal_length&quot;:&quot;0&quot;,&quot;iso&quot;:&quot;0&quot;,&quot;shutter_speed&quot;:&quot;0&quot;,&quot;title&quot;:&quot;&quot;,&quot;orientation&quot;:&quot;0&quot;}\" data-image-title=\"yunes-marquez\" data-image-description=\"\" data-medium-file=\"https:\/\/i1.wp.com\/www.noticiasperfil.com\/index\/wp-content\/uploads\/2026\/04\/yunes-marquez.jpg?fit=660%2C365&amp;ssl=1\" data-large-file=\"https:\/\/i1.wp.com\/www.noticiasperfil.com\/index\/wp-content\/uploads\/2026\/04\/yunes-marquez.jpg?fit=640%2C326&amp;ssl=1\" src=\"https:\/\/i1.wp.com\/www.noticiasperfil.com\/index\/wp-content\/uploads\/2026\/04\/yunes-marquez.jpg?fit=755%2C384&amp;ssl=1\" alt=\"\" class=\"wp-image-122922\"\/><\/figure>\n\n\n\n<p class=\"has-large-font-size\"><strong>Los Yunes en aprietos<\/strong><\/p>\n\n\n\n<ul class=\"wp-block-list\">\n<li><strong><em>Arturo Castagn\u00e9 con problemas migratorios<\/em><\/strong><\/li>\n<\/ul>\n\n\n\n<p>Por Iv\u00e1n Calder\u00f3n<\/p>\n\n\n\n<p>Este d\u00eda, el senador sin partido Miguel \u00c1ngel Yunes M\u00e1rquez sali\u00f3 a negar que no tenga visa para ingresar a Estados Unidos.<\/p>\n\n\n\n<p>Dijo que fue en enero y que, cuando vuelva, se tomar\u00e1 una foto. No mostr\u00f3 ninguna prueba. Solo se limit\u00f3 a decir que los audios donde su pap\u00e1, Miguel \u00c1ngel Yunes Linares, pide ayuda migratoria son inteligencia artificial.<\/p>\n\n\n\n<p>Sin embargo, el punto ya no es jur\u00eddico ni migratorio: es pol\u00edtico.<\/p>\n\n\n\n<p>El problema para los Yunes no es solo si la versi\u00f3n es cierta o falsa. El problema es que ya est\u00e1n discutiendo en el terreno que otros les pusieron.<\/p>\n\n\n\n<p>Ah\u00ed comienza su implosi\u00f3n.<\/p>\n\n\n\n<p>El viejo grupo que durante a\u00f1os hizo de la confrontaci\u00f3n una forma de poder, hoy aparece a la defensiva: sin control, sin la presencia medi\u00e1tica que tanto les gusta, sin respaldo suficiente y con cada vez menos capacidad para ordenar la conversaci\u00f3n p\u00fablica.<\/p>\n\n\n\n<p>El voto de Yunes M\u00e1rquez a favor de la reforma judicial fue el quiebre. Su final.<\/p>\n\n\n\n<p>Al grupo de los Yunes del Estero no se le asegur\u00f3 una nueva casa pol\u00edtica y se le cerr\u00f3 la anterior. El PAN lo expuls\u00f3 tras ese voto; y en MORENA no encontr\u00f3 recepci\u00f3n alguna.<\/p>\n\n\n\n<p>El resultado fue el peor escenario para cualquier grupo pol\u00edtico: quedarse en medio.<\/p>\n\n\n\n<p>Sin partido propio. Sin narrativa s\u00f3lida. Sin legitimidad transversal.<\/p>\n\n\n\n<p>Y en medio de esa p\u00e9rdida de control aparece otro elemento: Arturo Castagn\u00e9 Couturier.<\/p>\n\n\n\n<p>Castagn\u00e9 no es un actor menor en esta historia. Durante meses form\u00f3 parte del ecosistema opositor que empuj\u00f3 se\u00f1alamientos contra Roc\u00edo Nahle.<\/p>\n\n\n\n<p>Pero esa ofensiva tuvo un costo judicial: una jueza orden\u00f3 que pagara m\u00e1s de 14 millones de pesos por da\u00f1o moral a favor de la gobernadora. Qued\u00f3 claro que no todas las mentiras aguantan el paso por los tribunales.<\/p>\n\n\n\n<p>Adem\u00e1s, Castagn\u00e9 (quien no ha pagado y hoy carga tambi\u00e9n con esa condici\u00f3n de deudor) enfrenta, al igual que los Yunes, aparentes problemas migratorios por sus v\u00ednculos directos con ellos y por presuntas acusaciones de lavado, seg\u00fan consta en versiones period\u00edsticas.<\/p>\n\n\n\n<p>Por eso, el caso Yunes ya no debe leerse como un simple esc\u00e1ndalo, sino como desgaste acumulado.<\/p>\n\n\n\n<p>Primero perdieron el partido. Luego perdieron el control del relato. Y ahora empiezan a perder el beneficio de la duda.<\/p>\n\n\n\n<p>Cuando un grupo pol\u00edtico llega a ese punto, no necesariamente se cae con estruendo.<\/p>\n\n\n\n<p>A veces ocurre algo peor: siguen apareciendo en p\u00fablico, pero ya son irrelevantes. Pr\u00e1cticamente unos apestados.<\/p>\n\n\n\n<p>Eso es la implosi\u00f3n.<\/p>\n\n\n\n<p>No el final inmediato, sino la p\u00e9rdida progresiva de centralidad y la llegada de su imperioso ocaso.<\/p>\n\n\n\n<p>Triste final.<\/p>\n\n\n\n<p>@IvanKalderon<\/p>\n","protected":false},"excerpt":{"rendered":"<p>Perfilando Los Yunes en aprietos Por Iv\u00e1n Calder\u00f3n Este d\u00eda, el senador sin partido Miguel \u00c1ngel Yunes M\u00e1rquez sali\u00f3 a negar que no tenga visa para ingresar a Estados Unidos. Dijo que fue en enero y que, cuando vuelva, se tomar\u00e1 una foto. No mostr\u00f3 ninguna prueba. Solo se limit\u00f3 a decir que los audios donde su pap\u00e1, Miguel \u00c1ngel Yunes Linares, pide ayuda migratoria son inteligencia artificial. Sin embargo, el punto ya no es jur\u00eddico ni migratorio: es pol\u00edtico. El problema para los Yunes no es solo si la&hellip;<\/p>\n","protected":false},"author":1,"featured_media":122922,"comment_status":"open","ping_status":"closed","sticky":false,"template":"","format":"standard","meta":{"footnotes":""},"categories":[3,8,9],"tags":[],"class_list":["post-122921","post","type-post","status-publish","format-standard","has-post-thumbnail","hentry","category-destacadas","category-opinion","category-perfilando"],"jetpack-related-posts":[],"_links":{"self":[{"href":"https:\/\/www.noticiasperfil.com\/index\/wp-json\/wp\/v2\/posts\/122921","targetHints":{"allow":["GET"]}}],"collection":[{"href":"https:\/\/www.noticiasperfil.com\/index\/wp-json\/wp\/v2\/posts"}],"about":[{"href":"https:\/\/www.noticiasperfil.com\/index\/wp-json\/wp\/v2\/types\/post"}],"author":[{"embeddable":true,"href":"https:\/\/www.noticiasperfil.com\/index\/wp-json\/wp\/v2\/users\/1"}],"replies":[{"embeddable":true,"href":"https:\/\/www.noticiasperfil.com\/index\/wp-json\/wp\/v2\/comments?post=122921"}],"version-history":[{"count":3,"href":"https:\/\/www.noticiasperfil.com\/index\/wp-json\/wp\/v2\/posts\/122921\/revisions"}],"predecessor-version":[{"id":122925,"href":"https:\/\/www.noticiasperfil.com\/index\/wp-json\/wp\/v2\/posts\/122921\/revisions\/122925"}],"wp:featuredmedia":[{"embeddable":true,"href":"https:\/\/www.noticiasperfil.com\/index\/wp-json\/wp\/v2\/media\/122922"}],"wp:attachment":[{"href":"https:\/\/www.noticiasperfil.com\/index\/wp-json\/wp\/v2\/media?parent=122921"}],"wp:term":[{"taxonomy":"category","embeddable":true,"href":"https:\/\/www.noticiasperfil.com\/index\/wp-json\/wp\/v2\/categories?post=122921"},{"taxonomy":"post_tag","embeddable":true,"href":"https:\/\/www.noticiasperfil.com\/index\/wp-json\/wp\/v2\/tags?post=122921"}],"curies":[{"name":"wp","href":"https:\/\/api.w.org\/{rel}","templated":true}]}}