{"id":38390,"date":"2018-11-17T12:49:42","date_gmt":"2018-11-17T18:49:42","guid":{"rendered":"http:\/\/www.noticiasperfil.com\/index\/?p=38390"},"modified":"2018-11-17T12:49:42","modified_gmt":"2018-11-17T18:49:42","slug":"los-somos-y-los-seremos","status":"publish","type":"post","link":"https:\/\/www.noticiasperfil.com\/index\/2018\/11\/17\/los-somos-y-los-seremos\/","title":{"rendered":"Los \u201csomos\u201d y los \u201cseremos\u201d"},"content":{"rendered":"<p><strong><a href=\"https:\/\/i1.wp.com\/www.noticiasperfil.com\/index\/wp-content\/uploads\/2017\/09\/punto-de-vista.jpg?ssl=1\"><img loading=\"lazy\" decoding=\"async\" class=\"alignright size-medium wp-image-24083\" src=\"https:\/\/i1.wp.com\/www.noticiasperfil.com\/index\/wp-content\/uploads\/2017\/09\/punto-de-vista-300x173.jpg?resize=300%2C173&#038;ssl=1\" alt=\"\" width=\"300\" height=\"173\" data-recalc-dims=\"1\" \/><\/a>Punto de Vista\/Por Filiberto Vargas Rodr\u00edguez.<\/strong><\/p>\n<p><strong>Prefacio.<\/strong><\/p>\n<p>Las preguntas del reportero Jair Garc\u00eda al gobernador Miguel \u00c1ngel Yunes fueron certeras, oportunas y bien informadas. *** Era importante cuestionar al mandatario estatal por la sospechosa selecci\u00f3n de los exfuncionarios duartistas denunciados y procesados, dejando fuera de ese trance a los que \u2013por fama p\u00fablica- m\u00e1s recursos habr\u00edan sustraido de las arcas del estado. *** Ante su recurrente afirmaci\u00f3n de que en su gobierno nadie rob\u00f3, nadie incurri\u00f3 en actos de corrupci\u00f3n, es muy natural que se le cuestione al gobernador si \u2013siendo tanta su confianza en sus colaboradores- meter\u00eda las manos al fuego por cualquiera de ellos. *** Miguel \u00c1ngel Yunes Linares se sinti\u00f3 agraviado. Le exigi\u00f3 al reportero que su respuesta fuera \u201cpublicada literalmente\u201d y respondi\u00f3 acus\u00e1ndolo de hacerle \u201cla pregunta m\u00e1s vulgar\u201d, lo se\u00f1al\u00f3 de carecer de \u201ctalento period\u00edstico\u201d y presumi\u00f3 que \u00e9l mismo (el gobernador) era \u201cbastante m\u00e1s preparado\u201d que el reportero. *** La salida preferida de Yunes Linares: Cuando alguien lo critica o le cuestiona sus acciones, es calificarlos de \u201cignorantes\u201d. *** Al final, una vez m\u00e1s, el a\u00fan gobernador se sali\u00f3 por la tangente: \u201cSi ha habido perd\u00f3n, eso lo ha dicho usted en muchas ocasiones, pero lo cierto hoy -y eso de repente se les olvida- es que cuando llegamos al gobierno, en el a\u00f1o 2016, Veracruz era un desastre, un aut\u00e9ntico desastre (\u2026) Acuerdos por debajo de la mesa, no se\u00f1or, he sido el hombre m\u00e1s claro, m\u00e1s preciso y tambi\u00e9n el que m\u00e1s ha hablado de frente a los medios (\u2026) y en m\u00faltiples ocasiones usted ha dicho que hay acuerdos por debajo de la mesa; no los hay, lo que hicimos fue actuar con firmeza\u201d. *** \u00bfY el acuerdo con Arturo Berm\u00fadez que ya todos conocemos? \u00bfY la fastuosa residencia en la que vivi\u00f3 los \u00faltimos dos a\u00f1os el Fiscal Jorge Winckler? *** Pocos lo notaron, pero al concluir la conferencia de prensa Miguel \u00c1ngel Yunes se cubri\u00f3 la boca. Estaba sangrando, pues se hab\u00eda mordido la lengua.<\/p>\n<p><strong>* * *<\/strong><\/p>\n<p>Luego de hacer entrega de su segundo -y \u00faltimo- informe de gobierno, Miguel \u00c1ngel Yunes Linares dirigi\u00f3 un breve, brev\u00edsimo mensaje a los veracruzanos desde el recinto del Poder Legislativo.<\/p>\n<p>Aunque les dej\u00f3 a los legisladores y \u201ca la historia\u201d el juicio sobre su desempe\u00f1o, el gobernador se tom\u00f3 la licencia de \u201crecordar y reivindicar\u201d lo que a su juicio deja en este mini-gobierno (pues s\u00f3lo fue de 24 meses):<\/p>\n<p>\u201cSomos y seremos siempre, el gobierno de la transici\u00f3n\u201d.<\/p>\n<p>\u00bfTransici\u00f3n hacia d\u00f3nde? Fue m\u00e1s \u2013mucho m\u00e1s- de lo mismo que tanto critic\u00f3.<\/p>\n<p>\u201cSomos y seremos siempre, quienes encabezamos la lucha del pueblo de Veracruz por lograr sacar de Palacio de Gobierno la imposici\u00f3n y la corrupci\u00f3n, y restablecer en Veracruz el estado de derecho\u201d.<\/p>\n<p>\u00a1Es cierto! Me recuerda aquella pieza de salsa que hiciera famosa Fania All Stars: \u201cQu\u00edtate t\u00fa pa\u2019 ponerme yo\u201d. Sacaron a los ladrones y se quedaron con el bot\u00edn.<\/p>\n<p>\u201cSomos y seremos siempre, quienes logramos sacar a Veracruz de la crisis m\u00e1s grave de su historia\u201d.<\/p>\n<p>Para meterla en una mucho m\u00e1s grande. Hace dos a\u00f1os \u00e9l peleaba por 12 mil millones de pesos para salir de los compromisos de fin de a\u00f1o. Hoy Cuitl\u00e1huac Garc\u00eda calcula que se requerir\u00e1n al menos 30 mil millones de pesos. \u00bfCu\u00e1l soluci\u00f3n?<\/p>\n<p>\u201cSomos y seremos siempre, quienes trajimos a Veracruz la vida democr\u00e1tica, misma que se expresa en todos los \u00e1mbitos, pero particularmente en este Congreso\u201d.<\/p>\n<p>Cierto. Democracia que lleg\u00f3 para quedarse, a pesar de las intenciones del actual gobernador, quien hizo todo lo posible por heredar el cargo a su v\u00e1stago, pero al final recibi\u00f3 el rechazo de los veracruzanos.<\/p>\n<p>\u201cReivindico tambi\u00e9n, para este Gobierno y para todos los veracruzanos que luchamos por un cambio, el que somos y seremos siempre, los que desterramos la corrupci\u00f3n de Palacio de Gobierno\u201d.<\/p>\n<p>M\u00e1s de lo mismo. Se fueron unos corruptos y llegaron otros. Ya hubo un avance en la revisi\u00f3n de la Cuenta P\u00fablica 2017, pero la de este a\u00f1o ser\u00e1 a\u00fan grave.<\/p>\n<p>\u201cSomos y seremos siempre, tambi\u00e9n, quienes sacamos a Veracruz de la peor crisis financiera que hab\u00eda enfrentado en su historia\u201d.<\/p>\n<p>Como aquel al que se le acaban los argumentos y no le queda otra opci\u00f3n que repetirlos.<\/p>\n<p>\u201cSomos y seremos siempre, quienes restablecimos el estado de derecho en Veracruz; estado de derecho que hab\u00eda sido quebrantado desde el m\u00e1s alto nivel del Gobierno\u201d.<\/p>\n<p>Quien aplica de forma selectiva la Ley, quien toma el control de la \u201caut\u00f3noma\u201d Fiscal\u00eda General del Estado, del Poder Judicial y hasta del Congreso, no puede hablar de \u201cestado de derecho\u201d.<\/p>\n<p>\u201cSomos y seremos siempre, quienes logramos sacar de Palacio de Gobierno a la pandilla de corruptos m\u00e1s brutal que haya gobernado a Veracruz. Ese es este Gobierno\u201d.<\/p>\n<p>Se le agotan los argumentos y opta por repetirlos. Sac\u00f3 una pandilla para meter otra, la suya.<\/p>\n<p>\u201cEl juicio hist\u00f3rico corresponde al pueblo; la consideraci\u00f3n inmediata corresponde a este Congreso. Estaremos pendientes de ambos criterios, de ambos an\u00e1lisis\u201d.<\/p>\n<p>Olvid\u00f3, sin embargo, otro juicio, que no es el de la historia, ni el de los legisladores. Se trata de los juicios pol\u00edticos que ya est\u00e1n en tr\u00e1mite en contra de \u00e9l y de sus secuaces.<\/p>\n<p>De esos muy pronto tendremos noticias.<\/p>\n<p><strong>* * *<\/strong><\/p>\n<p><strong>Ep\u00edlogo.<\/strong><\/p>\n<p>El siguiente texto fue tomado del sitio Facebook del exdiputado Sergio Rodr\u00edguez Cort\u00e9s: \u201cTrat\u00e9 a Miguel A. Yunes muy de cerca, estuve en su casa e incluso particip\u00e9 en diversas mesas pol\u00edticas para perfilar la alianza en 2016. S\u00f3lo me bastaron unos d\u00edas y vivir algunas experiencias, ya en el Gobierno, para darme cuenta de lo miserable que es. Solamente piensa en \u00e9l y en su familia, lo poco que trabaj\u00f3 en el Gobierno no es para ayudar al pueblo veracruzano, su proyecto ten\u00eda fines econ\u00f3micos y de poder. Hoy a unos d\u00edas de marcharse, compadezco a todos aquellos que lo siguieron ciegamente, ya que se van a topar con pared. No meter\u00e1 las manos al fuego por ellos, ni siquiera los volver\u00e1 a tratar; a un hombre se le conoce por su mirada y este Gobernador que sale no conoce la bondad, el agradecimiento y el respeto de un equipo pol\u00edtico. Sin duda les ir\u00e1 mal a muchos de sus colaboradores\u201d. Te lo digo Juan, para que lo entiendas\u2026 Franco. *** No sufran calenturas anticipadas. El presidente de la Junta de Coordinaci\u00f3n Pol\u00edtica (Jucopo) en el Congreso local, Javier G\u00f3mez Cazar\u00edn, aclar\u00f3 que no la auditor\u00eda a la pasada administraci\u00f3n del Poder Legislativo no se politizar\u00e1. La revisi\u00f3n \u2013explic\u00f3- es un procedimiento que cualquier Gobierno o instituci\u00f3n debe implementar al comenzar un nuevo periodo. \u201cVamos a revisar, no venimos con ning\u00fan l\u00e1tigo, como muchos piensan; queremos hacer las cosas bien y de manera respetuosa\u201d. Ojal\u00e1 eso los tranquilice.<\/p>\n<p><a href=\"mailto:filivargas@gmail.com\">filivargas@gmail.com<\/a><\/p>\n","protected":false},"excerpt":{"rendered":"<p>Punto de Vista\/Por Filiberto Vargas Rodr\u00edguez. Prefacio. Las preguntas del reportero Jair Garc\u00eda al gobernador Miguel \u00c1ngel Yunes fueron certeras, oportunas y bien informadas. *** Era importante cuestionar al mandatario estatal por la sospechosa selecci\u00f3n de los exfuncionarios duartistas denunciados y procesados, dejando fuera de ese trance a los que \u2013por fama p\u00fablica- m\u00e1s recursos habr\u00edan sustraido de las arcas del estado. *** Ante su recurrente afirmaci\u00f3n de que en su gobierno nadie rob\u00f3, nadie incurri\u00f3 en actos de corrupci\u00f3n, es muy natural que se le cuestione al gobernador si&hellip;<\/p>\n","protected":false},"author":1,"featured_media":0,"comment_status":"open","ping_status":"closed","sticky":false,"template":"","format":"standard","meta":{"footnotes":""},"categories":[8,4031],"tags":[4032],"class_list":["post-38390","post","type-post","status-publish","format-standard","hentry","category-opinion","category-punto-de-vista","tag-filiberto-vargas-rodriguez"],"jetpack-related-posts":[],"_links":{"self":[{"href":"https:\/\/www.noticiasperfil.com\/index\/wp-json\/wp\/v2\/posts\/38390","targetHints":{"allow":["GET"]}}],"collection":[{"href":"https:\/\/www.noticiasperfil.com\/index\/wp-json\/wp\/v2\/posts"}],"about":[{"href":"https:\/\/www.noticiasperfil.com\/index\/wp-json\/wp\/v2\/types\/post"}],"author":[{"embeddable":true,"href":"https:\/\/www.noticiasperfil.com\/index\/wp-json\/wp\/v2\/users\/1"}],"replies":[{"embeddable":true,"href":"https:\/\/www.noticiasperfil.com\/index\/wp-json\/wp\/v2\/comments?post=38390"}],"version-history":[{"count":1,"href":"https:\/\/www.noticiasperfil.com\/index\/wp-json\/wp\/v2\/posts\/38390\/revisions"}],"predecessor-version":[{"id":38391,"href":"https:\/\/www.noticiasperfil.com\/index\/wp-json\/wp\/v2\/posts\/38390\/revisions\/38391"}],"wp:attachment":[{"href":"https:\/\/www.noticiasperfil.com\/index\/wp-json\/wp\/v2\/media?parent=38390"}],"wp:term":[{"taxonomy":"category","embeddable":true,"href":"https:\/\/www.noticiasperfil.com\/index\/wp-json\/wp\/v2\/categories?post=38390"},{"taxonomy":"post_tag","embeddable":true,"href":"https:\/\/www.noticiasperfil.com\/index\/wp-json\/wp\/v2\/tags?post=38390"}],"curies":[{"name":"wp","href":"https:\/\/api.w.org\/{rel}","templated":true}]}}