{"id":45572,"date":"2019-07-16T18:14:27","date_gmt":"2019-07-16T23:14:27","guid":{"rendered":"http:\/\/www.noticiasperfil.com\/index\/?p=45572"},"modified":"2019-07-16T18:14:27","modified_gmt":"2019-07-16T23:14:27","slug":"autoridades-de-guatemala-desmienten-a-javier-duarte-el-exgobernador-no-se-entrego","status":"publish","type":"post","link":"https:\/\/www.noticiasperfil.com\/index\/2019\/07\/16\/autoridades-de-guatemala-desmienten-a-javier-duarte-el-exgobernador-no-se-entrego\/","title":{"rendered":"Autoridades de Guatemala desmienten a Javier Duarte; el exgobernador no se entreg\u00f3"},"content":{"rendered":"<ul>\n<li><em><a href=\"https:\/\/i2.wp.com\/www.noticiasperfil.com\/index\/wp-content\/uploads\/2018\/03\/javier-duarte.jpg?ssl=1\"><img loading=\"lazy\" decoding=\"async\" class=\"alignright size-medium wp-image-29527\" src=\"https:\/\/i0.wp.com\/www.noticiasperfil.com\/index\/wp-content\/uploads\/2018\/03\/javier-duarte-300x200.jpg?resize=300%2C200&#038;ssl=1\" alt=\"\" width=\"300\" height=\"200\" data-recalc-dims=\"1\" \/><\/a>El ex subdirector de la Polic\u00eda Nacional Civil de Guatemala, Stu Velasco, dijo que tras la captura del ex gobernador de Veracruz, no \u00abtuvo noticia por parte de la autoridad mexicana de que hab\u00edan hecho una coordinaci\u00f3n\u00bb.<\/em><\/li>\n<\/ul>\n<p>Ciudad de M\u00e9xico.-\u00a0El ex subdirector de la Polic\u00eda Nacional Civil de Guatemala, Stu Velasco, dijo que el gobierno de ese pa\u00eds no \u00abtuvo noticia por parte de la autoridad mexicana de que hab\u00edan hecho una coordinaci\u00f3n\u00bb para que el ex gobernador de Veracruz, Javier Duarte, se entregara.<\/p>\n<p>\u00abEn ning\u00fan momento se tuvo noticia por parte de la autoridad mexicana de que hab\u00edan hecho una coordinaci\u00f3n con la persona que solicitaba y tampoco nosotros cedimos en las unidades que estaban en Guatemala ya ten\u00edan, digamos, un escenario controlado y de tal suerte que se encontraba en tal lugar, era informaci\u00f3n de investigaci\u00f3n de inteligencia que se manejaba, que se compartieron y que los llevaron a ese lugar\u00bb, dijo en entrevista con Samuel Cuervo para MILENIO Televisi\u00f3n.<\/p>\n<p>Stu Velasco detall\u00f3 que las autoridades de M\u00e9xico exhortaron al gobierno de Guatemala a contribuir en la investigaci\u00f3n, por lo que se llev\u00f3 a cabo un operativo con la gente de la Interpol de Guatemala y polic\u00edas de investigaci\u00f3n criminal para aprehender a Duarte.<\/p>\n<p>\u00abEn ese momento se contaba con una orden de aprehensi\u00f3n y con una alerta internacional y despu\u00e9s de haber trabajado ciertos elementos de investigaci\u00f3n e indicios de que \u00e9l (Javier Duarte) se encontraba hospedado en ese hotel, se hace una operaci\u00f3n para hacer un cerco estrat\u00e9gico y evitar que \u00e9l pudiera irse de alguna forma\u00bb, a\u00f1adi\u00f3.<\/p>\n<p>Javier Duarte asegur\u00f3 que pact\u00f3 con mandos del gobierno de Enrique Pe\u00f1a Nieto para entregarse a las autoridades, a cambio de que no molestaran a su familia.<\/p>\n<p>El ex mandatario indic\u00f3 que el acuerdo de su entrega fue pactado con autoridades del Centro de Investigaci\u00f3n y Seguridad Nacional (Cisen), de la Secretar\u00eda de Gobernaci\u00f3n (Segob) y de la Procuradur\u00eda General de la Rep\u00fablica (PGR), para que no molestaran a su familia.<\/p>\n<p>&nbsp;<\/p>\n<p><em>Con informaci\u00f3n de <a href=\"https:\/\/vanguardia.com.mx\/articulo\/autoridades-de-guatemala-niegan-que-javier-duarte-se-haya-entregado\" target=\"_blank\" rel=\"noopener\">Vanguardia<\/a>.<\/em><\/p>\n","protected":false},"excerpt":{"rendered":"<p>El ex subdirector de la Polic\u00eda Nacional Civil de Guatemala, Stu Velasco, dijo que tras la captura del ex gobernador de Veracruz, no \u00abtuvo noticia por parte de la autoridad mexicana de que hab\u00edan hecho una coordinaci\u00f3n\u00bb. Ciudad de M\u00e9xico.-\u00a0El ex subdirector de la Polic\u00eda Nacional Civil de Guatemala, Stu Velasco, dijo que el gobierno de ese pa\u00eds no \u00abtuvo noticia por parte de la autoridad mexicana de que hab\u00edan hecho una coordinaci\u00f3n\u00bb para que el ex gobernador de Veracruz, Javier Duarte, se entregara. \u00abEn ning\u00fan momento se tuvo noticia&hellip;<\/p>\n","protected":false},"author":1,"featured_media":0,"comment_status":"open","ping_status":"closed","sticky":false,"template":"","format":"standard","meta":{"footnotes":""},"categories":[3,4],"tags":[752],"class_list":["post-45572","post","type-post","status-publish","format-standard","hentry","category-destacadas","category-estatal","tag-javier-duarte-de-ochoa"],"jetpack-related-posts":[],"_links":{"self":[{"href":"https:\/\/www.noticiasperfil.com\/index\/wp-json\/wp\/v2\/posts\/45572","targetHints":{"allow":["GET"]}}],"collection":[{"href":"https:\/\/www.noticiasperfil.com\/index\/wp-json\/wp\/v2\/posts"}],"about":[{"href":"https:\/\/www.noticiasperfil.com\/index\/wp-json\/wp\/v2\/types\/post"}],"author":[{"embeddable":true,"href":"https:\/\/www.noticiasperfil.com\/index\/wp-json\/wp\/v2\/users\/1"}],"replies":[{"embeddable":true,"href":"https:\/\/www.noticiasperfil.com\/index\/wp-json\/wp\/v2\/comments?post=45572"}],"version-history":[{"count":1,"href":"https:\/\/www.noticiasperfil.com\/index\/wp-json\/wp\/v2\/posts\/45572\/revisions"}],"predecessor-version":[{"id":45573,"href":"https:\/\/www.noticiasperfil.com\/index\/wp-json\/wp\/v2\/posts\/45572\/revisions\/45573"}],"wp:attachment":[{"href":"https:\/\/www.noticiasperfil.com\/index\/wp-json\/wp\/v2\/media?parent=45572"}],"wp:term":[{"taxonomy":"category","embeddable":true,"href":"https:\/\/www.noticiasperfil.com\/index\/wp-json\/wp\/v2\/categories?post=45572"},{"taxonomy":"post_tag","embeddable":true,"href":"https:\/\/www.noticiasperfil.com\/index\/wp-json\/wp\/v2\/tags?post=45572"}],"curies":[{"name":"wp","href":"https:\/\/api.w.org\/{rel}","templated":true}]}}