{"id":49032,"date":"2019-10-17T13:00:50","date_gmt":"2019-10-17T18:00:50","guid":{"rendered":"http:\/\/www.noticiasperfil.com\/index\/?p=49032"},"modified":"2019-10-17T13:00:50","modified_gmt":"2019-10-17T18:00:50","slug":"veracruz-primer-lugar-en-secuestros-a-nivel-nacional-durante-septiembre-miranda-de-wallace","status":"publish","type":"post","link":"https:\/\/www.noticiasperfil.com\/index\/2019\/10\/17\/veracruz-primer-lugar-en-secuestros-a-nivel-nacional-durante-septiembre-miranda-de-wallace\/","title":{"rendered":"Veracruz, primer lugar en secuestros a nivel nacional durante septiembre: Miranda de Wallace"},"content":{"rendered":"<ul>\n<li><em><a href=\"https:\/\/i1.wp.com\/www.noticiasperfil.com\/index\/wp-content\/uploads\/2019\/10\/isabel-miranda.jpeg?ssl=1\"><img loading=\"lazy\" decoding=\"async\" class=\"alignright size-medium wp-image-49033\" src=\"https:\/\/i2.wp.com\/www.noticiasperfil.com\/index\/wp-content\/uploads\/2019\/10\/isabel-miranda-300x212.jpeg?resize=300%2C212&#038;ssl=1\" alt=\"\" width=\"300\" height=\"212\" data-recalc-dims=\"1\" \/><\/a>Veracruz contin\u00faa en el lugar uno de los estados con m\u00e1s secuestros.<\/em><\/li>\n<\/ul>\n<p>Ciudad de M\u00e9xico.-\u00a0De acuerdo con el informe de secuestro, presentado por la asociaci\u00f3n civil Alto al Secuestro, en septiembre fueron plagiadas 180 personas en M\u00e9xico, lo que significa un incremento del 9 por ciento con respecto a agosto, mes en el que se reportaron 142 cr\u00edmenes de este tipo.<\/p>\n<p>El estado con m\u00e1s secuestros es Veracruz, ya que los cuatro municipios con mayor incidencia: Jalapa, Coatzacoalcos, Orizaba y el Puerto de Veracruz, se encuentra en esta entidad, inform\u00f3 a \u201cPor la ma\u00f1ana\u201d la activista Isabel Miranda de Wallace.<\/p>\n<p>\u201cEl estado de Veracruz sigue en el n\u00famero uno con 36 secuestros (en septiembre). El Estado de M\u00e9xico ya sali\u00f3 (del ranking de los estados con m\u00e1s secuestros), que durante a\u00f1os estuvo en los primero 3 lugares\u201d, dijo.<\/p>\n<p>&nbsp;<\/p>\n<p><em>Con informaci\u00f3n de Radio F\u00f3rmula.<\/em><\/p>\n","protected":false},"excerpt":{"rendered":"<p>Veracruz contin\u00faa en el lugar uno de los estados con m\u00e1s secuestros. Ciudad de M\u00e9xico.-\u00a0De acuerdo con el informe de secuestro, presentado por la asociaci\u00f3n civil Alto al Secuestro, en septiembre fueron plagiadas 180 personas en M\u00e9xico, lo que significa un incremento del 9 por ciento con respecto a agosto, mes en el que se reportaron 142 cr\u00edmenes de este tipo. El estado con m\u00e1s secuestros es Veracruz, ya que los cuatro municipios con mayor incidencia: Jalapa, Coatzacoalcos, Orizaba y el Puerto de Veracruz, se encuentra en esta entidad, inform\u00f3&hellip;<\/p>\n","protected":false},"author":1,"featured_media":0,"comment_status":"open","ping_status":"closed","sticky":false,"template":"","format":"standard","meta":{"footnotes":""},"categories":[4],"tags":[1567],"class_list":["post-49032","post","type-post","status-publish","format-standard","hentry","category-estatal","tag-isabel-miranda-de-wallace"],"jetpack-related-posts":[],"_links":{"self":[{"href":"https:\/\/www.noticiasperfil.com\/index\/wp-json\/wp\/v2\/posts\/49032","targetHints":{"allow":["GET"]}}],"collection":[{"href":"https:\/\/www.noticiasperfil.com\/index\/wp-json\/wp\/v2\/posts"}],"about":[{"href":"https:\/\/www.noticiasperfil.com\/index\/wp-json\/wp\/v2\/types\/post"}],"author":[{"embeddable":true,"href":"https:\/\/www.noticiasperfil.com\/index\/wp-json\/wp\/v2\/users\/1"}],"replies":[{"embeddable":true,"href":"https:\/\/www.noticiasperfil.com\/index\/wp-json\/wp\/v2\/comments?post=49032"}],"version-history":[{"count":1,"href":"https:\/\/www.noticiasperfil.com\/index\/wp-json\/wp\/v2\/posts\/49032\/revisions"}],"predecessor-version":[{"id":49034,"href":"https:\/\/www.noticiasperfil.com\/index\/wp-json\/wp\/v2\/posts\/49032\/revisions\/49034"}],"wp:attachment":[{"href":"https:\/\/www.noticiasperfil.com\/index\/wp-json\/wp\/v2\/media?parent=49032"}],"wp:term":[{"taxonomy":"category","embeddable":true,"href":"https:\/\/www.noticiasperfil.com\/index\/wp-json\/wp\/v2\/categories?post=49032"},{"taxonomy":"post_tag","embeddable":true,"href":"https:\/\/www.noticiasperfil.com\/index\/wp-json\/wp\/v2\/tags?post=49032"}],"curies":[{"name":"wp","href":"https:\/\/api.w.org\/{rel}","templated":true}]}}