{"id":49035,"date":"2019-10-17T17:49:37","date_gmt":"2019-10-17T22:49:37","guid":{"rendered":"http:\/\/www.noticiasperfil.com\/index\/?p=49035"},"modified":"2019-10-17T17:49:37","modified_gmt":"2019-10-17T22:49:37","slug":"impulsar-el-desarrollo-tecnologico-y-la-investigacion-debe-ser-tarea-conjunta-tavo-perez","status":"publish","type":"post","link":"https:\/\/www.noticiasperfil.com\/index\/2019\/10\/17\/impulsar-el-desarrollo-tecnologico-y-la-investigacion-debe-ser-tarea-conjunta-tavo-perez\/","title":{"rendered":"\u201cImpulsar el desarrollo tecnol\u00f3gico y la investigaci\u00f3n debe ser tarea conjunta\u201d: Tavo P\u00e9rez"},"content":{"rendered":"<ul>\n<li><em>Junto con funcionarios estatales, investigadores, cient\u00edficos y la comunidad acad\u00e9mica y tecnol\u00f3gica, el alcalde particip\u00f3 en la inauguraci\u00f3n del 18vo Congreso Nacional de Mecatr\u00f3nica.<\/em><\/li>\n<\/ul>\n<p>San Andr\u00e9s Tuxtla, 17 de octubre de 2019.- \u201cEl desarrollo tecnol\u00f3gico y el impulso a la innovaci\u00f3n, necesita del impulso de las instituciones y la sinergia que genere el trabajo coordinado entre academia y gobierno, por ello nos complace como ayuntamiento, ser facilitadores y apoyar en la organizaci\u00f3n y log\u00edstica para que el Instituto Tecnol\u00f3gico de San Andr\u00e9s Tuxtla, se destaque como sede de este importante congreso nacional de mecatr\u00f3nica, el primero en celebrarse en esta zona concentrando a institutos tecnol\u00f3gicos de todo el estado y el pa\u00eds, poniendo en el mapa el talento, la creatividad y la investigaci\u00f3n que se desarrolla en las aulas sanandrescanas\u201d, expres\u00f3 el alcalde de San Andr\u00e9s Tuxtla, Octavio P\u00e9rez Garay, entrevistado durante la inauguraci\u00f3n del 18vo congreso nacional de mecatr\u00f3nica, que tendr\u00e1 lugar del 17 al 19 de octubre teniendo como sede el Instituto Tecnol\u00f3gico Superior de San Andr\u00e9s Tuxtla.<\/p>\n<p>A este evento, acompa\u00f1aron al alcalde, Martin Josu\u00e9 Ataxca Hern\u00e1ndez, Daniela Turrent Espinosa, el Director de educaci\u00f3n David Arnulfo Escalera P\u00e9rez, el Director de Fomento Agropecuario, y el ingeniero Enrique Alonso Su\u00e1rez, entre otras personalidades.<\/p>\n<p>Por parte de las autoridades acad\u00e9micas y funcionarios del gobierno estatal, acudi\u00f3 el Ingeniero Jorge Antonio Velarde Incl\u00e1n, Director del Instituto Tecnol\u00f3gico Superior de San Andr\u00e9s Tuxtla, el licenciado Iv\u00e1n Francisco Mart\u00ednez Olvera Subsecretario de Promoci\u00f3n y Atenci\u00f3n Tur\u00edstica de la Secretar\u00eda de Turismo y Cultura del Gobierno del Estado, el licenciado Jorge Enrique Orozco Ram\u00edrez, presidente de la Asociaci\u00f3n Mexicana de Mecatr\u00f3nica, Miguel Turrent Hern\u00e1ndez, fil\u00e1ntropo y empresario tabacalero; en representaci\u00f3n del Gobernador Cuitl\u00e1huac Garc\u00eda Jim\u00e9nez, de la doctora Mar\u00eda Luisa Sil\u00edceo Rodr\u00edguez, Directora de Educaci\u00f3n Tecnol\u00f3gica y del Secretario de Educaci\u00f3n de Veracruz, el licenciado Zenyazen Roberto Escobar Garc\u00eda, acudi\u00f3 el M.I.A. Rafael Zamudio Reyes, Director del Instituto Tecnol\u00f3gico Superior de Alvarado, adem\u00e1s del alcalde de Catemaco, Julio Ortega Serrano.<\/p>\n<p>\u201cLa meta es conseguir que el alumnado sea agente de cambio en la sociedad, d\u00e1ndole todas las herramientas para que se transformen y trasciendan, nuestra misi\u00f3n es ser una instituci\u00f3n de alto grado acad\u00e9mico, tecnol\u00f3gico de investigaci\u00f3n e innovaci\u00f3n, contando con el gran apoyo y rumbo que recibimos de la doctora Mar\u00eda Luisa Sil\u00edceo Rodr\u00edguez, Directora de Educaci\u00f3n Tecnol\u00f3gica y del maestro Jorge Miguel Uscanga Villalba, Subsecretario de Educaci\u00f3n Media Superior y Superior \u201d, coment\u00f3 el Ingeniero Jorge Antonio Velarde Incl\u00e1n, Director del Instituto Tecnol\u00f3gico Superior de San Andr\u00e9s Tuxtla, tras inaugurar oficialmente el d\u00e9cimo octavo congreso nacional de mecatr\u00f3nica.<\/p>\n","protected":false},"excerpt":{"rendered":"<p>Junto con funcionarios estatales, investigadores, cient\u00edficos y la comunidad acad\u00e9mica y tecnol\u00f3gica, el alcalde particip\u00f3 en la inauguraci\u00f3n del 18vo Congreso Nacional de Mecatr\u00f3nica. San Andr\u00e9s Tuxtla, 17 de octubre de 2019.- \u201cEl desarrollo tecnol\u00f3gico y el impulso a la innovaci\u00f3n, necesita del impulso de las instituciones y la sinergia que genere el trabajo coordinado entre academia y gobierno, por ello nos complace como ayuntamiento, ser facilitadores y apoyar en la organizaci\u00f3n y log\u00edstica para que el Instituto Tecnol\u00f3gico de San Andr\u00e9s Tuxtla, se destaque como sede de este importante&hellip;<\/p>\n","protected":false},"author":1,"featured_media":0,"comment_status":"open","ping_status":"closed","sticky":false,"template":"","format":"standard","meta":{"footnotes":""},"categories":[3,12],"tags":[958,1383],"class_list":["post-49035","post","type-post","status-publish","format-standard","hentry","category-destacadas","category-san-andres-tuxtla","tag-octavio-perez-garay","tag-tecnologico-de-san-andres-tuxtla"],"jetpack-related-posts":[],"_links":{"self":[{"href":"https:\/\/www.noticiasperfil.com\/index\/wp-json\/wp\/v2\/posts\/49035","targetHints":{"allow":["GET"]}}],"collection":[{"href":"https:\/\/www.noticiasperfil.com\/index\/wp-json\/wp\/v2\/posts"}],"about":[{"href":"https:\/\/www.noticiasperfil.com\/index\/wp-json\/wp\/v2\/types\/post"}],"author":[{"embeddable":true,"href":"https:\/\/www.noticiasperfil.com\/index\/wp-json\/wp\/v2\/users\/1"}],"replies":[{"embeddable":true,"href":"https:\/\/www.noticiasperfil.com\/index\/wp-json\/wp\/v2\/comments?post=49035"}],"version-history":[{"count":1,"href":"https:\/\/www.noticiasperfil.com\/index\/wp-json\/wp\/v2\/posts\/49035\/revisions"}],"predecessor-version":[{"id":49040,"href":"https:\/\/www.noticiasperfil.com\/index\/wp-json\/wp\/v2\/posts\/49035\/revisions\/49040"}],"wp:attachment":[{"href":"https:\/\/www.noticiasperfil.com\/index\/wp-json\/wp\/v2\/media?parent=49035"}],"wp:term":[{"taxonomy":"category","embeddable":true,"href":"https:\/\/www.noticiasperfil.com\/index\/wp-json\/wp\/v2\/categories?post=49035"},{"taxonomy":"post_tag","embeddable":true,"href":"https:\/\/www.noticiasperfil.com\/index\/wp-json\/wp\/v2\/tags?post=49035"}],"curies":[{"name":"wp","href":"https:\/\/api.w.org\/{rel}","templated":true}]}}