{"id":49041,"date":"2019-10-17T19:02:43","date_gmt":"2019-10-18T00:02:43","guid":{"rendered":"http:\/\/www.noticiasperfil.com\/index\/?p=49041"},"modified":"2019-10-17T19:02:43","modified_gmt":"2019-10-18T00:02:43","slug":"comparten-experiencias-en-materia-de-derechos-de-las-comunidades-indigenas","status":"publish","type":"post","link":"https:\/\/www.noticiasperfil.com\/index\/2019\/10\/17\/comparten-experiencias-en-materia-de-derechos-de-las-comunidades-indigenas\/","title":{"rendered":"Comparten experiencias en materia de derechos de las comunidades ind\u00edgenas"},"content":{"rendered":"<p><a href=\"https:\/\/i0.wp.com\/www.noticiasperfil.com\/index\/wp-content\/uploads\/2019\/10\/diputados-veracruz.jpeg?ssl=1\"><img loading=\"lazy\" decoding=\"async\" class=\"alignright size-medium wp-image-49042\" src=\"https:\/\/i1.wp.com\/www.noticiasperfil.com\/index\/wp-content\/uploads\/2019\/10\/diputados-veracruz-300x200.jpeg?resize=300%2C200&#038;ssl=1\" alt=\"\" width=\"300\" height=\"200\" data-recalc-dims=\"1\" \/><\/a>Xalapa, Ver.- En seguimiento a los trabajos del Seminario de actualizaci\u00f3n para asesoras y asesores legislativos en materia de derechos humanos, este jueves 17 de octubre se impartieron las ponencias relativas a los derechos de los pueblos ind\u00edgenas y el derecho a la cultura.<\/p>\n<p>Este seminario, impulsado y coordinado por el Centro de Estudios para la Igualdad de G\u00e9nero y los Derechos Humanos (CEIDGH) del Congreso del Estado, a cargo de la doctora M\u00f3nica Mendoza Madrigal, prev\u00e9 incrementar los conocimientos de las asesoras y asesores legislativos en temas de derechos humanos, a fin de mejorar los procedimientos que se desarrollan en esta Soberan\u00eda.<\/p>\n<p>La ponencia Derechos de los pueblos y comunidades ind\u00edgenas fue impartida por el maestro Eleuterio Olarte Tiburcio, director general de la Academia Veracruzana de las Lenguas Ind\u00edgenas (Aveli), en el que se\u00f1al\u00f3 \u2013entre otros temas- que desde 1994 se celebra cada 9 de agosto el D\u00eda de los Pueblos Ind\u00edgenas.<\/p>\n<p>Adem\u00e1s, que en el mundo existen m\u00e1s de cinco mil grupos ind\u00edgenas, cifra que se traduce en 370 millones de personas y que esto, a su vez, representa aproximadamente 5 por ciento del total de la poblaci\u00f3n del planeta.<\/p>\n<p>En tanto, la maestra Lourdes Hern\u00e1ndez Qui\u00f1ones, de la Universidad Pedag\u00f3gica Veracruzana (UPV), disert\u00f3 sobre Derecho a la cultura, donde destac\u00f3 la diversidad cultural y los mecanismos para garantizar este derecho.<\/p>\n","protected":false},"excerpt":{"rendered":"<p>Xalapa, Ver.- En seguimiento a los trabajos del Seminario de actualizaci\u00f3n para asesoras y asesores legislativos en materia de derechos humanos, este jueves 17 de octubre se impartieron las ponencias relativas a los derechos de los pueblos ind\u00edgenas y el derecho a la cultura. Este seminario, impulsado y coordinado por el Centro de Estudios para la Igualdad de G\u00e9nero y los Derechos Humanos (CEIDGH) del Congreso del Estado, a cargo de la doctora M\u00f3nica Mendoza Madrigal, prev\u00e9 incrementar los conocimientos de las asesoras y asesores legislativos en temas de derechos&hellip;<\/p>\n","protected":false},"author":1,"featured_media":0,"comment_status":"open","ping_status":"closed","sticky":false,"template":"","format":"standard","meta":{"footnotes":""},"categories":[4],"tags":[439],"class_list":["post-49041","post","type-post","status-publish","format-standard","hentry","category-estatal","tag-diputados-veracruz"],"jetpack-related-posts":[],"_links":{"self":[{"href":"https:\/\/www.noticiasperfil.com\/index\/wp-json\/wp\/v2\/posts\/49041","targetHints":{"allow":["GET"]}}],"collection":[{"href":"https:\/\/www.noticiasperfil.com\/index\/wp-json\/wp\/v2\/posts"}],"about":[{"href":"https:\/\/www.noticiasperfil.com\/index\/wp-json\/wp\/v2\/types\/post"}],"author":[{"embeddable":true,"href":"https:\/\/www.noticiasperfil.com\/index\/wp-json\/wp\/v2\/users\/1"}],"replies":[{"embeddable":true,"href":"https:\/\/www.noticiasperfil.com\/index\/wp-json\/wp\/v2\/comments?post=49041"}],"version-history":[{"count":1,"href":"https:\/\/www.noticiasperfil.com\/index\/wp-json\/wp\/v2\/posts\/49041\/revisions"}],"predecessor-version":[{"id":49043,"href":"https:\/\/www.noticiasperfil.com\/index\/wp-json\/wp\/v2\/posts\/49041\/revisions\/49043"}],"wp:attachment":[{"href":"https:\/\/www.noticiasperfil.com\/index\/wp-json\/wp\/v2\/media?parent=49041"}],"wp:term":[{"taxonomy":"category","embeddable":true,"href":"https:\/\/www.noticiasperfil.com\/index\/wp-json\/wp\/v2\/categories?post=49041"},{"taxonomy":"post_tag","embeddable":true,"href":"https:\/\/www.noticiasperfil.com\/index\/wp-json\/wp\/v2\/tags?post=49041"}],"curies":[{"name":"wp","href":"https:\/\/api.w.org\/{rel}","templated":true}]}}