{"id":70326,"date":"2020-12-30T10:12:12","date_gmt":"2020-12-30T16:12:12","guid":{"rendered":"http:\/\/www.noticiasperfil.com\/index\/?p=70326"},"modified":"2020-12-30T10:12:15","modified_gmt":"2020-12-30T16:12:15","slug":"rehabilitan-parque-de-localidad-de-san-marcos-en-santiago-tuxtla","status":"publish","type":"post","link":"https:\/\/www.noticiasperfil.com\/index\/2020\/12\/30\/rehabilitan-parque-de-localidad-de-san-marcos-en-santiago-tuxtla\/","title":{"rendered":"Rehabilitan parque de localidad de San Marcos, en Santiago Tuxtla"},"content":{"rendered":"\n<div class=\"wp-block-image\"><figure class=\"aligncenter size-large\"><img decoding=\"async\" src=\"https:\/\/i0.wp.com\/www.noticiasperfil.com\/index\/wp-content\/uploads\/2020\/12\/parque-san-marcos-01.jpg?w=640&#038;ssl=1\" alt=\"\" class=\"wp-image-70327\" data-recalc-dims=\"1\"\/><\/figure><\/div>\n\n\n\n<p>Santiago Tuxtla, Ver.- Bajo el objetivo de conservar en \u00f3ptimas condiciones nuestros espacios p\u00fablicos, el Lic. Argeniz V\u00e1zquez Copete, presidente municipal de Santiago Tuxtla a trav\u00e9s del personal de Protecci\u00f3n al Medio Ambiente llev\u00f3 a cabo la rehabilitaci\u00f3n en pintura del parque de la localidad de San Marcos.<\/p>\n\n\n\n<p>Cabe resaltar que el cuidado de nuestros espacios p\u00fablicos es responsabilidad de todos.<\/p>\n\n\n\n<figure class=\"wp-block-gallery columns-2 is-cropped wp-block-gallery-1 is-layout-flex wp-block-gallery-is-layout-flex\"><ul class=\"blocks-gallery-grid\"><li class=\"blocks-gallery-item\"><figure><img decoding=\"async\" src=\"https:\/\/i0.wp.com\/www.noticiasperfil.com\/index\/wp-content\/uploads\/2020\/12\/parque-san-marcos-02-1024x461.jpg?resize=640%2C288&#038;ssl=1\" alt=\"\" data-id=\"70328\" data-full-url=\"https:\/\/www.noticiasperfil.com\/index\/wp-content\/uploads\/2020\/12\/parque-san-marcos-02.jpg\" data-link=\"https:\/\/www.noticiasperfil.com\/index\/?attachment_id=70328\" class=\"wp-image-70328\" data-recalc-dims=\"1\"\/><\/figure><\/li><li class=\"blocks-gallery-item\"><figure><img decoding=\"async\" src=\"https:\/\/i1.wp.com\/www.noticiasperfil.com\/index\/wp-content\/uploads\/2020\/12\/parque-san-marcos-03-1024x461.jpg?resize=640%2C288&#038;ssl=1\" alt=\"\" data-id=\"70329\" data-full-url=\"https:\/\/www.noticiasperfil.com\/index\/wp-content\/uploads\/2020\/12\/parque-san-marcos-03.jpg\" data-link=\"https:\/\/www.noticiasperfil.com\/index\/?attachment_id=70329\" class=\"wp-image-70329\" data-recalc-dims=\"1\"\/><\/figure><\/li><\/ul><\/figure>\n","protected":false},"excerpt":{"rendered":"<p>Santiago Tuxtla, Ver.- Bajo el objetivo de conservar en \u00f3ptimas condiciones nuestros espacios p\u00fablicos, el Lic. Argeniz V\u00e1zquez Copete, presidente municipal de Santiago Tuxtla a trav\u00e9s del personal de Protecci\u00f3n al Medio Ambiente llev\u00f3 a cabo la rehabilitaci\u00f3n en pintura del parque de la localidad de San Marcos. Cabe resaltar que el cuidado de nuestros espacios p\u00fablicos es responsabilidad de todos.<\/p>\n","protected":false},"author":1,"featured_media":0,"comment_status":"closed","ping_status":"closed","sticky":false,"template":"","format":"standard","meta":{"footnotes":""},"categories":[6],"tags":[3142],"class_list":["post-70326","post","type-post","status-publish","format-standard","hentry","category-zona-tuxtlas","tag-argeniz-vazquez-copete"],"jetpack-related-posts":[],"_links":{"self":[{"href":"https:\/\/www.noticiasperfil.com\/index\/wp-json\/wp\/v2\/posts\/70326","targetHints":{"allow":["GET"]}}],"collection":[{"href":"https:\/\/www.noticiasperfil.com\/index\/wp-json\/wp\/v2\/posts"}],"about":[{"href":"https:\/\/www.noticiasperfil.com\/index\/wp-json\/wp\/v2\/types\/post"}],"author":[{"embeddable":true,"href":"https:\/\/www.noticiasperfil.com\/index\/wp-json\/wp\/v2\/users\/1"}],"replies":[{"embeddable":true,"href":"https:\/\/www.noticiasperfil.com\/index\/wp-json\/wp\/v2\/comments?post=70326"}],"version-history":[{"count":1,"href":"https:\/\/www.noticiasperfil.com\/index\/wp-json\/wp\/v2\/posts\/70326\/revisions"}],"predecessor-version":[{"id":70330,"href":"https:\/\/www.noticiasperfil.com\/index\/wp-json\/wp\/v2\/posts\/70326\/revisions\/70330"}],"wp:attachment":[{"href":"https:\/\/www.noticiasperfil.com\/index\/wp-json\/wp\/v2\/media?parent=70326"}],"wp:term":[{"taxonomy":"category","embeddable":true,"href":"https:\/\/www.noticiasperfil.com\/index\/wp-json\/wp\/v2\/categories?post=70326"},{"taxonomy":"post_tag","embeddable":true,"href":"https:\/\/www.noticiasperfil.com\/index\/wp-json\/wp\/v2\/tags?post=70326"}],"curies":[{"name":"wp","href":"https:\/\/api.w.org\/{rel}","templated":true}]}}