{"id":86754,"date":"2022-05-27T11:23:39","date_gmt":"2022-05-27T16:23:39","guid":{"rendered":"https:\/\/www.noticiasperfil.com\/index\/?p=86754"},"modified":"2022-05-27T11:23:41","modified_gmt":"2022-05-27T16:23:41","slug":"asiste-alcalde-juan-rosario-a-evento-chico-y-chica-tec-en-catemaco","status":"publish","type":"post","link":"https:\/\/www.noticiasperfil.com\/index\/2022\/05\/27\/asiste-alcalde-juan-rosario-a-evento-chico-y-chica-tec-en-catemaco\/","title":{"rendered":"Asiste alcalde Juan Rosario a evento &#8216;Chico y Chica Tec&#8217;, en Catemaco"},"content":{"rendered":"\n<div class=\"wp-block-image\"><figure class=\"aligncenter size-large\"><img decoding=\"async\" src=\"https:\/\/i1.wp.com\/www.noticiasperfil.com\/index\/wp-content\/uploads\/2022\/05\/chica-tec-01.jpg?fit=640%2C480&amp;ssl=1\" alt=\"\" class=\"wp-image-86755\"\/><\/figure><\/div>\n\n\n\n<p>Catemaco, Ver.- El Presidente Municipal Lic. Juan Jos\u00e9 Rosario Morales asisti\u00f3 al evento \u00abChico y Chica TEC 2022\u00bb en Catemaco, el cual se vivi\u00f3 con mucha alegr\u00eda por parte de los estudiantes de Instituto Tecnol\u00f3gico Superior de San Andr\u00e9s Tuxtla ( ITSSAT),<\/p>\n\n\n\n<p>Este concurso dio inicio con un recorrido de comparsas por el malec\u00f3n de Catemaco, para llegar al Parque Central Francisco I. Madero y continuar con las presentaciones de los concursantes de este certamen.<\/p>\n\n\n\n<figure class=\"wp-block-gallery has-nested-images columns-default is-cropped wp-block-gallery-1 is-layout-flex wp-block-gallery-is-layout-flex\">\n<figure class=\"wp-block-image size-large\"><img decoding=\"async\" data-id=\"86759\" src=\"https:\/\/i0.wp.com\/www.noticiasperfil.com\/index\/wp-content\/uploads\/2022\/05\/chica-tec-02.jpg?fit=640%2C480&amp;ssl=1\" alt=\"\" class=\"wp-image-86759\"\/><\/figure>\n\n\n\n<figure class=\"wp-block-image size-large\"><img decoding=\"async\" data-id=\"86756\" src=\"https:\/\/i2.wp.com\/www.noticiasperfil.com\/index\/wp-content\/uploads\/2022\/05\/chica-tec-03.jpg?fit=640%2C480&amp;ssl=1\" alt=\"\" class=\"wp-image-86756\"\/><\/figure>\n\n\n\n<figure class=\"wp-block-image size-large\"><img decoding=\"async\" data-id=\"86757\" src=\"https:\/\/i1.wp.com\/www.noticiasperfil.com\/index\/wp-content\/uploads\/2022\/05\/chica-tec-04.jpg?fit=640%2C480&amp;ssl=1\" alt=\"\" class=\"wp-image-86757\"\/><\/figure>\n\n\n\n<figure class=\"wp-block-image size-large\"><img decoding=\"async\" data-id=\"86758\" src=\"https:\/\/i2.wp.com\/www.noticiasperfil.com\/index\/wp-content\/uploads\/2022\/05\/chica-tec-05.jpg?fit=640%2C480&amp;ssl=1\" alt=\"\" class=\"wp-image-86758\"\/><\/figure>\n<\/figure>\n\n\n\n<p>El Alcalde dio la bienvenida a todos los presentes y mencion\u00f3 que para \u00e9l siempre ser\u00e1 de suma importancia apoyar eventos que den realce a Catemaco.<\/p>\n\n\n\n<p>\u00a1Muchas felicidades a Luis Alejandro Cancino Barcelo y Liliana del Carmen Turrent! Los coronados con Mejor Traje Regional.<\/p>\n","protected":false},"excerpt":{"rendered":"<p>Catemaco, Ver.- El Presidente Municipal Lic. Juan Jos\u00e9 Rosario Morales asisti\u00f3 al evento \u00abChico y Chica TEC 2022\u00bb en Catemaco, el cual se vivi\u00f3 con mucha alegr\u00eda por parte de los estudiantes de Instituto Tecnol\u00f3gico Superior de San Andr\u00e9s Tuxtla ( ITSSAT), Este concurso dio inicio con un recorrido de comparsas por el malec\u00f3n de Catemaco, para llegar al Parque Central Francisco I. Madero y continuar con las presentaciones de los concursantes de este certamen. El Alcalde dio la bienvenida a todos los presentes y mencion\u00f3 que para \u00e9l siempre&hellip;<\/p>\n","protected":false},"author":1,"featured_media":0,"comment_status":"closed","ping_status":"closed","sticky":false,"template":"","format":"standard","meta":{"footnotes":""},"categories":[3,6],"tags":[6009,1383],"class_list":["post-86754","post","type-post","status-publish","format-standard","hentry","category-destacadas","category-zona-tuxtlas","tag-juan-rosario-morales","tag-tecnologico-de-san-andres-tuxtla"],"jetpack-related-posts":[],"_links":{"self":[{"href":"https:\/\/www.noticiasperfil.com\/index\/wp-json\/wp\/v2\/posts\/86754","targetHints":{"allow":["GET"]}}],"collection":[{"href":"https:\/\/www.noticiasperfil.com\/index\/wp-json\/wp\/v2\/posts"}],"about":[{"href":"https:\/\/www.noticiasperfil.com\/index\/wp-json\/wp\/v2\/types\/post"}],"author":[{"embeddable":true,"href":"https:\/\/www.noticiasperfil.com\/index\/wp-json\/wp\/v2\/users\/1"}],"replies":[{"embeddable":true,"href":"https:\/\/www.noticiasperfil.com\/index\/wp-json\/wp\/v2\/comments?post=86754"}],"version-history":[{"count":1,"href":"https:\/\/www.noticiasperfil.com\/index\/wp-json\/wp\/v2\/posts\/86754\/revisions"}],"predecessor-version":[{"id":86760,"href":"https:\/\/www.noticiasperfil.com\/index\/wp-json\/wp\/v2\/posts\/86754\/revisions\/86760"}],"wp:attachment":[{"href":"https:\/\/www.noticiasperfil.com\/index\/wp-json\/wp\/v2\/media?parent=86754"}],"wp:term":[{"taxonomy":"category","embeddable":true,"href":"https:\/\/www.noticiasperfil.com\/index\/wp-json\/wp\/v2\/categories?post=86754"},{"taxonomy":"post_tag","embeddable":true,"href":"https:\/\/www.noticiasperfil.com\/index\/wp-json\/wp\/v2\/tags?post=86754"}],"curies":[{"name":"wp","href":"https:\/\/api.w.org\/{rel}","templated":true}]}}