{"id":91871,"date":"2022-09-21T19:40:56","date_gmt":"2022-09-22T00:40:56","guid":{"rendered":"https:\/\/www.noticiasperfil.com\/index\/?p=91871"},"modified":"2026-02-06T20:42:13","modified_gmt":"2026-02-07T02:42:13","slug":"turismo-alcaldes-y-cordoba","status":"publish","type":"post","link":"https:\/\/www.noticiasperfil.com\/index\/2022\/09\/21\/turismo-alcaldes-y-cordoba\/","title":{"rendered":"Turismo, alcaldes y C\u00f3rdoba"},"content":{"rendered":"\n<div class=\"wp-block-image\"><figure class=\"aligncenter size-full\"><img decoding=\"async\" src=\"https:\/\/i0.wp.com\/www.noticiasperfil.com\/index\/wp-content\/uploads\/2022\/09\/salto-eyipantla.jpg?w=640&#038;ssl=1\" alt=\"\" class=\"wp-image-91872\" data-recalc-dims=\"1\"\/><\/figure><\/div>\n\n\n\n<p><strong>Aqu\u00ed en los Tuxtlas y en los Llanos\/Por V\u00edctor Calder\u00f3n Azamar.<\/strong><\/p>\n\n\n\n<p>Este 27 de septiembre, se celebra el D\u00eda Mundial del Turismo y se conmemora con el prop\u00f3sito de generar conciencia entre la ciudadan\u00eda, acerca del valor social, cultural, pol\u00edtico y econ\u00f3mico que tiene esta actividad que le ha dado, un gran prestigio a los Tuxtlas, en torno a sus parajes y centros recreativos naturales.<\/p>\n\n\n\n<p>En Veracruz, la Industria sin chimenea, como se le conoce tambi\u00e9n al Sector Tur\u00edstico, es una principal fuente de empleo que impulsa el progreso econ\u00f3mico a nivel local, regional y estatal, incluyendo a los Tuxtlas, este rengl\u00f3n ofrece a hombres y mujeres, sobre todo aquellos que viven en comunidades rurales, la oportunidad de contar con micro empresas tur\u00edsticas, las cuales le dan movilidad econ\u00f3mica a varios municipios de nuestra entidad.<\/p>\n\n\n\n<p>Ninguna actividad econ\u00f3mica prospera de manera apartada, por este motivo el Gobierno de Veracruz, est\u00e1 siendo un interlocutor a trav\u00e9s del Diputado Rafael Fararoni Maga\u00f1a, el cual est\u00e1 dentro de la Comisi\u00f3n de Turismo de La Legislatura Local, quien trae un gran trabajo en esta \u00e1rea del Congreso Estatal, logrando estar cerca de los l\u00edderes de este sector productivo, gestionando se haga un turismo responsable y sostenible en las zonas tur\u00edsticas de la entidad y de esta forma se aproveche al m\u00e1ximo en cuanto a la promoci\u00f3n del enorme potencial que se tiene en todo el territorio Veracruzano, sobre todo en la regi\u00f3n de los Tuxtlas, en donde existen bellezas naturales indescriptibles.<\/p>\n\n\n\n<p><strong>Lekeras y Pi\u00f1er\u00edas<\/strong>&#8211; Una peculiaridad que no se puede regatear al Maestro Luis C\u00f3rdoba Ferm\u00e1n, es que desde tomo la jefatura de la m\u00e1xima Casa de Estudios de los Tuxtlas, el Instituto Tecnol\u00f3gico de Matacapan, el nuevo director marco la diferencia de aquellos emisarios del pasado que tuvieron un mal desempe\u00f1o educativo y administrativo. Hoy son otros tiempos en donde se construyen nuevas estructuras educativas que sin duda desplazaran a las tradicionales. De ah\u00ed que C\u00f3rdoba Ferm\u00e1n, cumple cabalmente su palabra, no cayendo en los descomunales desaciertos que cometieron las anteriores administraciones educativas. Por lo pronto el Maestro Luis C\u00f3rdoba Ferm\u00e1n, anda en las ligas mayores de la pol\u00edtica educativa\u2026\u2026\u2026\u2026\u2026\u2026\u2026\u2026.En Hueyapan de Ocampo, su alcalde Juan G\u00f3mez Mart\u00ednez, sigue sorprendiendo a propios y extra\u00f1os, el Edil no le ha bajado a su ritmo de trabajo, el cual inicia en punto de la siete de ma\u00f1ana y termina por la tarde\u2026\u2026\u2026\u2026\u2026\u2026.Lo mismo pasa all\u00e1 en el municipio de Playa Vicente en donde Urbano Bautista Mart\u00ednez, cumple con obras a sus gobernados\u2026\u2026\u2026\u2026\u2026.All\u00e1 en ciudad Isla, desde que llego al poder municipal, Gustavo Alfonso Mozoco, se not\u00f3 la disimilitud de aquellos que descaradamente engrosaron la billetera y sin ning\u00fan recato intentaron volver por mas, cuesti\u00f3n que no se cumpli\u00f3, ahora con la labor del alcalde Gustavo Mozoco, el gobierno municipal Morenista, sigue cumpliendo la palabra empe\u00f1ada, obras y m\u00e1s obras de inter\u00e9s colectivo\u2026\u2026\u2026\u2026\u2026\u2026\u2026..En Santiago Tuxtla, la alcaldesa Kristel Hern\u00e1ndez Topete, es una mujer prudente y de palabra, sigue cumpliendo con obras sus compromisos de campa\u00f1a .<\/p>\n\n\n\n<p>Y nos vemos en la otra.<\/p>\n","protected":false},"excerpt":{"rendered":"<p>Aqu\u00ed en los Tuxtlas y en los Llanos\/Por V\u00edctor Calder\u00f3n Azamar. Este 27 de septiembre, se celebra el D\u00eda Mundial del Turismo y se conmemora con el prop\u00f3sito de generar conciencia entre la ciudadan\u00eda, acerca del valor social, cultural, pol\u00edtico y econ\u00f3mico que tiene esta actividad que le ha dado, un gran prestigio a los Tuxtlas, en torno a sus parajes y centros recreativos naturales. En Veracruz, la Industria sin chimenea, como se le conoce tambi\u00e9n al Sector Tur\u00edstico, es una principal fuente de empleo que impulsa el progreso econ\u00f3mico&hellip;<\/p>\n","protected":false},"author":1,"featured_media":0,"comment_status":"closed","ping_status":"closed","sticky":false,"template":"","format":"standard","meta":{"footnotes":""},"categories":[3,8,6],"tags":[9801,6264,5564],"class_list":["post-91871","post","type-post","status-publish","format-standard","hentry","category-destacadas","category-opinion","category-zona-tuxtlas","tag-luis-miguel-cordoba-ferman","tag-rafael-fararoni-magana","tag-turismo-los-tuxtlas"],"jetpack-related-posts":[],"_links":{"self":[{"href":"https:\/\/www.noticiasperfil.com\/index\/wp-json\/wp\/v2\/posts\/91871","targetHints":{"allow":["GET"]}}],"collection":[{"href":"https:\/\/www.noticiasperfil.com\/index\/wp-json\/wp\/v2\/posts"}],"about":[{"href":"https:\/\/www.noticiasperfil.com\/index\/wp-json\/wp\/v2\/types\/post"}],"author":[{"embeddable":true,"href":"https:\/\/www.noticiasperfil.com\/index\/wp-json\/wp\/v2\/users\/1"}],"replies":[{"embeddable":true,"href":"https:\/\/www.noticiasperfil.com\/index\/wp-json\/wp\/v2\/comments?post=91871"}],"version-history":[{"count":1,"href":"https:\/\/www.noticiasperfil.com\/index\/wp-json\/wp\/v2\/posts\/91871\/revisions"}],"predecessor-version":[{"id":91873,"href":"https:\/\/www.noticiasperfil.com\/index\/wp-json\/wp\/v2\/posts\/91871\/revisions\/91873"}],"wp:attachment":[{"href":"https:\/\/www.noticiasperfil.com\/index\/wp-json\/wp\/v2\/media?parent=91871"}],"wp:term":[{"taxonomy":"category","embeddable":true,"href":"https:\/\/www.noticiasperfil.com\/index\/wp-json\/wp\/v2\/categories?post=91871"},{"taxonomy":"post_tag","embeddable":true,"href":"https:\/\/www.noticiasperfil.com\/index\/wp-json\/wp\/v2\/tags?post=91871"}],"curies":[{"name":"wp","href":"https:\/\/api.w.org\/{rel}","templated":true}]}}