{"id":92744,"date":"2022-10-07T11:45:52","date_gmt":"2022-10-07T16:45:52","guid":{"rendered":"https:\/\/www.noticiasperfil.com\/index\/?p=92744"},"modified":"2022-10-07T11:45:56","modified_gmt":"2022-10-07T16:45:56","slug":"hermida-por-la-educacion","status":"publish","type":"post","link":"https:\/\/www.noticiasperfil.com\/index\/2022\/10\/07\/hermida-por-la-educacion\/","title":{"rendered":"Hermida, por la educaci\u00f3n"},"content":{"rendered":"\n<div class=\"wp-block-image\"><figure class=\"aligncenter size-full\"><img decoding=\"async\" src=\"https:\/\/i0.wp.com\/www.noticiasperfil.com\/index\/wp-content\/uploads\/2021\/01\/sergio-gonzalez-levet.jpg?w=640&#038;ssl=1\" alt=\"\" class=\"wp-image-70935\" data-recalc-dims=\"1\"\/><\/figure><\/div>\n\n\n\n<p><strong>Sin Tacto\/Por Sergio Gonz\u00e1lez Levet.<\/strong><\/p>\n\n\n\n<p>Bien afirma el presidente Andr\u00e9s Manuel L\u00f3pez Obrador que el remedio para la inseguridad en M\u00e9xico no es la violencia contra la violencia, que el mejor remedio contra ella es la justicia, la educaci\u00f3n (libros contra las armas, dice la Primera Dama que no es Primera Dama).<\/p>\n\n\n\n<p>Y tienen raz\u00f3n. Aunque la educaci\u00f3n es una medida a largo plazo, es la m\u00e1s eficiente, si no es que la \u00fanica realmente adecuada. Por eso le atina muy bien el diputado local Miguel Hermida Copado, militante del PAN que gan\u00f3 limpiamente la elecci\u00f3n en junio de 2021 en el Distrito XV.<\/p>\n\n\n\n<p>Antes de ser legislador, Miguel Hermida fue regidor en la comuna porte\u00f1a de Fernando Yunes M\u00e1rquez y en esta condici\u00f3n se ech\u00f3 una tarea a cuestas; una tarea, en verdad, muy a tono con su objetivo porque ten\u00eda que ver con las escuelas del municipio m\u00e1s antiguo del continente americano.<\/p>\n\n\n\n<p>Y es que Miguel se dispuso trabajar en la obtenci\u00f3n de los t\u00edtulos de propiedad de muchas escuelas p\u00fablicas que no los tienen.<\/p>\n\n\n\n<p>He ah\u00ed un verdadero problema para la educaci\u00f3n oficial, miles y miles de planteles en toda la Rep\u00fablica fueron construidos en terrenos en v\u00edas de donaci\u00f3n y por eso no tienen las escrituras correspondientes. Eso es un problema porque la falta de esa documentaci\u00f3n le impide a las escuelas recibir una gran cantidad de beneficios.<\/p>\n\n\n\n<p>Y as\u00ed, el regidor Hermida comenz\u00f3 con el proceso de regularizaci\u00f3n de 32 escuelas del Puerto de Veracruz. Pero es una carrera larga, toda una marat\u00f3n, porque para completar el tr\u00e1mite se necesita mucho papeleo, muchos oficios haciendo peticiones diversas, mucho apoyo de los padres de familia, mucho trabajo de las autoridades de cada escuela, mucha disposici\u00f3n de la autoridad educativa estatal y de la federal.<\/p>\n\n\n\n<p>Y es adem\u00e1s un camino tortuoso, en el que el joven legislador ha acompa\u00f1ado hasta el final a nueve escuelas porte\u00f1as: dos que lograron su escrituraci\u00f3n el a\u00f1o pasado, y siete que est\u00e1n recibiendo su importante documento de propiedad apenas esta semana.<\/p>\n\n\n\n<p>Junto a diputados que se ven preocupados por asuntos balad\u00edes. Miguel Hermida Copado se dedica a hacer un mejor presente y garantizar un futuro m\u00e1s promisorio para los estudiantes veracruzanos. Gracias a su paciencia, a su consistencia, hay ahora nueve planteles que recibir\u00e1n apoyos dentro del presupuesto estatal, y eso no tiene precio para ellos.<\/p>\n\n\n\n<p>Pero su trabajo no ha terminado, y el diputado jarocho anunci\u00f3 su determinaci\u00f3n de no parar hasta que est\u00e9n totalmente regularizados los 23 planteles que le faltan de este primer paquete.<\/p>\n\n\n\n<p>Y a ellos seguir\u00e1n otros m\u00e1s.<\/p>\n\n\n\n<p>sglevet@gmail.com<\/p>\n","protected":false},"excerpt":{"rendered":"<p>Sin Tacto\/Por Sergio Gonz\u00e1lez Levet. Bien afirma el presidente Andr\u00e9s Manuel L\u00f3pez Obrador que el remedio para la inseguridad en M\u00e9xico no es la violencia contra la violencia, que el mejor remedio contra ella es la justicia, la educaci\u00f3n (libros contra las armas, dice la Primera Dama que no es Primera Dama). Y tienen raz\u00f3n. Aunque la educaci\u00f3n es una medida a largo plazo, es la m\u00e1s eficiente, si no es que la \u00fanica realmente adecuada. Por eso le atina muy bien el diputado local Miguel Hermida Copado, militante del&hellip;<\/p>\n","protected":false},"author":1,"featured_media":0,"comment_status":"closed","ping_status":"closed","sticky":false,"template":"","format":"standard","meta":{"footnotes":""},"categories":[8,14],"tags":[1332],"class_list":["post-92744","post","type-post","status-publish","format-standard","hentry","category-opinion","category-sin-tacto","tag-sergio-gonzalez-levet"],"jetpack-related-posts":[],"_links":{"self":[{"href":"https:\/\/www.noticiasperfil.com\/index\/wp-json\/wp\/v2\/posts\/92744","targetHints":{"allow":["GET"]}}],"collection":[{"href":"https:\/\/www.noticiasperfil.com\/index\/wp-json\/wp\/v2\/posts"}],"about":[{"href":"https:\/\/www.noticiasperfil.com\/index\/wp-json\/wp\/v2\/types\/post"}],"author":[{"embeddable":true,"href":"https:\/\/www.noticiasperfil.com\/index\/wp-json\/wp\/v2\/users\/1"}],"replies":[{"embeddable":true,"href":"https:\/\/www.noticiasperfil.com\/index\/wp-json\/wp\/v2\/comments?post=92744"}],"version-history":[{"count":1,"href":"https:\/\/www.noticiasperfil.com\/index\/wp-json\/wp\/v2\/posts\/92744\/revisions"}],"predecessor-version":[{"id":92745,"href":"https:\/\/www.noticiasperfil.com\/index\/wp-json\/wp\/v2\/posts\/92744\/revisions\/92745"}],"wp:attachment":[{"href":"https:\/\/www.noticiasperfil.com\/index\/wp-json\/wp\/v2\/media?parent=92744"}],"wp:term":[{"taxonomy":"category","embeddable":true,"href":"https:\/\/www.noticiasperfil.com\/index\/wp-json\/wp\/v2\/categories?post=92744"},{"taxonomy":"post_tag","embeddable":true,"href":"https:\/\/www.noticiasperfil.com\/index\/wp-json\/wp\/v2\/tags?post=92744"}],"curies":[{"name":"wp","href":"https:\/\/api.w.org\/{rel}","templated":true}]}}