{"id":97585,"date":"2023-02-22T16:36:35","date_gmt":"2023-02-22T22:36:35","guid":{"rendered":"https:\/\/www.noticiasperfil.com\/index\/?p=97585"},"modified":"2023-02-22T16:36:39","modified_gmt":"2023-02-22T22:36:39","slug":"en-catemaco-y-los-tuxtlas-convergen-magia-cultura-ancestral-y-una-gran-riqueza-natural-juan-javier-gomez-cazarin","status":"publish","type":"post","link":"https:\/\/www.noticiasperfil.com\/index\/2023\/02\/22\/en-catemaco-y-los-tuxtlas-convergen-magia-cultura-ancestral-y-una-gran-riqueza-natural-juan-javier-gomez-cazarin\/","title":{"rendered":"En Catemaco y Los Tuxtlas convergen magia, cultura ancestral y una gran riqueza natural: Juan Javier G\u00f3mez Cazar\u00edn"},"content":{"rendered":"\n<div class=\"wp-block-image\"><figure class=\"aligncenter size-full\"><img decoding=\"async\" src=\"https:\/\/i0.wp.com\/www.noticiasperfil.com\/index\/wp-content\/uploads\/2023\/02\/cazarin-primer-viernes-01.jpg?w=640&#038;ssl=1\" alt=\"\" class=\"wp-image-97586\" data-recalc-dims=\"1\"\/><\/figure><\/div>\n\n\n\n<p><em><strong>&#8211; El Presidente de la JUCOPO reconoci\u00f3 a autoridades municipales, prestadores de servicios, brujos y chamanes por impulsar el festival \u201cPrimer Viernes de Marzo\u201d.<\/strong><\/em><\/p>\n\n\n\n<p>Xalapa, Veracruz, 22 de febrero de 2023.- Tras invitar al turismo nacional e internacional a visitar Catemaco, este 3 y 4 de marzo, con motivo del \u201cPrimer Viernes de Marzo\u201d, el diputado local Juan Javier G\u00f3mez Cazar\u00edn reconoci\u00f3 la suma de voluntades de autoridades municipales, prestadores de servicios, brujos y chamanes para rescatar las tradiciones y el misticismo que caracteriza a la regi\u00f3n de Los Tuxtlas.<\/p>\n\n\n\n<p>\u201cCatemaco tiene mucho que ofrecerle al turismo, no s\u00f3lo en esta fecha, sino a lo largo de todo el a\u00f1o con sus atractivos naturales extraordinarios, sus eventos culturales, deportivos, su gastronom\u00eda y gran hospitalidad; sin duda, quien visita la regi\u00f3n se queda con el deseo de regresar pronto\u201d, expres\u00f3 al participar en la rueda de prensa donde se anunci\u00f3 el programa cultural y art\u00edstico del \u201cPrimer Viernes de Marzo 2023\u201d.<\/p>\n\n\n\n<p>El L\u00edder de la JUCOPO confi\u00f3 en que en este a\u00f1o se rebasar\u00e1n todas las expectativas de ocupaci\u00f3n hotelera, visitantes y derrama econ\u00f3mica del pasado, cuando a\u00fan se ten\u00edan los estragos de la pandemia por COVID.<\/p>\n\n\n\n<div class=\"wp-block-image\"><figure class=\"aligncenter size-full\"><img decoding=\"async\" src=\"https:\/\/i2.wp.com\/www.noticiasperfil.com\/index\/wp-content\/uploads\/2023\/02\/cazarin-primer-viernes-02.jpg?w=640&#038;ssl=1\" alt=\"\" class=\"wp-image-97587\" data-recalc-dims=\"1\"\/><\/figure><\/div>\n\n\n\n<p><br>De acuerdo a las autoridades municipales, durante el 2022, Catemaco recibi\u00f3 a cerca de cinco mil visitantes nacionales e internacionales, as\u00ed como a prensa extranjera que dio cuenta de los grandes atractivos naturales pero, sobre todo, de la magia y el misticismo que identifican a esta regi\u00f3n.<\/p>\n\n\n\n<p>En la rueda de prensa participaron, adem\u00e1s, la diputada Illya Escobar y el diputado Rafa Fararoni, as\u00ed como el presidente municipal de Catemaco, Juan Jos\u00e9 Rosario, y Jos\u00e9 L\u00f3pez Lendechy, jefe de la Unidad Administrativa de la Secretar\u00eda de Turismo y Cultura de Veracruz.<\/p>\n\n\n\n<p>En su oportunidad, Juan Jos\u00e9 Rosario, presidente municipal de Catemaco, reconoci\u00f3 el respaldo del presidente de la JUCOPO, Juan Javier G\u00f3mez Cazar\u00edn, por sumarse a las gestiones ante el gobernador Cuitl\u00e1huac Garc\u00eda Jim\u00e9nez para lograr la pavimentaci\u00f3n del acceso a Barra de Sontecomapan, as\u00ed como del reencarpetado de la carretera 180, haciendo extensivo su agradecimiento a los legisladores Illya Escobar y Rafa Fararoni.<\/p>\n\n\n\n<p>E invit\u00f3 a todo el pueblo de Veracruz y M\u00e9xico a visitar Catemaco, cuna de grandes civilizaciones, donde convergen lo m\u00e1gico, m\u00edstico y espiritual; cont\u00e1ndose con m\u00e1s de 30 hoteles con m\u00e1s de 400 habitaciones disponibles, una amplia variedad gastron\u00f3mica, reservas ecol\u00f3gicas, cascadas, lagunas y playas, para todo el p\u00fablico.<\/p>\n\n\n\n<p>En este evento promocional se cont\u00f3 con la presencia de los brujos, chamanes y curanderos que preservan la magia y la pr\u00e1ctica de las ciencias ocultas, como Jairo Antonio Herrera \u201cJaguar Nocturno\u201d, Felix Oseguera, maestro en ciencias ocultas; Tenoch, curandero y cham\u00e1n; Elia Belli, \u201cLa magia de la tierra\u201d; brujo \u201cEl Toro\u201d, \u201c\u00c1guila Celeste\u201d, brujo menor \u201cUnicornio Negro\u201d; \u00c1ngel Blanco, el hermano Juan, y el \u201cAhijado Brujo Mayor\u201d, quienes mostraron parte de sus rituales.<\/p>\n","protected":false},"excerpt":{"rendered":"<p>&#8211; El Presidente de la JUCOPO reconoci\u00f3 a autoridades municipales, prestadores de servicios, brujos y chamanes por impulsar el festival \u201cPrimer Viernes de Marzo\u201d. Xalapa, Veracruz, 22 de febrero de 2023.- Tras invitar al turismo nacional e internacional a visitar Catemaco, este 3 y 4 de marzo, con motivo del \u201cPrimer Viernes de Marzo\u201d, el diputado local Juan Javier G\u00f3mez Cazar\u00edn reconoci\u00f3 la suma de voluntades de autoridades municipales, prestadores de servicios, brujos y chamanes para rescatar las tradiciones y el misticismo que caracteriza a la regi\u00f3n de Los Tuxtlas.&hellip;<\/p>\n","protected":false},"author":1,"featured_media":0,"comment_status":"closed","ping_status":"closed","sticky":false,"template":"","format":"standard","meta":{"footnotes":""},"categories":[3,6],"tags":[4842,1130],"class_list":["post-97585","post","type-post","status-publish","format-standard","hentry","category-destacadas","category-zona-tuxtlas","tag-juan-javier-gomez-cazarin","tag-primer-viernes-de-marzo-catemaco"],"jetpack-related-posts":[],"_links":{"self":[{"href":"https:\/\/www.noticiasperfil.com\/index\/wp-json\/wp\/v2\/posts\/97585","targetHints":{"allow":["GET"]}}],"collection":[{"href":"https:\/\/www.noticiasperfil.com\/index\/wp-json\/wp\/v2\/posts"}],"about":[{"href":"https:\/\/www.noticiasperfil.com\/index\/wp-json\/wp\/v2\/types\/post"}],"author":[{"embeddable":true,"href":"https:\/\/www.noticiasperfil.com\/index\/wp-json\/wp\/v2\/users\/1"}],"replies":[{"embeddable":true,"href":"https:\/\/www.noticiasperfil.com\/index\/wp-json\/wp\/v2\/comments?post=97585"}],"version-history":[{"count":1,"href":"https:\/\/www.noticiasperfil.com\/index\/wp-json\/wp\/v2\/posts\/97585\/revisions"}],"predecessor-version":[{"id":97588,"href":"https:\/\/www.noticiasperfil.com\/index\/wp-json\/wp\/v2\/posts\/97585\/revisions\/97588"}],"wp:attachment":[{"href":"https:\/\/www.noticiasperfil.com\/index\/wp-json\/wp\/v2\/media?parent=97585"}],"wp:term":[{"taxonomy":"category","embeddable":true,"href":"https:\/\/www.noticiasperfil.com\/index\/wp-json\/wp\/v2\/categories?post=97585"},{"taxonomy":"post_tag","embeddable":true,"href":"https:\/\/www.noticiasperfil.com\/index\/wp-json\/wp\/v2\/tags?post=97585"}],"curies":[{"name":"wp","href":"https:\/\/api.w.org\/{rel}","templated":true}]}}