{"id":97589,"date":"2023-02-22T17:05:48","date_gmt":"2023-02-22T23:05:48","guid":{"rendered":"https:\/\/www.noticiasperfil.com\/index\/?p=97589"},"modified":"2023-02-22T17:05:53","modified_gmt":"2023-02-22T23:05:53","slug":"refrenda-diputado-gomez-cazarin-a-embajador-de-turquia-el-apoyo-solidario-de-veracruz","status":"publish","type":"post","link":"https:\/\/www.noticiasperfil.com\/index\/2023\/02\/22\/refrenda-diputado-gomez-cazarin-a-embajador-de-turquia-el-apoyo-solidario-de-veracruz\/","title":{"rendered":"Refrenda Diputado G\u00f3mez Cazar\u00edn a Embajador de Turqu\u00eda el apoyo solidario de Veracruz"},"content":{"rendered":"\n<div class=\"wp-block-image\"><figure class=\"aligncenter size-full\"><img decoding=\"async\" src=\"https:\/\/i2.wp.com\/www.noticiasperfil.com\/index\/wp-content\/uploads\/2023\/02\/cazarin-embajador.jpg?w=640&#038;ssl=1\" alt=\"\" class=\"wp-image-97590\" data-recalc-dims=\"1\"\/><\/figure><\/div>\n\n\n\n<ul class=\"wp-block-list\"><li><em><strong>Dialoga el legislador Juan Javier G\u00f3mez Cazar\u00edn con el diplom\u00e1tico turco, Ilhan Kemal Tug, sobre la respuesta favorable de la ciudadan\u00eda en la colecta de insumos para los afectados.<\/strong><\/em><\/li><\/ul>\n\n\n\n<p>Xalapa, Ver.- El presidente de la Junta de Coordinaci\u00f3n Pol\u00edtica (Jucopo) del Congreso del Estado, diputado Juan Javier G\u00f3mez Cazar\u00edn, estableci\u00f3 di\u00e1logo con el Embajador de Turqu\u00eda en M\u00e9xico, Ilhan Kemal Tug, quien expres\u00f3 su agradecimiento a las legisladoras y legisladores veracruzanos y a la sociedad en general por las m\u00e1s de 10 toneladas de v\u00edveres recolectadas y que ser\u00e1n enviadas para apoyar a la poblaci\u00f3n afectada tras los sismos registrados en d\u00edas pasados.<\/p>\n\n\n\n<p>En entrevista, enlazada por medio de un noticiero a nivel nacional, el diplom\u00e1tico turco expres\u00f3 el agradecimiento de sus connacionales hacia el pueblo de Veracruz y en especial a las diputadas y diputados que, en un acto de solidaridad, se sumaron de inmediato a la colecta de insumos que son necesarios en estos momentos para la zona afectada.<\/p>\n\n\n\n<p>Por su parte, el legislador Juan Javier G\u00f3mez Cazar\u00edn expres\u00f3 que M\u00e9xico es un pa\u00eds que tambi\u00e9n ha vivido las consecuencias de los sismos y sabe de las necesidades m\u00e1s apremiantes de la poblaci\u00f3n, \u00abla solidaridad de las y los mexicanos queda de manifiesto en este tipo de sucesos y es el reflejo del humanismo con que se conduce cada ciudadano de esta naci\u00f3n\u00bb.<\/p>\n\n\n\n<p>Tras externar la invitaci\u00f3n al diplom\u00e1tico turco para que visite el estado de Veracruz, el Diputado inform\u00f3 que, conforme a los trabajos de log\u00edstica, la ayuda recolectada en d\u00edas pasados se ha entregado en las instalaciones de la Ciudad de M\u00e9xico para que, desde ah\u00ed, sea remitida a Turqu\u00eda y distribuida entre las personas m\u00e1s necesitadas.<\/p>\n\n\n\n<p>Adem\u00e1s, agradeci\u00f3 a la poblaci\u00f3n veracruzana que hizo su entrega de apoyos en el Centro de Acopio instalado en el Congreso del Estado, \u00absin duda logramos una cantidad positiva de insumos y pusimos el ejemplo de ser un pueblo hermano, sensible y solidario\u00bb.<\/p>\n","protected":false},"excerpt":{"rendered":"<p>Dialoga el legislador Juan Javier G\u00f3mez Cazar\u00edn con el diplom\u00e1tico turco, Ilhan Kemal Tug, sobre la respuesta favorable de la ciudadan\u00eda en la colecta de insumos para los afectados. Xalapa, Ver.- El presidente de la Junta de Coordinaci\u00f3n Pol\u00edtica (Jucopo) del Congreso del Estado, diputado Juan Javier G\u00f3mez Cazar\u00edn, estableci\u00f3 di\u00e1logo con el Embajador de Turqu\u00eda en M\u00e9xico, Ilhan Kemal Tug, quien expres\u00f3 su agradecimiento a las legisladoras y legisladores veracruzanos y a la sociedad en general por las m\u00e1s de 10 toneladas de v\u00edveres recolectadas y que ser\u00e1n enviadas&hellip;<\/p>\n","protected":false},"author":1,"featured_media":0,"comment_status":"closed","ping_status":"closed","sticky":false,"template":"","format":"standard","meta":{"footnotes":""},"categories":[4],"tags":[305,4842],"class_list":["post-97589","post","type-post","status-publish","format-standard","hentry","category-estatal","tag-congreso-veracruz","tag-juan-javier-gomez-cazarin"],"jetpack-related-posts":[],"_links":{"self":[{"href":"https:\/\/www.noticiasperfil.com\/index\/wp-json\/wp\/v2\/posts\/97589","targetHints":{"allow":["GET"]}}],"collection":[{"href":"https:\/\/www.noticiasperfil.com\/index\/wp-json\/wp\/v2\/posts"}],"about":[{"href":"https:\/\/www.noticiasperfil.com\/index\/wp-json\/wp\/v2\/types\/post"}],"author":[{"embeddable":true,"href":"https:\/\/www.noticiasperfil.com\/index\/wp-json\/wp\/v2\/users\/1"}],"replies":[{"embeddable":true,"href":"https:\/\/www.noticiasperfil.com\/index\/wp-json\/wp\/v2\/comments?post=97589"}],"version-history":[{"count":1,"href":"https:\/\/www.noticiasperfil.com\/index\/wp-json\/wp\/v2\/posts\/97589\/revisions"}],"predecessor-version":[{"id":97591,"href":"https:\/\/www.noticiasperfil.com\/index\/wp-json\/wp\/v2\/posts\/97589\/revisions\/97591"}],"wp:attachment":[{"href":"https:\/\/www.noticiasperfil.com\/index\/wp-json\/wp\/v2\/media?parent=97589"}],"wp:term":[{"taxonomy":"category","embeddable":true,"href":"https:\/\/www.noticiasperfil.com\/index\/wp-json\/wp\/v2\/categories?post=97589"},{"taxonomy":"post_tag","embeddable":true,"href":"https:\/\/www.noticiasperfil.com\/index\/wp-json\/wp\/v2\/tags?post=97589"}],"curies":[{"name":"wp","href":"https:\/\/api.w.org\/{rel}","templated":true}]}}