{"id":98001,"date":"2023-03-06T12:00:44","date_gmt":"2023-03-06T18:00:44","guid":{"rendered":"https:\/\/www.noticiasperfil.com\/index\/?p=98001"},"modified":"2026-02-06T20:42:12","modified_gmt":"2026-02-07T02:42:12","slug":"cuitlahuac-cazarin-los-morenos","status":"publish","type":"post","link":"https:\/\/www.noticiasperfil.com\/index\/2023\/03\/06\/cuitlahuac-cazarin-los-morenos\/","title":{"rendered":"Cuitl\u00e1huac, Cazar\u00edn, los Morenos"},"content":{"rendered":"\n<div class=\"wp-block-image\"><figure class=\"aligncenter size-full\"><img decoding=\"async\" src=\"https:\/\/i1.wp.com\/www.noticiasperfil.com\/index\/wp-content\/uploads\/2023\/03\/cuiltlahuac-cazarin.jpg?w=640&#038;ssl=1\" alt=\"\" class=\"wp-image-98002\" data-recalc-dims=\"1\"\/><\/figure><\/div>\n\n\n\n<p><strong>Aqu\u00ed en los Tuxtlas y en los Llanos\/Por V\u00edctor Calder\u00f3n Azamar.<\/strong><\/p>\n\n\n\n<p>En pol\u00edtica hay mensajes que no pueden, ni deben pasar desapercibidos para entender, hacia donde van orientadas las acciones de quienes hacen pol\u00edtica en Veracruz.<\/p>\n\n\n\n<p>La cobertura medi\u00e1tica de Juan Javier G\u00f3mez Cazar\u00edn, en distintos puntos de la entidad, en donde a base de conciliaci\u00f3n y acuerdos, ha logrado unir a la clase Morenista y el arropamiento que ha tenido el Gobernador del Estado, Cuitl\u00e1huac Garc\u00eda Jim\u00e9nez, hacia la figura de Roci\u00f3 Nahle Garc\u00eda, convirtiendo a la todav\u00eda Secretaria de Energ\u00eda en la favorita hacia la candidatura a la gubernatura del 2024.<\/p>\n\n\n\n<p>Aunque el l\u00edder Morenista, Mario Delgado Carrillo, diga que todav\u00eda no hay definici\u00f3n en torno a quien ser\u00e1 el abanderado en Veracruz, porque a\u00fan no se cumplen los tiempos, los hechos hablan por s\u00ed solos.<\/p>\n\n\n\n<p>M\u00e1s all\u00e1 de los recelos, el proyecto de Roci\u00f3 Nhale, ha levantado popularidad entre la clase Morenista, creo que la vialidad de esta candidatura, no se desarrollar\u00e1 en funci\u00f3n de los sentimientos del Mandatario Veracruzano, si no de factores y circunstancias del juego pol\u00edtico, en suma, la orientaci\u00f3n de la sucesi\u00f3n Morenista en Veracruz, no estar\u00e1 marcada por cuestiones de confraternidad, sino por causas y eventualidades de peso pol\u00edtico y electoral.<\/p>\n\n\n\n<p>La posible nominaci\u00f3n de Roc\u00edo Nhale Garc\u00eda, no hay que verla como una se\u00f1al de debilidad de Morena, sino como un acto de cortes\u00eda y confianza de AMLO, hacia su aliado el Gobernador Cuitl\u00e1huac Garc\u00eda Jim\u00e9nez, porque si existiera un signo de endeblez en nuestra entidad, el mandatario nacional no estuviera inclinando su dedo hacia la mejor carta de Morena, la Ch\u00edo de Coatzacoalcos, quien va arriba en t\u00e9rminos de conocimiento, imagen y potencial de voto, seg\u00fan algunas encuestas, esta historia continuara.<\/p>\n\n\n\n<p><strong>Lekeras y Pi\u00f1er\u00edas- <\/strong>En Catemaco las tradicionales fiestas del Primer Viernes de Marzo, alcanzaron un gran \u00e9xito gracias al apoyo que otorgaron las autoridades municipales que encabeza, el Alcalde Juan Rosario Morales\u2026\u2026\u2026\u2026\u2026\u2026\u2026\u2026..En Santiago Tuxtla, destaca el liderazgo del Presidente de la Asociaci\u00f3n Ganadera, Ra\u00fal Vargas Mendoza, quien es un joven l\u00edder que est\u00e1 cumpliendo bien a los ganaderos de este importante municipio\u2026\u2026\u2026\u2026\u2026\u2026\u2026\u2026\u2026.En San Andr\u00e9s Tuxtla, tomo posesi\u00f3n como nuevo Jefe de la Jurisdicci\u00f3n Sanitaria No 10, el Dr. Jair Castillo Constantino, se trata de un galeno responsable que viene a poner orden en la pol\u00edtica sanitaria de esta dependencia\u2026\u2026\u2026\u2026\u2026\u2026..En el peque\u00f1o municipio de Saltabarranca, su alcalde Manuel Rojas Montane, no descansa en gestionar recursos para sus paisanos, sobre todo en cuanto a la pavimentaci\u00f3n de calles y el acondicionamiento de caminos vecinales, pero esto no termina aqu\u00ed las autoridades municipales ya preparan una magna fiesta para el mes de Mayo, en donde presentaran un programa musical de alto nivel para que se diviertan propios y extra\u00f1os y nos vemos en la otra.<\/p>\n","protected":false},"excerpt":{"rendered":"<p>Aqu\u00ed en los Tuxtlas y en los Llanos\/Por V\u00edctor Calder\u00f3n Azamar. En pol\u00edtica hay mensajes que no pueden, ni deben pasar desapercibidos para entender, hacia donde van orientadas las acciones de quienes hacen pol\u00edtica en Veracruz. La cobertura medi\u00e1tica de Juan Javier G\u00f3mez Cazar\u00edn, en distintos puntos de la entidad, en donde a base de conciliaci\u00f3n y acuerdos, ha logrado unir a la clase Morenista y el arropamiento que ha tenido el Gobernador del Estado, Cuitl\u00e1huac Garc\u00eda Jim\u00e9nez, hacia la figura de Roci\u00f3 Nahle Garc\u00eda, convirtiendo a la todav\u00eda Secretaria&hellip;<\/p>\n","protected":false},"author":1,"featured_media":0,"comment_status":"closed","ping_status":"closed","sticky":false,"template":"","format":"standard","meta":{"footnotes":""},"categories":[3,8,6],"tags":[4842],"class_list":["post-98001","post","type-post","status-publish","format-standard","hentry","category-destacadas","category-opinion","category-zona-tuxtlas","tag-juan-javier-gomez-cazarin"],"jetpack-related-posts":[],"_links":{"self":[{"href":"https:\/\/www.noticiasperfil.com\/index\/wp-json\/wp\/v2\/posts\/98001","targetHints":{"allow":["GET"]}}],"collection":[{"href":"https:\/\/www.noticiasperfil.com\/index\/wp-json\/wp\/v2\/posts"}],"about":[{"href":"https:\/\/www.noticiasperfil.com\/index\/wp-json\/wp\/v2\/types\/post"}],"author":[{"embeddable":true,"href":"https:\/\/www.noticiasperfil.com\/index\/wp-json\/wp\/v2\/users\/1"}],"replies":[{"embeddable":true,"href":"https:\/\/www.noticiasperfil.com\/index\/wp-json\/wp\/v2\/comments?post=98001"}],"version-history":[{"count":1,"href":"https:\/\/www.noticiasperfil.com\/index\/wp-json\/wp\/v2\/posts\/98001\/revisions"}],"predecessor-version":[{"id":98003,"href":"https:\/\/www.noticiasperfil.com\/index\/wp-json\/wp\/v2\/posts\/98001\/revisions\/98003"}],"wp:attachment":[{"href":"https:\/\/www.noticiasperfil.com\/index\/wp-json\/wp\/v2\/media?parent=98001"}],"wp:term":[{"taxonomy":"category","embeddable":true,"href":"https:\/\/www.noticiasperfil.com\/index\/wp-json\/wp\/v2\/categories?post=98001"},{"taxonomy":"post_tag","embeddable":true,"href":"https:\/\/www.noticiasperfil.com\/index\/wp-json\/wp\/v2\/tags?post=98001"}],"curies":[{"name":"wp","href":"https:\/\/api.w.org\/{rel}","templated":true}]}}