{"id":98099,"date":"2023-03-08T13:11:10","date_gmt":"2023-03-08T19:11:10","guid":{"rendered":"https:\/\/www.noticiasperfil.com\/index\/?p=98099"},"modified":"2023-03-08T13:11:24","modified_gmt":"2023-03-08T19:11:24","slug":"zona-cordoba-orizaba-sera-mas-competitiva-con-operacion-de-la-aeropista-juan-javier-gomez-cazarin","status":"publish","type":"post","link":"https:\/\/www.noticiasperfil.com\/index\/2023\/03\/08\/zona-cordoba-orizaba-sera-mas-competitiva-con-operacion-de-la-aeropista-juan-javier-gomez-cazarin\/","title":{"rendered":"Zona C\u00f3rdoba -Orizaba ser\u00e1 m\u00e1s competitiva con operaci\u00f3n de la aeropista: Juan Javier G\u00f3mez Cazar\u00edn"},"content":{"rendered":"\n<div class=\"wp-block-image\"><figure class=\"aligncenter size-full\"><img decoding=\"async\" src=\"https:\/\/i1.wp.com\/www.noticiasperfil.com\/index\/wp-content\/uploads\/2023\/03\/juan-javier-gomez-cazarin.jpg?w=640&#038;ssl=1\" alt=\"\" class=\"wp-image-98100\" data-recalc-dims=\"1\"\/><\/figure><\/div>\n\n\n\n<p><em><strong>&#8211; Celebr\u00f3 alianza entre gobiernos municipales y empresarios para reactivar el que fuera el segundo aer\u00f3dromo m\u00e1s importante del estado.<\/strong><\/em><br><em><strong>&#8211; Congreso de Veracruz aprob\u00f3 reintegrarla al patrimonio municipal, en atenci\u00f3n a solicitudes del Ayuntamiento cordob\u00e9s e iniciativa privada.<\/strong><\/em><\/p>\n\n\n\n<p>Xalapa, Ver.- Al reintegrar al patrimonio municipal de C\u00f3rdoba la aeropista Juan Antonio Perdomo D\u00edaz se busca que vuelva a ser un factor importante para el desarrollo industrial, comercial y tur\u00edstico de una de las zonas metropolitanas m\u00e1s importantes del estado como lo es la C\u00f3rdoba -Orizaba, se\u00f1al\u00f3 el diputado Juan Javier Gomez Cazarin, presidente de la Junta de Coordinaci\u00f3n Pol\u00edtica del Congreso local.<\/p>\n\n\n\n<p>Al respaldar el dictamen de la Comisi\u00f3n de Hacienda Municipal para dejar sin efecto la donaci\u00f3n a Gobierno del Estado, hecha por las autoridades municipales de C\u00f3rdoba en julio del 2022, se da respuesta a la petici\u00f3n del sector industrial y comercial de esta metr\u00f3polis para que dicho aer\u00f3dromo vuelva a prestar servicio dom\u00e9stico.<\/p>\n\n\n\n<p>El L\u00edder de la JUCOPO en la LXVI Legislatura record\u00f3 que dicha aeropista fue la segunda m\u00e1s importante en el estado en movimiento a\u00e9reo, prestando servicio privado y p\u00fablico, lo que contribuy\u00f3 al incremento de la actividad industrial y comercial.<\/p>\n\n\n\n<p>\u00abSiempre respaldaremos a las autoridades municipales que junto con los sectores productivos, y sociedad en su conjunto, suman esfuerzos para impulsar el desarrollo econ\u00f3mico y social de sus comunidades.<\/p>\n\n\n\n<p>Vemos que hay uni\u00f3n entre los gobiernos municipales con los industriales y empresarios de la metr\u00f3polis, por lo que confiamos plenamente en un exitoso relanzamiento de la aeropista de C\u00f3rdoba.<\/p>\n\n\n\n<p>Felicit\u00f3 al presidente municipal Juan Mart\u00ednez Flores por solicitar la reincorporaci\u00f3n de dicho bien y buscar la operaci\u00f3n de la aeropista en sociedad con los empresarios de C\u00f3rdoba y Orizaba, alianza que seguramente contribuir\u00e1 a atraer inversiones y reactivar el servicio a\u00e9reo de negocios y comercial.<\/p>\n\n\n\n<p>La delegaci\u00f3n de empresarios que acudi\u00f3 al Congreso local para atestiguar la aprobaci\u00f3n del dictamen por el cual la aeropista se reintegr\u00f3 a C\u00f3rdoba fue encabezada por Oth\u00f3n Porres Bueno y Jos\u00e9 Miguel Bueno Ross, sum\u00e1ndose representantes de c\u00e1maras empresariales.<\/p>\n","protected":false},"excerpt":{"rendered":"<p>&#8211; Celebr\u00f3 alianza entre gobiernos municipales y empresarios para reactivar el que fuera el segundo aer\u00f3dromo m\u00e1s importante del estado.&#8211; Congreso de Veracruz aprob\u00f3 reintegrarla al patrimonio municipal, en atenci\u00f3n a solicitudes del Ayuntamiento cordob\u00e9s e iniciativa privada. Xalapa, Ver.- Al reintegrar al patrimonio municipal de C\u00f3rdoba la aeropista Juan Antonio Perdomo D\u00edaz se busca que vuelva a ser un factor importante para el desarrollo industrial, comercial y tur\u00edstico de una de las zonas metropolitanas m\u00e1s importantes del estado como lo es la C\u00f3rdoba -Orizaba, se\u00f1al\u00f3 el diputado Juan Javier&hellip;<\/p>\n","protected":false},"author":1,"featured_media":0,"comment_status":"closed","ping_status":"closed","sticky":false,"template":"","format":"standard","meta":{"footnotes":""},"categories":[4],"tags":[4842],"class_list":["post-98099","post","type-post","status-publish","format-standard","hentry","category-estatal","tag-juan-javier-gomez-cazarin"],"jetpack-related-posts":[],"_links":{"self":[{"href":"https:\/\/www.noticiasperfil.com\/index\/wp-json\/wp\/v2\/posts\/98099","targetHints":{"allow":["GET"]}}],"collection":[{"href":"https:\/\/www.noticiasperfil.com\/index\/wp-json\/wp\/v2\/posts"}],"about":[{"href":"https:\/\/www.noticiasperfil.com\/index\/wp-json\/wp\/v2\/types\/post"}],"author":[{"embeddable":true,"href":"https:\/\/www.noticiasperfil.com\/index\/wp-json\/wp\/v2\/users\/1"}],"replies":[{"embeddable":true,"href":"https:\/\/www.noticiasperfil.com\/index\/wp-json\/wp\/v2\/comments?post=98099"}],"version-history":[{"count":1,"href":"https:\/\/www.noticiasperfil.com\/index\/wp-json\/wp\/v2\/posts\/98099\/revisions"}],"predecessor-version":[{"id":98101,"href":"https:\/\/www.noticiasperfil.com\/index\/wp-json\/wp\/v2\/posts\/98099\/revisions\/98101"}],"wp:attachment":[{"href":"https:\/\/www.noticiasperfil.com\/index\/wp-json\/wp\/v2\/media?parent=98099"}],"wp:term":[{"taxonomy":"category","embeddable":true,"href":"https:\/\/www.noticiasperfil.com\/index\/wp-json\/wp\/v2\/categories?post=98099"},{"taxonomy":"post_tag","embeddable":true,"href":"https:\/\/www.noticiasperfil.com\/index\/wp-json\/wp\/v2\/tags?post=98099"}],"curies":[{"name":"wp","href":"https:\/\/api.w.org\/{rel}","templated":true}]}}