{"id":98806,"date":"2023-03-30T19:58:02","date_gmt":"2023-03-31T01:58:02","guid":{"rendered":"https:\/\/www.noticiasperfil.com\/index\/?p=98806"},"modified":"2023-03-30T19:58:16","modified_gmt":"2023-03-31T01:58:16","slug":"playa-montepio-lista-para-recibir-turismo-diputado","status":"publish","type":"post","link":"https:\/\/www.noticiasperfil.com\/index\/2023\/03\/30\/playa-montepio-lista-para-recibir-turismo-diputado\/","title":{"rendered":"Playa Montepio lista para recibir turismo: Diputado"},"content":{"rendered":"\n<div class=\"wp-block-image\"><figure class=\"aligncenter size-large\"><img decoding=\"async\" src=\"https:\/\/i1.wp.com\/www.noticiasperfil.com\/index\/wp-content\/uploads\/2023\/03\/fararoni-02-1.jpg?fit=640%2C853&amp;ssl=1\" alt=\"\" class=\"wp-image-98807\"\/><\/figure><\/div>\n\n\n\n<ul class=\"wp-block-list\"><li><em><strong>A trav\u00e9s de \u00abVoluntarios Modelo\u00bb se realiz\u00f3 la limpieza de una de las playas m\u00e1s importantes de Los Tuxtlas.<\/strong><\/em><\/li><\/ul>\n\n\n\n<p>San Andr\u00e9s Tuxtla, Ver., 30 de marzo 2023. &#8211; \u00abEstamos unidos a favor de nuestras hermosas playas para que esta Semana Santa los turistas las encuentren limpias y listas para disfrutarlas\u00bb, expres\u00f3 el diputado local, Rafa Fararoni Maga\u00f1a.<\/p>\n\n\n\n<p>El representante del Distrito XXV, convoc\u00f3 a la ciudadan\u00eda a limpiar Montepio, una de las zonas tur\u00edsticas m\u00e1s conocidas de San Andr\u00e9s Tuxtla, que recibe miles de visitantes durante todo el a\u00f1o.<\/p>\n\n\n\n<figure class=\"wp-block-gallery has-nested-images columns-default is-cropped wp-block-gallery-1 is-layout-flex wp-block-gallery-is-layout-flex\">\n<figure class=\"wp-block-image size-large\"><img decoding=\"async\" data-id=\"98808\" src=\"https:\/\/i0.wp.com\/www.noticiasperfil.com\/index\/wp-content\/uploads\/2023\/03\/fararoni-01-1.jpg?fit=640%2C480&amp;ssl=1\" alt=\"\" class=\"wp-image-98808\"\/><\/figure>\n\n\n\n<figure class=\"wp-block-image size-large\"><img decoding=\"async\" data-id=\"98809\" src=\"https:\/\/i1.wp.com\/www.noticiasperfil.com\/index\/wp-content\/uploads\/2023\/03\/fararoni-03-1.jpg?fit=640%2C426&amp;ssl=1\" alt=\"\" class=\"wp-image-98809\"\/><\/figure>\n<\/figure>\n\n\n\n<p>Ante la cercan\u00eda de la temporada vacacional Semana Santa 2023, invit\u00f3 a la ciudadan\u00eda, a trav\u00e9s de \u00abVoluntarios Modelo\u00bb, a realizar este trabajo a favor tambi\u00e9n del medio ambiente.<\/p>\n\n\n\n<p>\u00abEl a\u00f1o pasado tambi\u00e9n tomamos esta iniciativa, porque muy aparte de que queramos que las visitas encuentren limpio, es nuestra responsabilidad con el planeta aportar este tipo acciones para disminuir la contaminaci\u00f3n. Estoy contento porque vinieron varias personas, varios se nos unieron\u00bb, manifest\u00f3.<\/p>\n\n\n\n<figure class=\"wp-block-gallery has-nested-images columns-default is-cropped wp-block-gallery-2 is-layout-flex wp-block-gallery-is-layout-flex\">\n<figure class=\"wp-block-image size-large\"><img decoding=\"async\" data-id=\"98811\" src=\"https:\/\/i1.wp.com\/www.noticiasperfil.com\/index\/wp-content\/uploads\/2023\/03\/fararoni-04-1.jpg?fit=640%2C426&amp;ssl=1\" alt=\"\" class=\"wp-image-98811\"\/><\/figure>\n\n\n\n<figure class=\"wp-block-image size-large\"><img decoding=\"async\" data-id=\"98810\" src=\"https:\/\/i0.wp.com\/www.noticiasperfil.com\/index\/wp-content\/uploads\/2023\/03\/fararoni-05.jpg?fit=640%2C426&amp;ssl=1\" alt=\"\" class=\"wp-image-98810\"\/><\/figure>\n<\/figure>\n\n\n\n<p>El legislador morenista, hizo un llamado a la poblaci\u00f3n del Distrito para que mantengan limpia sus ciudades y comunidades, ya que esto puede incrementar el atractivo de la regi\u00f3n de Los Tuxtlas, y con ello aumentar la derrama econ\u00f3mica para los prestadores de servicio de la zona.<\/p>\n\n\n\n<p>Finalmente, Fararoni Maga\u00f1a agradeci\u00f3 a palaperos de Monte Pio, pobladores de Los \u00d3rganos y Comoapan, el Tecnol\u00f3gico de SAT, escuelas de la Dos de Abril y la sociedad civil que, decidieron sumarse a esta iniciativa en favor del medio ambiente y el turismo local.<\/p>\n","protected":false},"excerpt":{"rendered":"<p>A trav\u00e9s de \u00abVoluntarios Modelo\u00bb se realiz\u00f3 la limpieza de una de las playas m\u00e1s importantes de Los Tuxtlas. San Andr\u00e9s Tuxtla, Ver., 30 de marzo 2023. &#8211; \u00abEstamos unidos a favor de nuestras hermosas playas para que esta Semana Santa los turistas las encuentren limpias y listas para disfrutarlas\u00bb, expres\u00f3 el diputado local, Rafa Fararoni Maga\u00f1a. El representante del Distrito XXV, convoc\u00f3 a la ciudadan\u00eda a limpiar Montepio, una de las zonas tur\u00edsticas m\u00e1s conocidas de San Andr\u00e9s Tuxtla, que recibe miles de visitantes durante todo el a\u00f1o. Ante&hellip;<\/p>\n","protected":false},"author":1,"featured_media":0,"comment_status":"closed","ping_status":"closed","sticky":false,"template":"","format":"standard","meta":{"footnotes":""},"categories":[3,12],"tags":[6264],"class_list":["post-98806","post","type-post","status-publish","format-standard","hentry","category-destacadas","category-san-andres-tuxtla","tag-rafael-fararoni-magana"],"jetpack-related-posts":[],"_links":{"self":[{"href":"https:\/\/www.noticiasperfil.com\/index\/wp-json\/wp\/v2\/posts\/98806","targetHints":{"allow":["GET"]}}],"collection":[{"href":"https:\/\/www.noticiasperfil.com\/index\/wp-json\/wp\/v2\/posts"}],"about":[{"href":"https:\/\/www.noticiasperfil.com\/index\/wp-json\/wp\/v2\/types\/post"}],"author":[{"embeddable":true,"href":"https:\/\/www.noticiasperfil.com\/index\/wp-json\/wp\/v2\/users\/1"}],"replies":[{"embeddable":true,"href":"https:\/\/www.noticiasperfil.com\/index\/wp-json\/wp\/v2\/comments?post=98806"}],"version-history":[{"count":1,"href":"https:\/\/www.noticiasperfil.com\/index\/wp-json\/wp\/v2\/posts\/98806\/revisions"}],"predecessor-version":[{"id":98812,"href":"https:\/\/www.noticiasperfil.com\/index\/wp-json\/wp\/v2\/posts\/98806\/revisions\/98812"}],"wp:attachment":[{"href":"https:\/\/www.noticiasperfil.com\/index\/wp-json\/wp\/v2\/media?parent=98806"}],"wp:term":[{"taxonomy":"category","embeddable":true,"href":"https:\/\/www.noticiasperfil.com\/index\/wp-json\/wp\/v2\/categories?post=98806"},{"taxonomy":"post_tag","embeddable":true,"href":"https:\/\/www.noticiasperfil.com\/index\/wp-json\/wp\/v2\/tags?post=98806"}],"curies":[{"name":"wp","href":"https:\/\/api.w.org\/{rel}","templated":true}]}}