{"id":99552,"date":"2023-04-27T19:06:52","date_gmt":"2023-04-28T00:06:52","guid":{"rendered":"https:\/\/www.noticiasperfil.com\/index\/?p=99552"},"modified":"2023-04-27T19:06:55","modified_gmt":"2023-04-28T00:06:55","slug":"participa-rafa-fararoni-en-panel-juventud-y-retos-laborales-sede-san-andres-tuxtla","status":"publish","type":"post","link":"https:\/\/www.noticiasperfil.com\/index\/2023\/04\/27\/participa-rafa-fararoni-en-panel-juventud-y-retos-laborales-sede-san-andres-tuxtla\/","title":{"rendered":"Participa Rafa Fararoni en panel \u201cJuventud y retos laborales\u201d sede San Andr\u00e9s Tuxtla"},"content":{"rendered":"\n<div class=\"wp-block-image\"><figure class=\"aligncenter size-large\"><img decoding=\"async\" src=\"https:\/\/i1.wp.com\/www.noticiasperfil.com\/index\/wp-content\/uploads\/2023\/04\/fararoni-02.jpeg?fit=640%2C480&amp;ssl=1\" alt=\"\" class=\"wp-image-99553\"\/><\/figure><\/div>\n\n\n\n<p>San Andr\u00e9s Tuxtla, Ver, 27 de abril 2023.- Las oportunidades laborales se incrementan cuando extiendes tus habilidades y te vuelves productivo, se\u00f1al\u00f3 el diputado local del Distrito XXV, Rafa Fararoni Maga\u00f1a.<\/p>\n\n\n\n<p>El legislador de los tuxtlas, particip\u00f3 este jueves en el panel \u201cJuventud y retos laborales\u201d, ante mil j\u00f3venes del Instituto Tecnol\u00f3gico de San Andr\u00e9s Tuxtla y preparatorias de la regi\u00f3n, donde tambi\u00e9n estuvo presente la titular de la Secretar\u00eda del Trabajo, Previsi\u00f3n Social y Productividad del Estado, Dorheny Cayetano.<\/p>\n\n\n\n<figure class=\"wp-block-gallery has-nested-images columns-default is-cropped wp-block-gallery-1 is-layout-flex wp-block-gallery-is-layout-flex\">\n<figure class=\"wp-block-image size-large\"><img decoding=\"async\" data-id=\"99556\" src=\"https:\/\/i2.wp.com\/www.noticiasperfil.com\/index\/wp-content\/uploads\/2023\/04\/fararoni-03.jpeg?fit=640%2C421&amp;ssl=1\" alt=\"\" class=\"wp-image-99556\"\/><\/figure>\n\n\n\n<figure class=\"wp-block-image size-large\"><img decoding=\"async\" data-id=\"99554\" src=\"https:\/\/i2.wp.com\/www.noticiasperfil.com\/index\/wp-content\/uploads\/2023\/04\/fararoni-04.jpeg?fit=640%2C853&amp;ssl=1\" alt=\"\" class=\"wp-image-99554\"\/><\/figure>\n\n\n\n<figure class=\"wp-block-image size-large\"><img decoding=\"async\" data-id=\"99555\" src=\"https:\/\/i2.wp.com\/www.noticiasperfil.com\/index\/wp-content\/uploads\/2023\/04\/fararoni-05.jpeg?fit=640%2C480&amp;ssl=1\" alt=\"\" class=\"wp-image-99555\"\/><\/figure>\n<\/figure>\n\n\n\n<p>El objetivo de esta iniciativa dirigida a la juventud tuxtleca es la de, proporcionar a las juventudes, herramientas para el desarrollo del pensamiento cr\u00edtico y el trabajo colaborativo, impulsando la comprensi\u00f3n de los problemas de su entorno; mejorando la gesti\u00f3n de proyectos, as\u00ed como la resoluci\u00f3n de problemas, facilitando con esto su incorporaci\u00f3n al mercado laboral.<\/p>\n\n\n\n<p>Al respecto, Fararoni Maga\u00f1a comparti\u00f3 con los presentes el reto que significa hoy en d\u00eda ser joven y enfrentarte a un mercado laboral extenso, pero a su vez peleado por miles de personas que buscan su primera oportunidad de entrar al mundo productivo.<\/p>\n\n\n\n<p>Es en ese sentido que refiri\u00f3, deben ubicar sus habilidades, expandirlas y trabajar sobre ello, ya que cada una de ellas les permitir\u00e1 adaptarse y reinventarse en una realidad inmersa en constantes cambios.<\/p>\n\n\n\n<figure class=\"wp-block-gallery has-nested-images columns-default is-cropped wp-block-gallery-2 is-layout-flex wp-block-gallery-is-layout-flex\">\n<figure class=\"wp-block-image size-large\"><img decoding=\"async\" data-id=\"99557\" src=\"https:\/\/i1.wp.com\/www.noticiasperfil.com\/index\/wp-content\/uploads\/2023\/04\/fararoni-06.jpeg?fit=640%2C480&amp;ssl=1\" alt=\"\" class=\"wp-image-99557\"\/><\/figure>\n\n\n\n<figure class=\"wp-block-image size-large\"><img decoding=\"async\" data-id=\"99558\" src=\"https:\/\/i2.wp.com\/www.noticiasperfil.com\/index\/wp-content\/uploads\/2023\/04\/fararoni-07.jpeg?fit=640%2C480&amp;ssl=1\" alt=\"\" class=\"wp-image-99558\"\/><\/figure>\n\n\n\n<figure class=\"wp-block-image size-large\"><img decoding=\"async\" data-id=\"99559\" src=\"https:\/\/i0.wp.com\/www.noticiasperfil.com\/index\/wp-content\/uploads\/2023\/04\/fararoni-08.jpeg?fit=640%2C480&amp;ssl=1\" alt=\"\" class=\"wp-image-99559\"\/><\/figure>\n<\/figure>\n\n\n\n<p>As\u00ed mismo, record\u00f3 que recientemente en el Senado de la Rep\u00fablica se aprob\u00f3 por unanimidad duplicar los d\u00edas de vacaciones laborales.<\/p>\n\n\n\n<p>Ahora la Ley Federal del Trabajo permitir\u00e1 disponer de un m\u00ednimo de 12 d\u00edas frente a los actuales; sumado a ello se propuso reducir las jornadas laborales a 40 horas m\u00e1s dos d\u00edas de descanso obligatorio.<\/p>\n\n\n\n<p>Esto con la idea de generar mayor productividad entre la poblaci\u00f3n obrera del pa\u00eds; sin embargo, manifest\u00f3 que la productividad no se trata muchas veces de hacer varias cosas a la vez, si no de aprovechar los tiempos establecidos en las actividades m\u00e1s importantes dentro de un espacio laboral, disminuyendo el margen de error, maximizando la eficiencia.<\/p>\n\n\n\n<p>En el evento tambi\u00e9n estuvieron presentes Luis Miguel C\u00f3rdoba Ferman, director del ITSSAT, Mariana Villalobos, directora ejecutiva en la empresa Diversin como panelista y el alcalde de Catemaco, Juan Rosario Morales.<\/p>\n","protected":false},"excerpt":{"rendered":"<p>San Andr\u00e9s Tuxtla, Ver, 27 de abril 2023.- Las oportunidades laborales se incrementan cuando extiendes tus habilidades y te vuelves productivo, se\u00f1al\u00f3 el diputado local del Distrito XXV, Rafa Fararoni Maga\u00f1a. El legislador de los tuxtlas, particip\u00f3 este jueves en el panel \u201cJuventud y retos laborales\u201d, ante mil j\u00f3venes del Instituto Tecnol\u00f3gico de San Andr\u00e9s Tuxtla y preparatorias de la regi\u00f3n, donde tambi\u00e9n estuvo presente la titular de la Secretar\u00eda del Trabajo, Previsi\u00f3n Social y Productividad del Estado, Dorheny Cayetano. El objetivo de esta iniciativa dirigida a la juventud tuxtleca&hellip;<\/p>\n","protected":false},"author":1,"featured_media":0,"comment_status":"closed","ping_status":"closed","sticky":false,"template":"","format":"standard","meta":{"footnotes":""},"categories":[3,12],"tags":[6264],"class_list":["post-99552","post","type-post","status-publish","format-standard","hentry","category-destacadas","category-san-andres-tuxtla","tag-rafael-fararoni-magana"],"jetpack-related-posts":[],"_links":{"self":[{"href":"https:\/\/www.noticiasperfil.com\/index\/wp-json\/wp\/v2\/posts\/99552","targetHints":{"allow":["GET"]}}],"collection":[{"href":"https:\/\/www.noticiasperfil.com\/index\/wp-json\/wp\/v2\/posts"}],"about":[{"href":"https:\/\/www.noticiasperfil.com\/index\/wp-json\/wp\/v2\/types\/post"}],"author":[{"embeddable":true,"href":"https:\/\/www.noticiasperfil.com\/index\/wp-json\/wp\/v2\/users\/1"}],"replies":[{"embeddable":true,"href":"https:\/\/www.noticiasperfil.com\/index\/wp-json\/wp\/v2\/comments?post=99552"}],"version-history":[{"count":1,"href":"https:\/\/www.noticiasperfil.com\/index\/wp-json\/wp\/v2\/posts\/99552\/revisions"}],"predecessor-version":[{"id":99560,"href":"https:\/\/www.noticiasperfil.com\/index\/wp-json\/wp\/v2\/posts\/99552\/revisions\/99560"}],"wp:attachment":[{"href":"https:\/\/www.noticiasperfil.com\/index\/wp-json\/wp\/v2\/media?parent=99552"}],"wp:term":[{"taxonomy":"category","embeddable":true,"href":"https:\/\/www.noticiasperfil.com\/index\/wp-json\/wp\/v2\/categories?post=99552"},{"taxonomy":"post_tag","embeddable":true,"href":"https:\/\/www.noticiasperfil.com\/index\/wp-json\/wp\/v2\/tags?post=99552"}],"curies":[{"name":"wp","href":"https:\/\/api.w.org\/{rel}","templated":true}]}}