{"id":99984,"date":"2023-05-16T11:43:52","date_gmt":"2023-05-16T16:43:52","guid":{"rendered":"https:\/\/www.noticiasperfil.com\/index\/?p=99984"},"modified":"2023-05-16T11:43:52","modified_gmt":"2023-05-16T16:43:52","slug":"con-el-magisterio-alianza-inquebrantable-por-una-educacion-progresista-y-transformadora-juan-javier-gomez-cazarin","status":"publish","type":"post","link":"https:\/\/www.noticiasperfil.com\/index\/2023\/05\/16\/con-el-magisterio-alianza-inquebrantable-por-una-educacion-progresista-y-transformadora-juan-javier-gomez-cazarin\/","title":{"rendered":"Con el magisterio, alianza inquebrantable por una educaci\u00f3n progresista y transformadora: Juan Javier G\u00f3mez Cazar\u00edn"},"content":{"rendered":"<p><img loading=\"lazy\" decoding=\"async\" class=\"aligncenter wp-image-99985 size-full\" src=\"https:\/\/i1.wp.com\/www.noticiasperfil.com\/index\/wp-content\/uploads\/2023\/05\/cazarin-01-1.jpg?resize=640%2C424&#038;ssl=1\" alt=\"\" width=\"640\" height=\"424\" data-recalc-dims=\"1\" \/><\/p>\n<ul>\n<li><em><strong>En la 4T se reconoce y valora la vocaci\u00f3n de miles de docentes; no volver\u00e1n las pol\u00edticas punitivas y privatizadoras a este sector, dijo.<\/strong><\/em><\/li>\n<\/ul>\n<p>Boca del R\u00edo, Ver.- \u201cCon el magisterio, el Poder Legislativo y Ejecutivo tienen una alianza inquebrantable por una educaci\u00f3n progresista y transformadora\u00bb, expres\u00f3 el diputado Juan Javier G\u00f3mez Cazar\u00edn, presidente de la Junta de Coordinaci\u00f3n Pol\u00edtica, del Congreso local, quien reconoci\u00f3 el esp\u00edritu de lucha y vocaci\u00f3n de los m\u00e1s de 160 mil maestras y maestros del estado.<\/p>\n<p>Al asistir a la entrega de reconocimientos a m\u00e1s de 5 mil maestras y maestros por parte de Gobierno del Estado, el Legislador morenista reiter\u00f3 que para garantizar una educaci\u00f3n de calidad, de excelencia, necesariamente se requiere revalorar el papel de las maestras y maestros, quienes a pesar de las carencias y el abandono hist\u00f3rico al sistema educativo estatal nunca dejaron de ense\u00f1ar y de inspirar a las y los alumnos a ser mejores.<\/p>\n<p>\u201cQuienes recibieron sus preseas por 30, 40, 50, y m\u00e1s a\u00f1os de servicio, son testigos fieles de las pol\u00edticas educativas equ\u00edvocas de gobiernos neoliberales, de las decisiones privatizadoras y punitivas plasmadas en la Reforma Educativa de Enrique Pe\u00f1a Nieto, quien, lejos de escucharlos, tomarlos en cuenta, s\u00f3lo buscaba responsabilizarlos y perseguirlos\u201d, dijo.<\/p>\n<p><img loading=\"lazy\" decoding=\"async\" class=\"aligncenter wp-image-99986 size-full\" src=\"https:\/\/i1.wp.com\/www.noticiasperfil.com\/index\/wp-content\/uploads\/2023\/05\/cazarin-02-1.jpg?resize=640%2C480&#038;ssl=1\" alt=\"\" width=\"640\" height=\"480\" data-recalc-dims=\"1\" \/><\/p>\n<p>G\u00f3mez Cazar\u00edn enfatiz\u00f3 que con los gobiernos de la #CuartaTransformaci\u00f3n existe un nuevo entendimiento, ya que hay una alianza a favor de la ni\u00f1ez y la juventud, de la educaci\u00f3n, bajo un modelo incluyente, progresista, de calidad; que atiende las necesidades de las escuelas y docentes, lo mismo de las zonas urbanas como de aquellos lugares serranos m\u00e1s apartados del estado.<\/p>\n<p>Al premiarse la trayectoria -por a\u00f1os de servicio- de maestras y maestros, por parte de la Secretar\u00eda de Educaci\u00f3n de Veracruz (SEV), el L\u00edder de la JUCOPO reconoci\u00f3 al gobernador Cuitl\u00e1huac Garc\u00eda Jim\u00e9nez por su compromiso con la educaci\u00f3n, que se traduce en generar condiciones favorables para el desempe\u00f1o de los docentes, pero, adem\u00e1s, por darles certeza laboral y cumplirles con el pago de sus prestaciones, afectadas por gobiernos ineficientes.<\/p>\n<p>\u201cTenemos a un Gobernador que es maestro, conocedor del sector educativo pero, sobre todo, que comprende las demandas del magisterio y, sin politiquer\u00edas, les ha dado puntual respuesta con hechos, no con palabras, como sus antecesores; ese esfuerzo lo respaldamos desde el Congreso de Veracruz, como lo fue echando abajo la Reforma Educativa de Pe\u00f1a Nieto e impulsando las reformas legislativas necesarias para consolidar a la Nueva Escuela Mexicana\u201d, destac\u00f3.<\/p>\n<p><img loading=\"lazy\" decoding=\"async\" class=\"aligncenter wp-image-99987 size-full\" src=\"https:\/\/i0.wp.com\/www.noticiasperfil.com\/index\/wp-content\/uploads\/2023\/05\/cazarin-03-1.jpg?resize=640%2C425&#038;ssl=1\" alt=\"\" width=\"640\" height=\"425\" data-recalc-dims=\"1\" \/><\/p>\n<p>Tambi\u00e9n felicit\u00f3 al secretario Zenyazen Escobar Garc\u00eda por combatir la corrupci\u00f3n y el saqueo del que fue v\u00edctima la SEV e impulsar infraestructura escolar sin precedente, as\u00ed como por darle certeza jur\u00eddica a miles de maestras y maestros.<\/p>\n<p>G\u00f3mez Cazar\u00edn particip\u00f3, junto con la diputada Mago Corro, presidenta de la Mesa Directiva del Congreso, y las legisladoras Lul\u00fa Ju\u00e1rez y Adriana Esther Mart\u00ednez, presidenta y vocal de la Comisi\u00f3n Permanente de Educaci\u00f3n, respectivamente, en la entrega de medallas a cinco mil 215 maestras y maestros por 30, 40, 50 y m\u00e1s a\u00f1os de servicio en los sistemas educativos estatal y federal.<\/p>\n","protected":false},"excerpt":{"rendered":"<p>En la 4T se reconoce y valora la vocaci\u00f3n de miles de docentes; no volver\u00e1n las pol\u00edticas punitivas y privatizadoras a este sector, dijo. Boca del R\u00edo, Ver.- \u201cCon el magisterio, el Poder Legislativo y Ejecutivo tienen una alianza inquebrantable por una educaci\u00f3n progresista y transformadora\u00bb, expres\u00f3 el diputado Juan Javier G\u00f3mez Cazar\u00edn, presidente de la Junta de Coordinaci\u00f3n Pol\u00edtica, del Congreso local, quien reconoci\u00f3 el esp\u00edritu de lucha y vocaci\u00f3n de los m\u00e1s de 160 mil maestras y maestros del estado. Al asistir a la entrega de reconocimientos a&hellip;<\/p>\n","protected":false},"author":1,"featured_media":0,"comment_status":"open","ping_status":"closed","sticky":false,"template":"","format":"standard","meta":{"footnotes":""},"categories":[3,4],"tags":[4842],"class_list":["post-99984","post","type-post","status-publish","format-standard","hentry","category-destacadas","category-estatal","tag-juan-javier-gomez-cazarin"],"jetpack-related-posts":[],"_links":{"self":[{"href":"https:\/\/www.noticiasperfil.com\/index\/wp-json\/wp\/v2\/posts\/99984","targetHints":{"allow":["GET"]}}],"collection":[{"href":"https:\/\/www.noticiasperfil.com\/index\/wp-json\/wp\/v2\/posts"}],"about":[{"href":"https:\/\/www.noticiasperfil.com\/index\/wp-json\/wp\/v2\/types\/post"}],"author":[{"embeddable":true,"href":"https:\/\/www.noticiasperfil.com\/index\/wp-json\/wp\/v2\/users\/1"}],"replies":[{"embeddable":true,"href":"https:\/\/www.noticiasperfil.com\/index\/wp-json\/wp\/v2\/comments?post=99984"}],"version-history":[{"count":2,"href":"https:\/\/www.noticiasperfil.com\/index\/wp-json\/wp\/v2\/posts\/99984\/revisions"}],"predecessor-version":[{"id":99989,"href":"https:\/\/www.noticiasperfil.com\/index\/wp-json\/wp\/v2\/posts\/99984\/revisions\/99989"}],"wp:attachment":[{"href":"https:\/\/www.noticiasperfil.com\/index\/wp-json\/wp\/v2\/media?parent=99984"}],"wp:term":[{"taxonomy":"category","embeddable":true,"href":"https:\/\/www.noticiasperfil.com\/index\/wp-json\/wp\/v2\/categories?post=99984"},{"taxonomy":"post_tag","embeddable":true,"href":"https:\/\/www.noticiasperfil.com\/index\/wp-json\/wp\/v2\/tags?post=99984"}],"curies":[{"name":"wp","href":"https:\/\/api.w.org\/{rel}","templated":true}]}}